{"id":16190,"date":"2020-11-15T23:01:38","date_gmt":"2020-11-16T02:01:38","guid":{"rendered":"https:\/\/temucotelevision.cl\/web\/?p=16190"},"modified":"2020-11-15T23:36:03","modified_gmt":"2020-11-16T02:36:03","slug":"declaracion-ante-propuesta-de-diputados-mellado-rathgeb-y-senadora-aravena-de-encargar-la-seguridad-el-ejercito","status":"publish","type":"post","link":"https:\/\/temucotelevision.cl\/web\/2020\/11\/15\/declaracion-ante-propuesta-de-diputados-mellado-rathgeb-y-senadora-aravena-de-encargar-la-seguridad-el-ejercito\/","title":{"rendered":"Declaraci\u00f3n ante propuesta de Diputados Mellado, Rathgeb y Senadora Aravena de encargar la seguridad el Ej\u00e9rcito"},"content":{"rendered":"<div class=\"pvc_clear\"><\/div><p id=\"pvc_stats_16190\" class=\"pvc_stats total_only  \" data-element-id=\"16190\" style=\"\"><i class=\"pvc-stats-icon large\" aria-hidden=\"true\"><svg aria-hidden=\"true\" focusable=\"false\" data-prefix=\"far\" data-icon=\"chart-bar\" role=\"img\" xmlns=\"http:\/\/www.w3.org\/2000\/svg\" viewBox=\"0 0 512 512\" class=\"svg-inline--fa fa-chart-bar fa-w-16 fa-2x\"><path fill=\"currentColor\" d=\"M396.8 352h22.4c6.4 0 12.8-6.4 12.8-12.8V108.8c0-6.4-6.4-12.8-12.8-12.8h-22.4c-6.4 0-12.8 6.4-12.8 12.8v230.4c0 6.4 6.4 12.8 12.8 12.8zm-192 0h22.4c6.4 0 12.8-6.4 12.8-12.8V140.8c0-6.4-6.4-12.8-12.8-12.8h-22.4c-6.4 0-12.8 6.4-12.8 12.8v198.4c0 6.4 6.4 12.8 12.8 12.8zm96 0h22.4c6.4 0 12.8-6.4 12.8-12.8V204.8c0-6.4-6.4-12.8-12.8-12.8h-22.4c-6.4 0-12.8 6.4-12.8 12.8v134.4c0 6.4 6.4 12.8 12.8 12.8zM496 400H48V80c0-8.84-7.16-16-16-16H16C7.16 64 0 71.16 0 80v336c0 17.67 14.33 32 32 32h464c8.84 0 16-7.16 16-16v-16c0-8.84-7.16-16-16-16zm-387.2-48h22.4c6.4 0 12.8-6.4 12.8-12.8v-70.4c0-6.4-6.4-12.8-12.8-12.8h-22.4c-6.4 0-12.8 6.4-12.8 12.8v70.4c0 6.4 6.4 12.8 12.8 12.8z\" class=\"\"><\/path><\/svg><\/i> <img loading=\"lazy\" decoding=\"async\" width=\"16\" height=\"16\" alt=\"Loading\" src=\"https:\/\/temucotelevision.cl\/web\/wp-content\/plugins\/page-views-count\/ajax-loader-2x.gif\" border=0 \/><\/p><div class=\"pvc_clear\"><\/div>\n<p>Distintas reacciones provoc\u00f3 una solicitud hacia el gobierno de encargar la seguridad al ej\u00e9rcito por parte de parlamentarios de La Araucan\u00eda.<\/p>\n\n\n\n<p>Declaraci\u00f3n:<\/p>\n\n\n\n<p>\u201cPARLAMENTAR PARA LA PAZ\u201d<\/p>\n\n\n\n<ol class=\"wp-block-list\"><li>Los abajo firmantes, personas naturales, organizaciones, dirigentes, colectivos, partidos y autoridades, rechazamos categ\u00f3ricamente el llamado que formularon este s\u00e1bado 14 de noviembre, los parlamentarios oficialistas (Diputados Jorge Rathgeb, Miguel Mellado y Senadora Aravena) con la propuesta de que sea el Ejercito el que se encargue de la seguridad en nuestra regi\u00f3n.<\/li><li>Est\u00e1 demostrado que la militarizaci\u00f3n en nuestra regi\u00f3n es una acci\u00f3n fracasada y que apunta en la direcci\u00f3n contraria frente a los esfuerzos que desde el pueblo chileno y desde el pueblo mapuche se est\u00e1n realizando para que sea el dialogo, el encuentro y la democracia lo que encauce el conflicto del Estado con el Pueblo Naci\u00f3n Mapuche.<\/li><li>Mientras el pa\u00eds ha definido la v\u00eda constitucional para construir un nuevo pacto social y m\u00e1s a\u00fan en medio de la conmemoraci\u00f3n del asesinato de Camilo Catrillanca, este tipo de llamados no contribuyen en nada en la construcci\u00f3n de la paz social que toda la comunidad regional anhela, sino que lo agudizan y tensionan. Recordamos que las causas de las actuales tensiones y controversias se originan a ra\u00edz de la denominada \u201cPacificaci\u00f3n de La Araucan\u00eda\u201d, donde se cometi\u00f3 genocidio en completa impunidad, toma y confiscaci\u00f3n del territorio y un gran da\u00f1o cultural. La Araucan\u00eda requiere &#8220;verdad, justicia, reparaci\u00f3n al da\u00f1o causado y un camino de reconciliaci\u00f3n\u201d.<\/li><li>Llamamos a los parlamentarios a no seguir con m\u00e1s de lo mismo, a no reemplazar la pol\u00edtica por la fuerza, a no reemplazar el dialogo por la militarizaci\u00f3n, les invitamos a combatir la inseguridad y la violencia con una mejor pol\u00edtica, con las armas de la educaci\u00f3n, de la conversaci\u00f3n Y de la negociaci\u00f3n, del parlamentar para la paz, con el objetivo de lograr acuerdos fecundos y duraderos que por tantas d\u00e9cadas le han negado a toda La Araucan\u00eda y particularmente, al pueblo mapuche.<\/li><li>Por \u00faltimo, invitamos al Intendente de La Araucan\u00eda, Victor Manoli, en su calidad de representante del Presidente de La Republica a rechazar esta errada propuesta que solo ponen en riesgo el Estado de Derecho y el Orden P\u00fablico debido a que el Ejercito no est\u00e1 preparado para asumir tareas de esta naturaleza. Convocar al Ej\u00e9rcito a resolver un problema pol\u00edtico-social, es se\u00f1al de no haber aprendido de los errores hist\u00f3ricos, el Ej\u00e9rcito no est\u00e1 para resolver conflictos pol\u00edticos, proponer esto es seguir involucrando a una instituci\u00f3n en una l\u00f3gica de \u201cguerra interna\u201d. Quienes invocan esta propuesta se deben resignar a convivir en democracia y asumir que los conflictos se resuelven de manera pac\u00edfica y parlamentando.<\/li><\/ol>\n\n\n\n<p>Comunidad sin Tierra, Galvarino<br>\nCentro de Investigaci\u00f3n y Promoci\u00f3n de Los Derechos Humanos &#8211; CINPRODH  <br>\nComunidad Venancio Huenulao Epu, Temuko  <br>\nRed por La Defensa de la Infancia Mapuche<br>\nCampamento \u201cEsfuerzo Porvenir\u201d, Temuco <br>\nJunta de Vecinos Los Caciques C, Padre Las Casas<br>\nCorporaci\u00f3n \u201cDefendamos Temuco\u201d<br>\nCorporaci\u00f3n Mapuche Enama <br>\nMovimiento Conciencia Ciudadana<br>\nGrupo Art\u00edstico Cultural Auki\u00f1ko, Temuco <br>\nComunidad Jose Cheuquean 2, Temuco<br>\nAgrupaci\u00f3n Mujeres &#8211; Comit\u00e9 Tiliuko, Temuco <br>\nJuventud Lof Rengalil <br>\nAlcald\u00eda Constituyente Temuko<br>\nAgrupaci\u00f3n de TV Comunitaria Abajo&#8217;e la linea \u2013 Temuco<br>\nColelo Identidad Mapuche<br>\nFicwallmapu, Festival Internacional de Cine y Las Artes Indigenas en Wallmapu <br>\nFundaci\u00f3n Cultural y Medio Ambiental Pillmayken<br>\nAsociaci\u00f3n Lafkenche Recolectora del Kollov, Familia Me\u00f1aco, Tirua<br>\nConvergencia Regionalista Eco-Social de La Araucania \u2013 Crea Koyang<br>\nAgrupaci\u00f3n Social de Ex \u2013 Prisioneros Pol\u00edticos y Torturados Ley Valech<br>\nAgrupaci\u00f3n Hortaliceras Folil Mapu  <\/p>\n\n\n\n<p>Elicura Chihuailaf, poeta, escritor, oralitor, Premio Nacional Literatura 2020.<br>\nJorge Pinto Rodr\u00edguez, Premio Nacional Historia 2012<\/p>\n\n\n\n<p>Eugenio Salas Olave, Artista Visual e Investigador Pueblos Originarios<br>\nFernando Huaiquil Paillal, Lonko Comunidad Ind\u00edgena Sin Tierra, Galvarino<br>\nVicente Painel, Encargado DD.HH Asociaci\u00f3n Investigaci\u00f3n y Desarrollo Mapuche \u2013 AID<br>\nRamiro Villarroel, escritor<br>\nAucan Huilcaman, Consejo de Todas Las Tierras <br>\nPaula M\u00e9ndez Huenuman, Colectivo Acci\u00f3n Social de Padre Las Casas<br>\nSamuel Morales, Dirigente Social, Galvarino<br>\nJos\u00e9 Figueroa, dirigente comit\u00e9 Pro Comuna de Labranza<br>\nFrancisco Cabellos Mart\u00ednez. Psic\u00f3logo, docente, gestor cultural. AXXIONA Desarrollo Humano y Paisajes Culturales Chile.<br>\nGonzalo Medina Vogel MV., Phd. Profesor Titular, Centro Investigaci\u00f3n para la Sustentabilidad, UNAB<br>\nTirso Neira Romero, Movimiento Conciencia Ciudadana<br>\nLuis Mauricio Ulbrich Basso, Movimiento Conciencia Ciudadana.<br>\nJaime Neira, Medico Salubrista<br>\nEduardo Rapim\u00e1n, Artista Visual  <br>\nArnoldo \u00d1anculef, vocero Parlamento Aut\u00f3nomo Mapuche &#8211; Koyag <br>\nGemita \u00c1lvarez, Fundaci\u00f3n Presente<br>\nJorge Romero, Fundaci\u00f3n Presente <br>\nJorge Huichalaf, Sociedad para Los Pueblos Amenazados, Alemania<br>\nMar\u00eda Paz Fuentealba San Mart\u00edn, Tec. Prevenci\u00f3n de Riesgos, Dirigente social  <br>\nAntonia Cartes, Colectiva Trans Temuco<br>\nMartha Su\u00e1rez Aros, Compa\u00f1\u00eda TITERIKE \u2013 Gorbea<br>\nIngrid Conejeros, Educadora, Agrupaci\u00f3n Tejedoras \u00d1erren pu Folil<br>\nCristina Silva Cachicas, Araucan\u00eda Inclusiva.<br>\nGeorgina Cornejo, Antrop\u00f3loga<br>\nDidier Zumelzu, Gestor Cultural <br>\nJerman Namoncura, dirigente sindical <br>\nHernan Curri\u00f1ir \u2013 Presidente Asociaci\u00f3n de Investigaci\u00f3n y Desarrollo Mapuche<br>\nConrado Zumelzu \u2013 Movimiento Asamblea Constituyente Araucan\u00eda.<br>\nUrsula Miranda, Dirigenta Sindical <\/p>\n\n\n\n<p>Juan Carlos Reinao, Alcalde de Renaico <br>\nManuel Painiequeo, Alcalde de Lumaco <br>\nAlfredo Riquelme, Alcalde de Teodoro Schmidt<br>\nFrancisco Huenchumilla, Senador de La Republica<br>\nRicardo Celis, Diputado de La Republica<br>\nDaniel Sandoval, Consejero Regional de La Araucan\u00eda<br>\nMiguel Jaramillo, Consejero Regional <br>\nMario Llancaleo, Concejal de Puerto Saavedra<br>\nLuis Hueraman, Concejal de Loncoche<br>\nJaime Beltr\u00e1n, Concejal de Villarrica <br>\nConstanza Saffirio, Concejala de Temuco <br>\nJos\u00e9 Millal\u00e9n, Consejero Nacional Mapuche ante Conadi <br>\nHernan Machuca, Concejal de Tolten<\/p>\n\n\n\n<p>Araucan\u00eda, Domingo, 15 de noviembre de 2020<\/p>\n","protected":false},"excerpt":{"rendered":"<div class=\"pvc_clear\"><\/div>\n<p id=\"pvc_stats_16190\" class=\"pvc_stats total_only  \" data-element-id=\"16190\" style=\"\"><i class=\"pvc-stats-icon large\" aria-hidden=\"true\"><svg aria-hidden=\"true\" focusable=\"false\" data-prefix=\"far\" data-icon=\"chart-bar\" role=\"img\" xmlns=\"http:\/\/www.w3.org\/2000\/svg\" viewBox=\"0 0 512 512\" class=\"svg-inline--fa fa-chart-bar fa-w-16 fa-2x\"><path fill=\"currentColor\" d=\"M396.8 352h22.4c6.4 0 12.8-6.4 12.8-12.8V108.8c0-6.4-6.4-12.8-12.8-12.8h-22.4c-6.4 0-12.8 6.4-12.8 12.8v230.4c0 6.4 6.4 12.8 12.8 12.8zm-192 0h22.4c6.4 0 12.8-6.4 12.8-12.8V140.8c0-6.4-6.4-12.8-12.8-12.8h-22.4c-6.4 0-12.8 6.4-12.8 12.8v198.4c0 6.4 6.4 12.8 12.8 12.8zm96 0h22.4c6.4 0 12.8-6.4 12.8-12.8V204.8c0-6.4-6.4-12.8-12.8-12.8h-22.4c-6.4 0-12.8 6.4-12.8 12.8v134.4c0 6.4 6.4 12.8 12.8 12.8zM496 400H48V80c0-8.84-7.16-16-16-16H16C7.16 64 0 71.16 0 80v336c0 17.67 14.33 32 32 32h464c8.84 0 16-7.16 16-16v-16c0-8.84-7.16-16-16-16zm-387.2-48h22.4c6.4 0 12.8-6.4 12.8-12.8v-70.4c0-6.4-6.4-12.8-12.8-12.8h-22.4c-6.4 0-12.8 6.4-12.8 12.8v70.4c0 6.4 6.4 12.8 12.8 12.8z\" class=\"\"><\/path><\/svg><\/i> <img loading=\"lazy\" decoding=\"async\" width=\"16\" height=\"16\" alt=\"Loading\" src=\"https:\/\/temucotelevision.cl\/web\/wp-content\/plugins\/page-views-count\/ajax-loader-2x.gif\" border=0 \/><\/p>\n<div class=\"pvc_clear\"><\/div>\n<p>Distintas reacciones provoc\u00f3 una solicitud hacia el gobierno de encargar la seguridad al ej\u00e9rcito por parte de parlamentarios de La<\/p>\n","protected":false},"author":1,"featured_media":16191,"comment_status":"open","ping_status":"open","sticky":false,"template":"","format":"standard","meta":{"colormag_page_container_layout":"default_layout","colormag_page_sidebar_layout":"default_layout","footnotes":""},"categories":[15,84],"tags":[2438,489],"class_list":["post-16190","post","type-post","status-publish","format-standard","has-post-thumbnail","hentry","category-la-araucania","category-politica","tag-declaracion","tag-rathgeb"],"a3_pvc":{"activated":true,"total_views":54,"today_views":0},"_links":{"self":[{"href":"https:\/\/temucotelevision.cl\/web\/wp-json\/wp\/v2\/posts\/16190","targetHints":{"allow":["GET"]}}],"collection":[{"href":"https:\/\/temucotelevision.cl\/web\/wp-json\/wp\/v2\/posts"}],"about":[{"href":"https:\/\/temucotelevision.cl\/web\/wp-json\/wp\/v2\/types\/post"}],"author":[{"embeddable":true,"href":"https:\/\/temucotelevision.cl\/web\/wp-json\/wp\/v2\/users\/1"}],"replies":[{"embeddable":true,"href":"https:\/\/temucotelevision.cl\/web\/wp-json\/wp\/v2\/comments?post=16190"}],"version-history":[{"count":3,"href":"https:\/\/temucotelevision.cl\/web\/wp-json\/wp\/v2\/posts\/16190\/revisions"}],"predecessor-version":[{"id":16194,"href":"https:\/\/temucotelevision.cl\/web\/wp-json\/wp\/v2\/posts\/16190\/revisions\/16194"}],"wp:featuredmedia":[{"embeddable":true,"href":"https:\/\/temucotelevision.cl\/web\/wp-json\/wp\/v2\/media\/16191"}],"wp:attachment":[{"href":"https:\/\/temucotelevision.cl\/web\/wp-json\/wp\/v2\/media?parent=16190"}],"wp:term":[{"taxonomy":"category","embeddable":true,"href":"https:\/\/temucotelevision.cl\/web\/wp-json\/wp\/v2\/categories?post=16190"},{"taxonomy":"post_tag","embeddable":true,"href":"https:\/\/temucotelevision.cl\/web\/wp-json\/wp\/v2\/tags?post=16190"}],"curies":[{"name":"wp","href":"https:\/\/api.w.org\/{rel}","templated":true}]}}