{"id":16187,"date":"2020-11-15T19:35:29","date_gmt":"2020-11-15T22:35:29","guid":{"rendered":"https:\/\/temucotelevision.cl\/web\/?p=16187"},"modified":"2020-11-15T19:35:32","modified_gmt":"2020-11-15T22:35:32","slug":"adione-estrena-su-segundo-sencillo-ya-no-tengo-tiempo","status":"publish","type":"post","link":"https:\/\/temucotelevision.cl\/web\/2020\/11\/15\/adione-estrena-su-segundo-sencillo-ya-no-tengo-tiempo\/","title":{"rendered":"Adione estrena su segundo sencillo &#8220;Ya no tengo tiempo&#8221;"},"content":{"rendered":"<div class=\"pvc_clear\"><\/div><p id=\"pvc_stats_16187\" class=\"pvc_stats total_only  \" data-element-id=\"16187\" style=\"\"><i class=\"pvc-stats-icon large\" aria-hidden=\"true\"><svg aria-hidden=\"true\" focusable=\"false\" data-prefix=\"far\" data-icon=\"chart-bar\" role=\"img\" xmlns=\"http:\/\/www.w3.org\/2000\/svg\" viewBox=\"0 0 512 512\" class=\"svg-inline--fa fa-chart-bar fa-w-16 fa-2x\"><path fill=\"currentColor\" d=\"M396.8 352h22.4c6.4 0 12.8-6.4 12.8-12.8V108.8c0-6.4-6.4-12.8-12.8-12.8h-22.4c-6.4 0-12.8 6.4-12.8 12.8v230.4c0 6.4 6.4 12.8 12.8 12.8zm-192 0h22.4c6.4 0 12.8-6.4 12.8-12.8V140.8c0-6.4-6.4-12.8-12.8-12.8h-22.4c-6.4 0-12.8 6.4-12.8 12.8v198.4c0 6.4 6.4 12.8 12.8 12.8zm96 0h22.4c6.4 0 12.8-6.4 12.8-12.8V204.8c0-6.4-6.4-12.8-12.8-12.8h-22.4c-6.4 0-12.8 6.4-12.8 12.8v134.4c0 6.4 6.4 12.8 12.8 12.8zM496 400H48V80c0-8.84-7.16-16-16-16H16C7.16 64 0 71.16 0 80v336c0 17.67 14.33 32 32 32h464c8.84 0 16-7.16 16-16v-16c0-8.84-7.16-16-16-16zm-387.2-48h22.4c6.4 0 12.8-6.4 12.8-12.8v-70.4c0-6.4-6.4-12.8-12.8-12.8h-22.4c-6.4 0-12.8 6.4-12.8 12.8v70.4c0 6.4 6.4 12.8 12.8 12.8z\" class=\"\"><\/path><\/svg><\/i> <img loading=\"lazy\" decoding=\"async\" width=\"16\" height=\"16\" alt=\"Loading\" src=\"https:\/\/temucotelevision.cl\/web\/wp-content\/plugins\/page-views-count\/ajax-loader-2x.gif\" border=0 \/><\/p><div class=\"pvc_clear\"><\/div>\n<p><strong>El chileno habla en esta nueva canci\u00f3n sobre la importancia de distribuir bien el tiempo en las personas que realmente valen la pena.<\/strong><\/p>\n\n\n\n<p>A fines de 2019 Carlos Araya, conocido como ADIONE, a sus 25 a\u00f1os firm\u00f3 contrato con Warner Music Chile como una forma de consolidar su incipiente carrera musical. Hoy edita su segunda carta de presentaci\u00f3n titulada \u201cYa no tengo tiempo\u201d, una canci\u00f3n que trata sobre la importancia de distribuir bien el tiempo entre las personas que realmente valen la pena, se enfoca en tener el suficiente amor propio para no aceptar nuevamente en tu vida a quienes te hicieron da\u00f1o, en este caso en una relaci\u00f3n de pareja.<\/p>\n\n\n\n<iframe loading=\"lazy\" width=\"560\" height=\"315\" src=\"https:\/\/www.youtube.com\/embed\/8IO6s8sLIT8\" frameborder=\"0\" allow=\"accelerometer; autoplay; clipboard-write; encrypted-media; gyroscope; picture-in-picture\" allowfullscreen><\/iframe>\n\n\n\n<p>La canci\u00f3n fue compuesta y grabada en Buenos Aires antes de la pandemia, y los \u00faltimos detalles fueron trabajados por el artista en su ciudad natal de Coquimbo durante la cuarentena, donde aprovech\u00f3 al m\u00e1ximo el tiempo de confinamiento, que le ha permitido adem\u00e1s seguir componiendo futuras canciones que esperan alg\u00fan d\u00eda formar parte de su primer \u00e1lbum de estudio.<\/p>\n\n\n\n<p>El sencillo viene de la mano de un videoclip dirigido por Sim\u00f3n Jarpa, quien mediante la animaci\u00f3n relata y transmite la historia de alguien que vive el desamor, pero en el momento en que todo mejora, cuando hay claridad y decides destinar tiempo a todo, menos a cierta persona que te hizo da\u00f1o.<\/p>\n","protected":false},"excerpt":{"rendered":"<div class=\"pvc_clear\"><\/div>\n<p id=\"pvc_stats_16187\" class=\"pvc_stats total_only  \" data-element-id=\"16187\" style=\"\"><i class=\"pvc-stats-icon large\" aria-hidden=\"true\"><svg aria-hidden=\"true\" focusable=\"false\" data-prefix=\"far\" data-icon=\"chart-bar\" role=\"img\" xmlns=\"http:\/\/www.w3.org\/2000\/svg\" viewBox=\"0 0 512 512\" class=\"svg-inline--fa fa-chart-bar fa-w-16 fa-2x\"><path fill=\"currentColor\" d=\"M396.8 352h22.4c6.4 0 12.8-6.4 12.8-12.8V108.8c0-6.4-6.4-12.8-12.8-12.8h-22.4c-6.4 0-12.8 6.4-12.8 12.8v230.4c0 6.4 6.4 12.8 12.8 12.8zm-192 0h22.4c6.4 0 12.8-6.4 12.8-12.8V140.8c0-6.4-6.4-12.8-12.8-12.8h-22.4c-6.4 0-12.8 6.4-12.8 12.8v198.4c0 6.4 6.4 12.8 12.8 12.8zm96 0h22.4c6.4 0 12.8-6.4 12.8-12.8V204.8c0-6.4-6.4-12.8-12.8-12.8h-22.4c-6.4 0-12.8 6.4-12.8 12.8v134.4c0 6.4 6.4 12.8 12.8 12.8zM496 400H48V80c0-8.84-7.16-16-16-16H16C7.16 64 0 71.16 0 80v336c0 17.67 14.33 32 32 32h464c8.84 0 16-7.16 16-16v-16c0-8.84-7.16-16-16-16zm-387.2-48h22.4c6.4 0 12.8-6.4 12.8-12.8v-70.4c0-6.4-6.4-12.8-12.8-12.8h-22.4c-6.4 0-12.8 6.4-12.8 12.8v70.4c0 6.4 6.4 12.8 12.8 12.8z\" class=\"\"><\/path><\/svg><\/i> <img loading=\"lazy\" decoding=\"async\" width=\"16\" height=\"16\" alt=\"Loading\" src=\"https:\/\/temucotelevision.cl\/web\/wp-content\/plugins\/page-views-count\/ajax-loader-2x.gif\" border=0 \/><\/p>\n<div class=\"pvc_clear\"><\/div>\n<p>El chileno habla en esta nueva canci\u00f3n sobre la importancia de distribuir bien el tiempo en las personas que realmente<\/p>\n","protected":false},"author":1,"featured_media":16188,"comment_status":"open","ping_status":"open","sticky":false,"template":"","format":"standard","meta":{"colormag_page_container_layout":"default_layout","colormag_page_sidebar_layout":"default_layout","footnotes":""},"categories":[369],"tags":[3201,580],"class_list":["post-16187","post","type-post","status-publish","format-standard","has-post-thumbnail","hentry","category-musica","tag-adione","tag-artista"],"a3_pvc":{"activated":true,"total_views":52,"today_views":0},"_links":{"self":[{"href":"https:\/\/temucotelevision.cl\/web\/wp-json\/wp\/v2\/posts\/16187","targetHints":{"allow":["GET"]}}],"collection":[{"href":"https:\/\/temucotelevision.cl\/web\/wp-json\/wp\/v2\/posts"}],"about":[{"href":"https:\/\/temucotelevision.cl\/web\/wp-json\/wp\/v2\/types\/post"}],"author":[{"embeddable":true,"href":"https:\/\/temucotelevision.cl\/web\/wp-json\/wp\/v2\/users\/1"}],"replies":[{"embeddable":true,"href":"https:\/\/temucotelevision.cl\/web\/wp-json\/wp\/v2\/comments?post=16187"}],"version-history":[{"count":1,"href":"https:\/\/temucotelevision.cl\/web\/wp-json\/wp\/v2\/posts\/16187\/revisions"}],"predecessor-version":[{"id":16189,"href":"https:\/\/temucotelevision.cl\/web\/wp-json\/wp\/v2\/posts\/16187\/revisions\/16189"}],"wp:featuredmedia":[{"embeddable":true,"href":"https:\/\/temucotelevision.cl\/web\/wp-json\/wp\/v2\/media\/16188"}],"wp:attachment":[{"href":"https:\/\/temucotelevision.cl\/web\/wp-json\/wp\/v2\/media?parent=16187"}],"wp:term":[{"taxonomy":"category","embeddable":true,"href":"https:\/\/temucotelevision.cl\/web\/wp-json\/wp\/v2\/categories?post=16187"},{"taxonomy":"post_tag","embeddable":true,"href":"https:\/\/temucotelevision.cl\/web\/wp-json\/wp\/v2\/tags?post=16187"}],"curies":[{"name":"wp","href":"https:\/\/api.w.org\/{rel}","templated":true}]}}