{"id":16185,"date":"2020-11-15T19:16:25","date_gmt":"2020-11-15T22:16:25","guid":{"rendered":"https:\/\/temucotelevision.cl\/web\/?p=16185"},"modified":"2020-11-15T19:16:27","modified_gmt":"2020-11-15T22:16:27","slug":"diputado-celis-a-ministro-paris-pongase-la-mano-en-el-corazon-y-la-otra-en-el-bolsillo","status":"publish","type":"post","link":"https:\/\/temucotelevision.cl\/web\/2020\/11\/15\/diputado-celis-a-ministro-paris-pongase-la-mano-en-el-corazon-y-la-otra-en-el-bolsillo\/","title":{"rendered":"Diputado Celis a Ministro Paris: &#8220;P\u00f3ngase la mano en el coraz\u00f3n y la otra en el bolsillo&#8221;"},"content":{"rendered":"<div class=\"pvc_clear\"><\/div><p id=\"pvc_stats_16185\" class=\"pvc_stats total_only  \" data-element-id=\"16185\" style=\"\"><i class=\"pvc-stats-icon large\" aria-hidden=\"true\"><svg aria-hidden=\"true\" focusable=\"false\" data-prefix=\"far\" data-icon=\"chart-bar\" role=\"img\" xmlns=\"http:\/\/www.w3.org\/2000\/svg\" viewBox=\"0 0 512 512\" class=\"svg-inline--fa fa-chart-bar fa-w-16 fa-2x\"><path fill=\"currentColor\" d=\"M396.8 352h22.4c6.4 0 12.8-6.4 12.8-12.8V108.8c0-6.4-6.4-12.8-12.8-12.8h-22.4c-6.4 0-12.8 6.4-12.8 12.8v230.4c0 6.4 6.4 12.8 12.8 12.8zm-192 0h22.4c6.4 0 12.8-6.4 12.8-12.8V140.8c0-6.4-6.4-12.8-12.8-12.8h-22.4c-6.4 0-12.8 6.4-12.8 12.8v198.4c0 6.4 6.4 12.8 12.8 12.8zm96 0h22.4c6.4 0 12.8-6.4 12.8-12.8V204.8c0-6.4-6.4-12.8-12.8-12.8h-22.4c-6.4 0-12.8 6.4-12.8 12.8v134.4c0 6.4 6.4 12.8 12.8 12.8zM496 400H48V80c0-8.84-7.16-16-16-16H16C7.16 64 0 71.16 0 80v336c0 17.67 14.33 32 32 32h464c8.84 0 16-7.16 16-16v-16c0-8.84-7.16-16-16-16zm-387.2-48h22.4c6.4 0 12.8-6.4 12.8-12.8v-70.4c0-6.4-6.4-12.8-12.8-12.8h-22.4c-6.4 0-12.8 6.4-12.8 12.8v70.4c0 6.4 6.4 12.8 12.8 12.8z\" class=\"\"><\/path><\/svg><\/i> <img loading=\"lazy\" decoding=\"async\" width=\"16\" height=\"16\" alt=\"Loading\" src=\"https:\/\/temucotelevision.cl\/web\/wp-content\/plugins\/page-views-count\/ajax-loader-2x.gif\" border=0 \/><\/p><div class=\"pvc_clear\"><\/div>\n<p>\u2022 Parlamentario solidariza con gremio de la salud en su paro por 48 horas&nbsp;<br>\u2022 Son muchos los incumplimientos del ministerio con los fondos para salud&nbsp;<br>\u2022 Si el Gobierno no da se\u00f1ales funcionarios seguir\u00e1n movilizados por la salud de los chilenos&nbsp;<\/p>\n\n\n\n<p>Su total apoyo a la movilizaci\u00f3n de los gremios de la salud manifest\u00f3 el diputado&nbsp;<br>Ricardo Celis, en alusi\u00f3n a la movilizaci\u00f3n por 48 horas iniciada por el sector y al cual adhirieron servicios de atenci\u00f3n p\u00fablica, de redes asistenciales y de atenci\u00f3n primaria de salud, hospitales, Cesfam y otros.&nbsp;<\/p>\n\n\n\n<p>\u201cDoy todo mi apoyo a la movilizaci\u00f3n de los gremios de la salud, pues est\u00e1n en una lucha correcta. Hay muchos incumplimientos -demasiados- desde el Ministerio de Salud, fundamentalmente con el per capita para el trabajo de atenci\u00f3n primaria y los fondos necesarios para abordar los temas del covid del pr\u00f3ximo a\u00f1o, como son trazabilidad y otras materias.&nbsp;<\/p>\n\n\n\n<p>El paro, iniciado el jueves, ha tenido en La Araucan\u00eda sobre 80% de adhesi\u00f3n, y busca un aumento de presupuesto en materia de salud primaria para el 2021 adem\u00e1s de una serie de compromisos incumplidos por parte de las autoridades. \u201cLa propuesta presupuestaria del Gobierno para la atenci\u00f3n primaria solo adiciona 162 pesos por cada usuario inscrito, siendo este el menor presupuesto en 10 a\u00f1os\u201d indic\u00f3 Carlos Mena, presidente regional de la Federaci\u00f3n de Funcionarios de la Salud Municipal, quien agrega que el per capita actual es de 7.211 pesos y proyectan un per capita hist\u00f3rico de 10.000 pese a que responde a las prestaciones del 2014, considerando que a la fecha se le han agregado 40 prestaciones nuevas dando un total de 129.&nbsp;<\/p>\n\n\n\n<p>\u201cHemos tenido que reconvertir nuestras funciones de acuerdo a la estructura organizacional que tenemos. Los espacios f\u00edsicos son reducidos y hay limitaciones que a la gente le hacen pensar que son situaciones poco dignas acerca del trato\u201d finaliza Mena, quien ve altas probabilidades que las movilizaciones contin\u00faen tras la reuni\u00f3n evaluativa del s\u00e1bado.&nbsp;<\/p>\n\n\n\n<p>Para Ricardo Celis, quien es m\u00e9dico de profesi\u00f3n y adem\u00e1s preside la Comisi\u00f3n de Salud de la C\u00e1mara de Diputadas y Diputados, es imperativo que el Ministro de Salud Enrique Paris tome cartas en el asunto: \u201cPor favor Ministro p\u00f3ngase la mano en el coraz\u00f3n y la mano en el bolsillo, porque los trabajadores van a seguir movilizados hasta que podamos asegurar la salud de todos los chilenos como se merecen y como Chile quiere hoy d\u00eda\u201d finaliz\u00f3 el legislador.&nbsp;&nbsp;<\/p>\n","protected":false},"excerpt":{"rendered":"<div class=\"pvc_clear\"><\/div>\n<p id=\"pvc_stats_16185\" class=\"pvc_stats total_only  \" data-element-id=\"16185\" style=\"\"><i class=\"pvc-stats-icon large\" aria-hidden=\"true\"><svg aria-hidden=\"true\" focusable=\"false\" data-prefix=\"far\" data-icon=\"chart-bar\" role=\"img\" xmlns=\"http:\/\/www.w3.org\/2000\/svg\" viewBox=\"0 0 512 512\" class=\"svg-inline--fa fa-chart-bar fa-w-16 fa-2x\"><path fill=\"currentColor\" d=\"M396.8 352h22.4c6.4 0 12.8-6.4 12.8-12.8V108.8c0-6.4-6.4-12.8-12.8-12.8h-22.4c-6.4 0-12.8 6.4-12.8 12.8v230.4c0 6.4 6.4 12.8 12.8 12.8zm-192 0h22.4c6.4 0 12.8-6.4 12.8-12.8V140.8c0-6.4-6.4-12.8-12.8-12.8h-22.4c-6.4 0-12.8 6.4-12.8 12.8v198.4c0 6.4 6.4 12.8 12.8 12.8zm96 0h22.4c6.4 0 12.8-6.4 12.8-12.8V204.8c0-6.4-6.4-12.8-12.8-12.8h-22.4c-6.4 0-12.8 6.4-12.8 12.8v134.4c0 6.4 6.4 12.8 12.8 12.8zM496 400H48V80c0-8.84-7.16-16-16-16H16C7.16 64 0 71.16 0 80v336c0 17.67 14.33 32 32 32h464c8.84 0 16-7.16 16-16v-16c0-8.84-7.16-16-16-16zm-387.2-48h22.4c6.4 0 12.8-6.4 12.8-12.8v-70.4c0-6.4-6.4-12.8-12.8-12.8h-22.4c-6.4 0-12.8 6.4-12.8 12.8v70.4c0 6.4 6.4 12.8 12.8 12.8z\" class=\"\"><\/path><\/svg><\/i> <img loading=\"lazy\" decoding=\"async\" width=\"16\" height=\"16\" alt=\"Loading\" src=\"https:\/\/temucotelevision.cl\/web\/wp-content\/plugins\/page-views-count\/ajax-loader-2x.gif\" border=0 \/><\/p>\n<div class=\"pvc_clear\"><\/div>\n<p>\u2022 Parlamentario solidariza con gremio de la salud en su paro por 48 horas&nbsp;\u2022 Son muchos los incumplimientos del ministerio<\/p>\n","protected":false},"author":1,"featured_media":14857,"comment_status":"open","ping_status":"open","sticky":false,"template":"","format":"standard","meta":{"colormag_page_container_layout":"default_layout","colormag_page_sidebar_layout":"default_layout","footnotes":""},"categories":[84],"tags":[131],"class_list":["post-16185","post","type-post","status-publish","format-standard","has-post-thumbnail","hentry","category-politica","tag-salud"],"a3_pvc":{"activated":true,"total_views":14,"today_views":0},"_links":{"self":[{"href":"https:\/\/temucotelevision.cl\/web\/wp-json\/wp\/v2\/posts\/16185","targetHints":{"allow":["GET"]}}],"collection":[{"href":"https:\/\/temucotelevision.cl\/web\/wp-json\/wp\/v2\/posts"}],"about":[{"href":"https:\/\/temucotelevision.cl\/web\/wp-json\/wp\/v2\/types\/post"}],"author":[{"embeddable":true,"href":"https:\/\/temucotelevision.cl\/web\/wp-json\/wp\/v2\/users\/1"}],"replies":[{"embeddable":true,"href":"https:\/\/temucotelevision.cl\/web\/wp-json\/wp\/v2\/comments?post=16185"}],"version-history":[{"count":1,"href":"https:\/\/temucotelevision.cl\/web\/wp-json\/wp\/v2\/posts\/16185\/revisions"}],"predecessor-version":[{"id":16186,"href":"https:\/\/temucotelevision.cl\/web\/wp-json\/wp\/v2\/posts\/16185\/revisions\/16186"}],"wp:featuredmedia":[{"embeddable":true,"href":"https:\/\/temucotelevision.cl\/web\/wp-json\/wp\/v2\/media\/14857"}],"wp:attachment":[{"href":"https:\/\/temucotelevision.cl\/web\/wp-json\/wp\/v2\/media?parent=16185"}],"wp:term":[{"taxonomy":"category","embeddable":true,"href":"https:\/\/temucotelevision.cl\/web\/wp-json\/wp\/v2\/categories?post=16185"},{"taxonomy":"post_tag","embeddable":true,"href":"https:\/\/temucotelevision.cl\/web\/wp-json\/wp\/v2\/tags?post=16185"}],"curies":[{"name":"wp","href":"https:\/\/api.w.org\/{rel}","templated":true}]}}