{"id":1617,"date":"2019-02-20T12:24:27","date_gmt":"2019-02-20T15:24:27","guid":{"rendered":"https:\/\/temucotelevision.cl\/web\/?p=1617"},"modified":"2019-02-20T19:01:48","modified_gmt":"2019-02-20T22:01:48","slug":"mas-de-12-mil-incondicionales-acompanaron-a-luis-miguel-en-su-noche-debut","status":"publish","type":"post","link":"https:\/\/temucotelevision.cl\/web\/2019\/02\/20\/mas-de-12-mil-incondicionales-acompanaron-a-luis-miguel-en-su-noche-debut\/","title":{"rendered":"M\u00e1s de 12 mil incondicionales acompa\u00f1aron a Luis Miguel en su noche debut"},"content":{"rendered":"<div class=\"pvc_clear\"><\/div>\n<p id=\"pvc_stats_1617\" class=\"pvc_stats total_only  \" data-element-id=\"1617\" style=\"\"><i class=\"pvc-stats-icon large\" aria-hidden=\"true\"><svg aria-hidden=\"true\" focusable=\"false\" data-prefix=\"far\" data-icon=\"chart-bar\" role=\"img\" xmlns=\"http:\/\/www.w3.org\/2000\/svg\" viewBox=\"0 0 512 512\" class=\"svg-inline--fa fa-chart-bar fa-w-16 fa-2x\"><path fill=\"currentColor\" d=\"M396.8 352h22.4c6.4 0 12.8-6.4 12.8-12.8V108.8c0-6.4-6.4-12.8-12.8-12.8h-22.4c-6.4 0-12.8 6.4-12.8 12.8v230.4c0 6.4 6.4 12.8 12.8 12.8zm-192 0h22.4c6.4 0 12.8-6.4 12.8-12.8V140.8c0-6.4-6.4-12.8-12.8-12.8h-22.4c-6.4 0-12.8 6.4-12.8 12.8v198.4c0 6.4 6.4 12.8 12.8 12.8zm96 0h22.4c6.4 0 12.8-6.4 12.8-12.8V204.8c0-6.4-6.4-12.8-12.8-12.8h-22.4c-6.4 0-12.8 6.4-12.8 12.8v134.4c0 6.4 6.4 12.8 12.8 12.8zM496 400H48V80c0-8.84-7.16-16-16-16H16C7.16 64 0 71.16 0 80v336c0 17.67 14.33 32 32 32h464c8.84 0 16-7.16 16-16v-16c0-8.84-7.16-16-16-16zm-387.2-48h22.4c6.4 0 12.8-6.4 12.8-12.8v-70.4c0-6.4-6.4-12.8-12.8-12.8h-22.4c-6.4 0-12.8 6.4-12.8 12.8v70.4c0 6.4 6.4 12.8 12.8 12.8z\" class=\"\"><\/path><\/svg><\/i> <img loading=\"lazy\" decoding=\"async\" width=\"16\" height=\"16\" alt=\"Loading\" src=\"https:\/\/temucotelevision.cl\/web\/wp-content\/plugins\/page-views-count\/ajax-loader-2x.gif\" border=0 \/><\/p>\n<div class=\"pvc_clear\"><\/div>\n<p style=\"text-align: justify;\">La primera de las cuatro noches en que Luis Miguel se reencontr\u00f3 con sus fans en Chile, se transform\u00f3 en una jornada en la que m\u00e1s de doce mil almas se entregaron a las canciones y \u00e9xitos del \u00eddolo indiscutido de la m\u00fasica latina de las \u00faltimas d\u00e9cadas. Eso ha quedado confirmado en esta primera noche.<\/p>\n<p style=\"text-align: justify;\">Es as\u00ed como sol de M\u00e9xico cumpli\u00f3 todas las expectativas en su debut para volver y hacer brillar las pr\u00f3ximas noches capitalinas en un Movistar Arena desbordado de fieles seguidores que lo han acompa\u00f1ado en sus 36 a\u00f1os de trayectoria.<\/p>\n<p style=\"text-align: justify;\">Su \u00e9xito \u201cSi t\u00fa te vas&#8221; abri\u00f3 el encuentro musical, desencadenando la euforia general del p\u00fablico, confirmando que las incondicionales lo esperaban con el coraz\u00f3n abierto.<\/p>\n<p style=\"text-align: justify;\">La noche se llen\u00f3 de m\u00fasica y \u00e9xitos. Las canciones cl\u00e1sicas fueron parte del repertorio que conforma esta gira, y que comenz\u00f3 en Chile su tramo por Latinoam\u00e9rica.<\/p>\n<p style=\"text-align: justify;\">Luis Miguel es un maestro sobre el escenario, manejando los tiempos, la voz, la intensidad y la emoci\u00f3n. Un artista que es y seguir\u00e1 siendo uno de los cantantes latinoamericanos m\u00e1s importante de todos los tiempos.<\/p>\n","protected":false},"excerpt":{"rendered":"<div class=\"pvc_clear\"><\/div>\n<p id=\"pvc_stats_1617\" class=\"pvc_stats total_only  \" data-element-id=\"1617\" style=\"\"><i class=\"pvc-stats-icon large\" aria-hidden=\"true\"><svg aria-hidden=\"true\" focusable=\"false\" data-prefix=\"far\" data-icon=\"chart-bar\" role=\"img\" xmlns=\"http:\/\/www.w3.org\/2000\/svg\" viewBox=\"0 0 512 512\" class=\"svg-inline--fa fa-chart-bar fa-w-16 fa-2x\"><path fill=\"currentColor\" d=\"M396.8 352h22.4c6.4 0 12.8-6.4 12.8-12.8V108.8c0-6.4-6.4-12.8-12.8-12.8h-22.4c-6.4 0-12.8 6.4-12.8 12.8v230.4c0 6.4 6.4 12.8 12.8 12.8zm-192 0h22.4c6.4 0 12.8-6.4 12.8-12.8V140.8c0-6.4-6.4-12.8-12.8-12.8h-22.4c-6.4 0-12.8 6.4-12.8 12.8v198.4c0 6.4 6.4 12.8 12.8 12.8zm96 0h22.4c6.4 0 12.8-6.4 12.8-12.8V204.8c0-6.4-6.4-12.8-12.8-12.8h-22.4c-6.4 0-12.8 6.4-12.8 12.8v134.4c0 6.4 6.4 12.8 12.8 12.8zM496 400H48V80c0-8.84-7.16-16-16-16H16C7.16 64 0 71.16 0 80v336c0 17.67 14.33 32 32 32h464c8.84 0 16-7.16 16-16v-16c0-8.84-7.16-16-16-16zm-387.2-48h22.4c6.4 0 12.8-6.4 12.8-12.8v-70.4c0-6.4-6.4-12.8-12.8-12.8h-22.4c-6.4 0-12.8 6.4-12.8 12.8v70.4c0 6.4 6.4 12.8 12.8 12.8z\" class=\"\"><\/path><\/svg><\/i> <img loading=\"lazy\" decoding=\"async\" width=\"16\" height=\"16\" alt=\"Loading\" src=\"https:\/\/temucotelevision.cl\/web\/wp-content\/plugins\/page-views-count\/ajax-loader-2x.gif\" border=0 \/><\/p>\n<div class=\"pvc_clear\"><\/div>\n<p>La primera de las cuatro noches en que Luis Miguel se reencontr\u00f3 con sus fans en Chile, se transform\u00f3 en<\/p>\n","protected":false},"author":1,"featured_media":1618,"comment_status":"open","ping_status":"open","sticky":false,"template":"","format":"standard","meta":{"colormag_page_container_layout":"default_layout","colormag_page_sidebar_layout":"default_layout","footnotes":""},"categories":[369],"tags":[580,105,579,581,578],"class_list":["post-1617","post","type-post","status-publish","format-standard","has-post-thumbnail","hentry","category-musica","tag-artista","tag-chile","tag-debut","tag-gira","tag-luis-miguel"],"a3_pvc":{"activated":true,"total_views":168,"today_views":1},"_links":{"self":[{"href":"https:\/\/temucotelevision.cl\/web\/wp-json\/wp\/v2\/posts\/1617","targetHints":{"allow":["GET"]}}],"collection":[{"href":"https:\/\/temucotelevision.cl\/web\/wp-json\/wp\/v2\/posts"}],"about":[{"href":"https:\/\/temucotelevision.cl\/web\/wp-json\/wp\/v2\/types\/post"}],"author":[{"embeddable":true,"href":"https:\/\/temucotelevision.cl\/web\/wp-json\/wp\/v2\/users\/1"}],"replies":[{"embeddable":true,"href":"https:\/\/temucotelevision.cl\/web\/wp-json\/wp\/v2\/comments?post=1617"}],"version-history":[{"count":1,"href":"https:\/\/temucotelevision.cl\/web\/wp-json\/wp\/v2\/posts\/1617\/revisions"}],"predecessor-version":[{"id":1619,"href":"https:\/\/temucotelevision.cl\/web\/wp-json\/wp\/v2\/posts\/1617\/revisions\/1619"}],"wp:featuredmedia":[{"embeddable":true,"href":"https:\/\/temucotelevision.cl\/web\/wp-json\/wp\/v2\/media\/1618"}],"wp:attachment":[{"href":"https:\/\/temucotelevision.cl\/web\/wp-json\/wp\/v2\/media?parent=1617"}],"wp:term":[{"taxonomy":"category","embeddable":true,"href":"https:\/\/temucotelevision.cl\/web\/wp-json\/wp\/v2\/categories?post=1617"},{"taxonomy":"post_tag","embeddable":true,"href":"https:\/\/temucotelevision.cl\/web\/wp-json\/wp\/v2\/tags?post=1617"}],"curies":[{"name":"wp","href":"https:\/\/api.w.org\/{rel}","templated":true}]}}