{"id":16162,"date":"2020-11-15T18:32:33","date_gmt":"2020-11-15T21:32:33","guid":{"rendered":"https:\/\/temucotelevision.cl\/web\/?p=16162"},"modified":"2020-11-15T18:32:35","modified_gmt":"2020-11-15T21:32:35","slug":"diputado-rathgeb-por-hechos-de-violencia-de-las-ultimas-horas-si-todos-condenan-el-gobierno-puede-actuar-de-manera-drastica%ef%bb%bf","status":"publish","type":"post","link":"https:\/\/temucotelevision.cl\/web\/2020\/11\/15\/diputado-rathgeb-por-hechos-de-violencia-de-las-ultimas-horas-si-todos-condenan-el-gobierno-puede-actuar-de-manera-drastica%ef%bb%bf\/","title":{"rendered":"Diputado Rathgeb por hechos de violencia de las \u00faltimas horas: \u201cSi todos condenan, el Gobierno puede actuar de manera dr\u00e1stica\u201d\ufeff"},"content":{"rendered":"<div class=\"pvc_clear\"><\/div><p id=\"pvc_stats_16162\" class=\"pvc_stats total_only  \" data-element-id=\"16162\" style=\"\"><i class=\"pvc-stats-icon large\" aria-hidden=\"true\"><svg aria-hidden=\"true\" focusable=\"false\" data-prefix=\"far\" data-icon=\"chart-bar\" role=\"img\" xmlns=\"http:\/\/www.w3.org\/2000\/svg\" viewBox=\"0 0 512 512\" class=\"svg-inline--fa fa-chart-bar fa-w-16 fa-2x\"><path fill=\"currentColor\" d=\"M396.8 352h22.4c6.4 0 12.8-6.4 12.8-12.8V108.8c0-6.4-6.4-12.8-12.8-12.8h-22.4c-6.4 0-12.8 6.4-12.8 12.8v230.4c0 6.4 6.4 12.8 12.8 12.8zm-192 0h22.4c6.4 0 12.8-6.4 12.8-12.8V140.8c0-6.4-6.4-12.8-12.8-12.8h-22.4c-6.4 0-12.8 6.4-12.8 12.8v198.4c0 6.4 6.4 12.8 12.8 12.8zm96 0h22.4c6.4 0 12.8-6.4 12.8-12.8V204.8c0-6.4-6.4-12.8-12.8-12.8h-22.4c-6.4 0-12.8 6.4-12.8 12.8v134.4c0 6.4 6.4 12.8 12.8 12.8zM496 400H48V80c0-8.84-7.16-16-16-16H16C7.16 64 0 71.16 0 80v336c0 17.67 14.33 32 32 32h464c8.84 0 16-7.16 16-16v-16c0-8.84-7.16-16-16-16zm-387.2-48h22.4c6.4 0 12.8-6.4 12.8-12.8v-70.4c0-6.4-6.4-12.8-12.8-12.8h-22.4c-6.4 0-12.8 6.4-12.8 12.8v70.4c0 6.4 6.4 12.8 12.8 12.8z\" class=\"\"><\/path><\/svg><\/i> <img loading=\"lazy\" decoding=\"async\" width=\"16\" height=\"16\" alt=\"Loading\" src=\"https:\/\/temucotelevision.cl\/web\/wp-content\/plugins\/page-views-count\/ajax-loader-2x.gif\" border=0 \/><\/p><div class=\"pvc_clear\"><\/div>\n<p><strong>El parlamentario lament\u00f3 lo que est\u00e1 ocurriendo en La Araucan\u00eda, en espec\u00edfico en la provincia de Malleco, esperando que el Gobierno act\u00fae y de esta manera evitar que estos episodios que buscan infundir sensaci\u00f3n de terror en la comunidad se repitan.<\/strong><\/p>\n\n\n\n<p>Las \u00faltimas horas que se han vivido en la Regi\u00f3n, lamentablemente han tra\u00eddo consigo hechos de violencia en distintas comunas debido a una serie de incidentes que se han provocado en espec\u00edfico en Malleco.<\/p>\n\n\n\n<p>El diputado de Renovaci\u00f3n Nacional por La Araucan\u00eda, Jorge Rathgeb Schifferli, conden\u00f3 todos los actos que han ocurrido y que tienen como claro prop\u00f3sito infundir el temor en la comunidad local y junto a ello espera que el Gobierno act\u00fae pronto para finalizar con la escalada de delitos.<\/p>\n\n\n\n<p>Para el parlamentario es necesario que todos ahora alcen la voz y condenen estos episodios, porque solo as\u00ed, el Ejecutivo podr\u00e1 aplicar mano dura que lleve a detener a quienes est\u00e1n detr\u00e1s de los il\u00edcitos.<\/p>\n\n\n\n<p>Rathgeb sostuvo que es indispensable ahora, m\u00e1s que nunca, aunar esfuerzo de todos los sectores, demostrando que no es normal lo que ocurre en La Araucan\u00eda y solo de esta manera, se pueden tomar ciertas atribuciones que lleven a detener los ataques que se han repetido en el transcurso de este a\u00f1o a pesar de la situaci\u00f3n sanitaria.<\/p>\n\n\n\n<p>\u201cLamentamos y condenamos los hechos de violencia que se est\u00e1n registrando en la Regi\u00f3n y condenamos claramente estos actos, vengan del lado que vengan y esperamos que todos los sectores pol\u00edticos y todos los sectores de distinta naturaleza de La Araucan\u00eda, condenen esta violencia, para que el gobierno pueda tomar cartas en el tema, sancione dr\u00e1sticamente a las persona y finalmente tome las medidas adecuadas para que esto no vuelva a suceder en ning\u00fan momento m\u00e1s\u201d, puntualiz\u00f3 Rathgeb.<\/p>\n\n\n\n<p>El parlamentario nuevamente indic\u00f3 que las mentes que est\u00e1n detr\u00e1s de estos ataques, no est\u00e1n en su sano juicio, lo que se demuestra en ir en atentar contra la ciudadan\u00eda, contra personas inocentes como es el caso de los trabajadores de la Regi\u00f3n, que incluso con esto ponen en jaque sus fuentes laborales.<\/p>\n\n\n\n<p><\/p>\n","protected":false},"excerpt":{"rendered":"<div class=\"pvc_clear\"><\/div>\n<p id=\"pvc_stats_16162\" class=\"pvc_stats total_only  \" data-element-id=\"16162\" style=\"\"><i class=\"pvc-stats-icon large\" aria-hidden=\"true\"><svg aria-hidden=\"true\" focusable=\"false\" data-prefix=\"far\" data-icon=\"chart-bar\" role=\"img\" xmlns=\"http:\/\/www.w3.org\/2000\/svg\" viewBox=\"0 0 512 512\" class=\"svg-inline--fa fa-chart-bar fa-w-16 fa-2x\"><path fill=\"currentColor\" d=\"M396.8 352h22.4c6.4 0 12.8-6.4 12.8-12.8V108.8c0-6.4-6.4-12.8-12.8-12.8h-22.4c-6.4 0-12.8 6.4-12.8 12.8v230.4c0 6.4 6.4 12.8 12.8 12.8zm-192 0h22.4c6.4 0 12.8-6.4 12.8-12.8V140.8c0-6.4-6.4-12.8-12.8-12.8h-22.4c-6.4 0-12.8 6.4-12.8 12.8v198.4c0 6.4 6.4 12.8 12.8 12.8zm96 0h22.4c6.4 0 12.8-6.4 12.8-12.8V204.8c0-6.4-6.4-12.8-12.8-12.8h-22.4c-6.4 0-12.8 6.4-12.8 12.8v134.4c0 6.4 6.4 12.8 12.8 12.8zM496 400H48V80c0-8.84-7.16-16-16-16H16C7.16 64 0 71.16 0 80v336c0 17.67 14.33 32 32 32h464c8.84 0 16-7.16 16-16v-16c0-8.84-7.16-16-16-16zm-387.2-48h22.4c6.4 0 12.8-6.4 12.8-12.8v-70.4c0-6.4-6.4-12.8-12.8-12.8h-22.4c-6.4 0-12.8 6.4-12.8 12.8v70.4c0 6.4 6.4 12.8 12.8 12.8z\" class=\"\"><\/path><\/svg><\/i> <img loading=\"lazy\" decoding=\"async\" width=\"16\" height=\"16\" alt=\"Loading\" src=\"https:\/\/temucotelevision.cl\/web\/wp-content\/plugins\/page-views-count\/ajax-loader-2x.gif\" border=0 \/><\/p>\n<div class=\"pvc_clear\"><\/div>\n<p>El parlamentario lament\u00f3 lo que est\u00e1 ocurriendo en La Araucan\u00eda, en espec\u00edfico en la provincia de Malleco, esperando que el<\/p>\n","protected":false},"author":1,"featured_media":16133,"comment_status":"open","ping_status":"open","sticky":false,"template":"","format":"standard","meta":{"colormag_page_container_layout":"default_layout","colormag_page_sidebar_layout":"default_layout","footnotes":""},"categories":[84],"tags":[1235,154],"class_list":["post-16162","post","type-post","status-publish","format-standard","has-post-thumbnail","hentry","category-politica","tag-atentados","tag-diputado"],"a3_pvc":{"activated":true,"total_views":14,"today_views":0},"_links":{"self":[{"href":"https:\/\/temucotelevision.cl\/web\/wp-json\/wp\/v2\/posts\/16162","targetHints":{"allow":["GET"]}}],"collection":[{"href":"https:\/\/temucotelevision.cl\/web\/wp-json\/wp\/v2\/posts"}],"about":[{"href":"https:\/\/temucotelevision.cl\/web\/wp-json\/wp\/v2\/types\/post"}],"author":[{"embeddable":true,"href":"https:\/\/temucotelevision.cl\/web\/wp-json\/wp\/v2\/users\/1"}],"replies":[{"embeddable":true,"href":"https:\/\/temucotelevision.cl\/web\/wp-json\/wp\/v2\/comments?post=16162"}],"version-history":[{"count":1,"href":"https:\/\/temucotelevision.cl\/web\/wp-json\/wp\/v2\/posts\/16162\/revisions"}],"predecessor-version":[{"id":16163,"href":"https:\/\/temucotelevision.cl\/web\/wp-json\/wp\/v2\/posts\/16162\/revisions\/16163"}],"wp:featuredmedia":[{"embeddable":true,"href":"https:\/\/temucotelevision.cl\/web\/wp-json\/wp\/v2\/media\/16133"}],"wp:attachment":[{"href":"https:\/\/temucotelevision.cl\/web\/wp-json\/wp\/v2\/media?parent=16162"}],"wp:term":[{"taxonomy":"category","embeddable":true,"href":"https:\/\/temucotelevision.cl\/web\/wp-json\/wp\/v2\/categories?post=16162"},{"taxonomy":"post_tag","embeddable":true,"href":"https:\/\/temucotelevision.cl\/web\/wp-json\/wp\/v2\/tags?post=16162"}],"curies":[{"name":"wp","href":"https:\/\/api.w.org\/{rel}","templated":true}]}}