{"id":16159,"date":"2020-11-15T13:04:02","date_gmt":"2020-11-15T16:04:02","guid":{"rendered":"https:\/\/temucotelevision.cl\/web\/?p=16159"},"modified":"2020-11-15T13:04:03","modified_gmt":"2020-11-15T16:04:03","slug":"pucon-se-prepara-para-recibir-el-eclipse-total-2020%ef%bb%bf","status":"publish","type":"post","link":"https:\/\/temucotelevision.cl\/web\/2020\/11\/15\/pucon-se-prepara-para-recibir-el-eclipse-total-2020%ef%bb%bf\/","title":{"rendered":"Puc\u00f3n se prepara para recibir el Eclipse total 2020\ufeff"},"content":{"rendered":"<div class=\"pvc_clear\"><\/div><p id=\"pvc_stats_16159\" class=\"pvc_stats total_only  \" data-element-id=\"16159\" style=\"\"><i class=\"pvc-stats-icon large\" aria-hidden=\"true\"><svg aria-hidden=\"true\" focusable=\"false\" data-prefix=\"far\" data-icon=\"chart-bar\" role=\"img\" xmlns=\"http:\/\/www.w3.org\/2000\/svg\" viewBox=\"0 0 512 512\" class=\"svg-inline--fa fa-chart-bar fa-w-16 fa-2x\"><path fill=\"currentColor\" d=\"M396.8 352h22.4c6.4 0 12.8-6.4 12.8-12.8V108.8c0-6.4-6.4-12.8-12.8-12.8h-22.4c-6.4 0-12.8 6.4-12.8 12.8v230.4c0 6.4 6.4 12.8 12.8 12.8zm-192 0h22.4c6.4 0 12.8-6.4 12.8-12.8V140.8c0-6.4-6.4-12.8-12.8-12.8h-22.4c-6.4 0-12.8 6.4-12.8 12.8v198.4c0 6.4 6.4 12.8 12.8 12.8zm96 0h22.4c6.4 0 12.8-6.4 12.8-12.8V204.8c0-6.4-6.4-12.8-12.8-12.8h-22.4c-6.4 0-12.8 6.4-12.8 12.8v134.4c0 6.4 6.4 12.8 12.8 12.8zM496 400H48V80c0-8.84-7.16-16-16-16H16C7.16 64 0 71.16 0 80v336c0 17.67 14.33 32 32 32h464c8.84 0 16-7.16 16-16v-16c0-8.84-7.16-16-16-16zm-387.2-48h22.4c6.4 0 12.8-6.4 12.8-12.8v-70.4c0-6.4-6.4-12.8-12.8-12.8h-22.4c-6.4 0-12.8 6.4-12.8 12.8v70.4c0 6.4 6.4 12.8 12.8 12.8z\" class=\"\"><\/path><\/svg><\/i> <img loading=\"lazy\" decoding=\"async\" width=\"16\" height=\"16\" alt=\"Loading\" src=\"https:\/\/temucotelevision.cl\/web\/wp-content\/plugins\/page-views-count\/ajax-loader-2x.gif\" border=0 \/><\/p><div class=\"pvc_clear\"><\/div>\n<ul class=\"wp-block-list\"><li><em>A un mes de este fen\u00f3meno astron\u00f3mico, la&nbsp;Corporaci\u00f3n de Adelanto de Puc\u00f3n-PROPUCON gerenciada por Mario Pe\u00f1afiel, estar\u00e1 desarrollando una serie de actividades para acercar y educar a la ciudadan\u00eda en relaci\u00f3n al eclipse total que se vivir\u00e1 este pr\u00f3ximo 14 de diciembre.<\/em><\/li><\/ul>\n\n\n\n<ul class=\"wp-block-list\"><li><em>Las actividades estar\u00e1n siendo anunciadas a trav\u00e9s de su p\u00e1gina web www.propucon.cl y en sus redes sociales<\/em><\/li><\/ul>\n\n\n\n<p>Al igual que el a\u00f1o pasado, este 2020 Chile tendr\u00e1 la suerte de ser testigo de un eclipse solar total, que esta vez ocurrir\u00e1 en la Regi\u00f3n de la Araucan\u00eda. El Eclipse Solar se ver\u00e1 en toda su magnitud en lugares como Isla Mocha, Puc\u00f3n, Villarrica y Temuco.<\/p>\n\n\n\n<p>La Regi\u00f3n de la Araucan\u00eda tendr\u00e1 un 100% de cobertura, lo que significa oscuridad total durante el eclipse. Le sigue la Regi\u00f3n de Los R\u00edos, en donde ciudades como Valdivia podr\u00e1n disfrutar de un 99% de cobertura del sol, y en ciudades como Puerto Montt, la cobertura alcanzar\u00e1 un 93%, al igual que en el resto de las ciudades de la regi\u00f3n de Los Lagos.<\/p>\n\n\n\n<p>Este hecho, sin duda, representa un desaf\u00edo para la zona que requiere la preparaci\u00f3n en temas como infraestructura, seguridad, conectividad, entre otros factores; pero tambi\u00e9n en informaci\u00f3n y educaci\u00f3n a la comunidad.<\/p>\n\n\n\n<p>Por eso, la&nbsp;<strong>Corporaci\u00f3n de Adelanto de Puc\u00f3n-PROPUCON<\/strong>&nbsp;en coordinaci\u00f3n con distintos actores regionales y nacionales, ha generado una serie de acciones que aporten a la divulgaci\u00f3n y a generar conciencia en ciudadan\u00eda de Puc\u00f3n para prepararse para el eclipse solar 2020.&nbsp;<\/p>\n\n\n\n<p>\u201cEn PROPUC\u00d3N ya pusimos manos a la obra, y hemos instalado una serie de gigantograf\u00edas informativas en el Centro Comercial los \u00c1lamos de Puc\u00f3n con el fin de interiorizar a la comunidad sobre este fen\u00f3meno astron\u00f3mico y traspasar la ciencia a la comunidad local\u201d,&nbsp;&nbsp;dice Mario Pe\u00f1afiel, Gerente PROPUCON destacando las acciones que esta corporaci\u00f3n ya est\u00e1 desarrollando.<\/p>\n\n\n\n<p>\u201cDebemos estar preparados, por eso estas actividades buscan enriquecer el conocimiento cient\u00edfico respecto a este fen\u00f3meno astron\u00f3mico a trav\u00e9s de material educativo, charlas, zoom con destacados astr\u00f3nomos y cient\u00edficos, quienes ayudar\u00e1n a acercar este hecho \u00fanico que se desarrollar\u00e1 en tiempos de pandemia\u201d, explica Mario Pe\u00f1afiel.&nbsp;<\/p>\n\n\n\n<p><strong>Eclipse sin Huella<\/strong><\/p>\n\n\n\n<p>Recogiendo la experiencia de la Regi\u00f3n de Coquimbo que vivi\u00f3 un eclipse en julio de 2019, este lunes Mar\u00eda Antonieta Z\u00fa\u00f1iga, gerente del proyecto Barrio del Mar, que re\u00fane a 14 empresarios gastron\u00f3micos y de entretenimiento del borde costero de Coquimbo y La Serena, dictar\u00e1 la charla \u201cEclipse sin Huella\u201d,&nbsp;&nbsp;iniciativa que invita a la comunidad y visitantes a generar el menor impacto en la flora y la fauna durante este evento.<\/p>\n\n\n\n<p>La invitaci\u00f3n es para este lunes 16 de noviembre a las 18 horas, a trav\u00e9s de la plataforma zoom.<\/p>\n\n\n\n<p>El programa de actividades estar\u00e1n siendo anunciadas a trav\u00e9s de su p\u00e1gina web&nbsp;<a href=\"http:\/\/www.propucon.cl\/\">www.propucon.cl<\/a>, y sus redes sociales:&nbsp;<a href=\"http:\/\/www.instagram.com\/corporacionpropucon\">www.instagram.com\/corporacionpropucon<\/a>&nbsp;y&nbsp;<a href=\"http:\/\/www.facebook.com\/ProPucon\">www.facebook.com\/ProPucon<\/a><\/p>\n\n\n\n<p><strong>\u00bfA qu\u00e9 hora ser\u00e1 el eclipse 2020 en Chile?<\/strong><\/p>\n\n\n\n<p>El evento completo iniciar\u00e1 exactamente a las 11:41 de la ma\u00f1ana y tendr\u00e1 una duraci\u00f3n total de 3 horas.&nbsp;El eclipse solar total en Puc\u00f3n ser\u00e1 a las 13:04&nbsp;y tendr\u00e1 una duraci\u00f3n de 2 minutos y 6 segundos.<\/p>\n","protected":false},"excerpt":{"rendered":"<div class=\"pvc_clear\"><\/div>\n<p id=\"pvc_stats_16159\" class=\"pvc_stats total_only  \" data-element-id=\"16159\" style=\"\"><i class=\"pvc-stats-icon large\" aria-hidden=\"true\"><svg aria-hidden=\"true\" focusable=\"false\" data-prefix=\"far\" data-icon=\"chart-bar\" role=\"img\" xmlns=\"http:\/\/www.w3.org\/2000\/svg\" viewBox=\"0 0 512 512\" class=\"svg-inline--fa fa-chart-bar fa-w-16 fa-2x\"><path fill=\"currentColor\" d=\"M396.8 352h22.4c6.4 0 12.8-6.4 12.8-12.8V108.8c0-6.4-6.4-12.8-12.8-12.8h-22.4c-6.4 0-12.8 6.4-12.8 12.8v230.4c0 6.4 6.4 12.8 12.8 12.8zm-192 0h22.4c6.4 0 12.8-6.4 12.8-12.8V140.8c0-6.4-6.4-12.8-12.8-12.8h-22.4c-6.4 0-12.8 6.4-12.8 12.8v198.4c0 6.4 6.4 12.8 12.8 12.8zm96 0h22.4c6.4 0 12.8-6.4 12.8-12.8V204.8c0-6.4-6.4-12.8-12.8-12.8h-22.4c-6.4 0-12.8 6.4-12.8 12.8v134.4c0 6.4 6.4 12.8 12.8 12.8zM496 400H48V80c0-8.84-7.16-16-16-16H16C7.16 64 0 71.16 0 80v336c0 17.67 14.33 32 32 32h464c8.84 0 16-7.16 16-16v-16c0-8.84-7.16-16-16-16zm-387.2-48h22.4c6.4 0 12.8-6.4 12.8-12.8v-70.4c0-6.4-6.4-12.8-12.8-12.8h-22.4c-6.4 0-12.8 6.4-12.8 12.8v70.4c0 6.4 6.4 12.8 12.8 12.8z\" class=\"\"><\/path><\/svg><\/i> <img loading=\"lazy\" decoding=\"async\" width=\"16\" height=\"16\" alt=\"Loading\" src=\"https:\/\/temucotelevision.cl\/web\/wp-content\/plugins\/page-views-count\/ajax-loader-2x.gif\" border=0 \/><\/p>\n<div class=\"pvc_clear\"><\/div>\n<p>A un mes de este fen\u00f3meno astron\u00f3mico, la&nbsp;Corporaci\u00f3n de Adelanto de Puc\u00f3n-PROPUCON gerenciada por Mario Pe\u00f1afiel, estar\u00e1 desarrollando una serie<\/p>\n","protected":false},"author":1,"featured_media":16160,"comment_status":"open","ping_status":"open","sticky":false,"template":"","format":"standard","meta":{"colormag_page_container_layout":"default_layout","colormag_page_sidebar_layout":"default_layout","footnotes":""},"categories":[15],"tags":[623],"class_list":["post-16159","post","type-post","status-publish","format-standard","has-post-thumbnail","hentry","category-la-araucania","tag-preparativos"],"a3_pvc":{"activated":true,"total_views":20,"today_views":0},"_links":{"self":[{"href":"https:\/\/temucotelevision.cl\/web\/wp-json\/wp\/v2\/posts\/16159","targetHints":{"allow":["GET"]}}],"collection":[{"href":"https:\/\/temucotelevision.cl\/web\/wp-json\/wp\/v2\/posts"}],"about":[{"href":"https:\/\/temucotelevision.cl\/web\/wp-json\/wp\/v2\/types\/post"}],"author":[{"embeddable":true,"href":"https:\/\/temucotelevision.cl\/web\/wp-json\/wp\/v2\/users\/1"}],"replies":[{"embeddable":true,"href":"https:\/\/temucotelevision.cl\/web\/wp-json\/wp\/v2\/comments?post=16159"}],"version-history":[{"count":1,"href":"https:\/\/temucotelevision.cl\/web\/wp-json\/wp\/v2\/posts\/16159\/revisions"}],"predecessor-version":[{"id":16161,"href":"https:\/\/temucotelevision.cl\/web\/wp-json\/wp\/v2\/posts\/16159\/revisions\/16161"}],"wp:featuredmedia":[{"embeddable":true,"href":"https:\/\/temucotelevision.cl\/web\/wp-json\/wp\/v2\/media\/16160"}],"wp:attachment":[{"href":"https:\/\/temucotelevision.cl\/web\/wp-json\/wp\/v2\/media?parent=16159"}],"wp:term":[{"taxonomy":"category","embeddable":true,"href":"https:\/\/temucotelevision.cl\/web\/wp-json\/wp\/v2\/categories?post=16159"},{"taxonomy":"post_tag","embeddable":true,"href":"https:\/\/temucotelevision.cl\/web\/wp-json\/wp\/v2\/tags?post=16159"}],"curies":[{"name":"wp","href":"https:\/\/api.w.org\/{rel}","templated":true}]}}