{"id":16151,"date":"2020-11-14T21:55:56","date_gmt":"2020-11-15T00:55:56","guid":{"rendered":"https:\/\/temucotelevision.cl\/web\/?p=16151"},"modified":"2020-11-14T21:55:59","modified_gmt":"2020-11-15T00:55:59","slug":"chilenos-crean-primer-vehiculo-satelital-todoterreno-para-coordinar-combate-de-incendios","status":"publish","type":"post","link":"https:\/\/temucotelevision.cl\/web\/2020\/11\/14\/chilenos-crean-primer-vehiculo-satelital-todoterreno-para-coordinar-combate-de-incendios\/","title":{"rendered":"Chilenos crean primer veh\u00edculo satelital todoterreno para coordinar combate de incendios"},"content":{"rendered":"<div class=\"pvc_clear\"><\/div><p id=\"pvc_stats_16151\" class=\"pvc_stats total_only  \" data-element-id=\"16151\" style=\"\"><i class=\"pvc-stats-icon large\" aria-hidden=\"true\"><svg aria-hidden=\"true\" focusable=\"false\" data-prefix=\"far\" data-icon=\"chart-bar\" role=\"img\" xmlns=\"http:\/\/www.w3.org\/2000\/svg\" viewBox=\"0 0 512 512\" class=\"svg-inline--fa fa-chart-bar fa-w-16 fa-2x\"><path fill=\"currentColor\" d=\"M396.8 352h22.4c6.4 0 12.8-6.4 12.8-12.8V108.8c0-6.4-6.4-12.8-12.8-12.8h-22.4c-6.4 0-12.8 6.4-12.8 12.8v230.4c0 6.4 6.4 12.8 12.8 12.8zm-192 0h22.4c6.4 0 12.8-6.4 12.8-12.8V140.8c0-6.4-6.4-12.8-12.8-12.8h-22.4c-6.4 0-12.8 6.4-12.8 12.8v198.4c0 6.4 6.4 12.8 12.8 12.8zm96 0h22.4c6.4 0 12.8-6.4 12.8-12.8V204.8c0-6.4-6.4-12.8-12.8-12.8h-22.4c-6.4 0-12.8 6.4-12.8 12.8v134.4c0 6.4 6.4 12.8 12.8 12.8zM496 400H48V80c0-8.84-7.16-16-16-16H16C7.16 64 0 71.16 0 80v336c0 17.67 14.33 32 32 32h464c8.84 0 16-7.16 16-16v-16c0-8.84-7.16-16-16-16zm-387.2-48h22.4c6.4 0 12.8-6.4 12.8-12.8v-70.4c0-6.4-6.4-12.8-12.8-12.8h-22.4c-6.4 0-12.8 6.4-12.8 12.8v70.4c0 6.4 6.4 12.8 12.8 12.8z\" class=\"\"><\/path><\/svg><\/i> <img loading=\"lazy\" decoding=\"async\" width=\"16\" height=\"16\" alt=\"Loading\" src=\"https:\/\/temucotelevision.cl\/web\/wp-content\/plugins\/page-views-count\/ajax-loader-2x.gif\" border=0 \/><\/p><div class=\"pvc_clear\"><\/div>\n<p>Tecnolog\u00eda de punta, energ\u00edas renovables y comunicaci\u00f3n satelital, son algunas caracter\u00edsticas del primer veh\u00edculo todoterreno de emergencias fabricado en Latinoam\u00e9rica, creado por chilenos y que tiene como funci\u00f3n principal coordinar el combate de incendios en zonas extremas.<\/p>\n\n\n\n<p>Dise\u00f1ado bajo est\u00e1ndares mundiales, el equipo denominado PC GOLN (que significa Puma en lengua Tehuelche), fue creado en Concepci\u00f3n por profesionales de la empresa PhosChek Chile, quienes montaron sobre un cami\u00f3n RAM 5500 una completa central de operaciones y comunicaciones.<\/p>\n\n\n\n<p>Rodrigo \u00c1lvarez, gerente General de PhosChek Chile, manifest\u00f3 que \u201ceste tipo de veh\u00edculos se adapta a la geograf\u00eda del pa\u00eds, ya que siempre mantiene la comunicaci\u00f3n en zonas rurales o monta\u00f1osas, gracias a los distintos equipos que incorporan alternativas de datos, voz y satelital\u201d.<\/p>\n\n\n\n<p>Agreg\u00f3 que \u201cinternamente tiene una red de computadores que analizan datos estad\u00edsticos y cartogr\u00e1ficos en vivo, gracias a su propia estaci\u00f3n meteorol\u00f3gica que monitorea las condiciones clim\u00e1ticas en tiempo real. Toda la informaci\u00f3n se proyecta en 7 pantallas y 2 laptop, para que los expertos puedan tomar mejores decisiones al momento de enfrentar una emergencia\u201d.&nbsp;<\/p>\n\n\n\n<p>Este primer PC GOLN fue enviado para realizar labores con CONAF en la regi\u00f3n de Ays\u00e9n, en donde el&nbsp;director&nbsp;de la entidad,&nbsp;Andr\u00e9s Bobadilla, se\u00f1al\u00f3 que &#8220;este es sin duda el veh\u00edculo para la zona, ya que es alto, con gran capacidad y dise\u00f1ado para nuestros caminos que tienen una topograf\u00eda muy accidentada. Es una herramienta ideal para la coordinaci\u00f3n en el combate de incendios y estamos muy contentos de tener este tipo de tecnolog\u00eda que nos transporta al siglo XXI&#8221;.<\/p>\n\n\n\n<p>Por su parte, el jefe de Protecci\u00f3n de incendios CONAF Ays\u00e9n,&nbsp;Hugo Pi\u00f1eda, dijo que &#8220;para poder combatir los incendios en nuestra zona, necesit\u00e1bamos una herramienta con mejor comunicaci\u00f3n y energ\u00eda aut\u00f3noma, caracter\u00edsticas que este veh\u00edculo tiene para proteger a la comunidad y dar mayor seguridad a nuestro personal en el trabajo\u201d.<\/p>\n\n\n\n<p><strong>Caracter\u00edsticas del cami\u00f3n<\/strong><strong><\/strong><\/p>\n\n\n\n<p>Es una RAM 5500 a\u00f1o 2020, fabricada en acero y revestida en aluminio, con aislaci\u00f3n ac\u00fastica, t\u00e9rmica y humedad, dise\u00f1ada para soportar las condiciones clim\u00e1ticas m\u00e1s severas, basada en normas militares. Tiene una capacidad de carga de 4,7 ton. y es turbo diesel con doble tracci\u00f3n.<\/p>\n\n\n\n<p>El primer PC GOLN funciona con fuentes de energ\u00eda solar a trav\u00e9s de paneles fotovoltaicos. Tiene adem\u00e1s un generador, bater\u00edas de ciclo profundo y la alternativa del motor del veh\u00edculo, lo que hace que&nbsp;sea completamente aut\u00f3nomo.<\/p>\n\n\n\n<p>Su sistema de c\u00e1maras incorporadas a la estructura, permite monitorear permanentemente lo que sucede a su alrededor, dejando todo registrado por seguridad en una caja negra. Destaca&nbsp;una c\u00e1mara domo a m\u00e1s de 10 metros de altura que se despliega en el techo, con gran alcance y resoluci\u00f3n, para ver en vivo la emergencia en 360\u00ba.<\/p>\n\n\n\n<p>Cuenta con una mesa de trabajo para 4 personas que ayuda a la planificaci\u00f3n y coordinaci\u00f3n, ya que en su superficie posee una pantalla de 50\u201d, que permite desplegar informaci\u00f3n de todo tipo como planos, permitiendo dibujar o escribir sobre ella.<\/p>\n\n\n\n<p>En su exterior cuenta con una gran pantalla (55\u201d), ubicada a un costado del veh\u00edculo bajo una carpa, que permite mostrar c\u00f3modamente a las autoridades y prensa, toda la informaci\u00f3n relativa al incidente.\u00a0Cuenta con sistemas de iluminaci\u00f3n de escenario, de emergencia y sirena audible.<\/p>\n\n\n\n<figure class=\"wp-block-image\"><img loading=\"lazy\" decoding=\"async\" width=\"800\" height=\"455\" src=\"https:\/\/temucotelevision.cl\/web\/wp-content\/uploads\/2020\/11\/Vehiculo-Satelital3.jpg\" alt=\"\" class=\"wp-image-16153\" srcset=\"https:\/\/temucotelevision.cl\/web\/wp-content\/uploads\/2020\/11\/Vehiculo-Satelital3.jpg 800w, https:\/\/temucotelevision.cl\/web\/wp-content\/uploads\/2020\/11\/Vehiculo-Satelital3-768x437.jpg 768w\" sizes=\"auto, (max-width: 800px) 100vw, 800px\" \/><\/figure>\n","protected":false},"excerpt":{"rendered":"<div class=\"pvc_clear\"><\/div>\n<p id=\"pvc_stats_16151\" class=\"pvc_stats total_only  \" data-element-id=\"16151\" style=\"\"><i class=\"pvc-stats-icon large\" aria-hidden=\"true\"><svg aria-hidden=\"true\" focusable=\"false\" data-prefix=\"far\" data-icon=\"chart-bar\" role=\"img\" xmlns=\"http:\/\/www.w3.org\/2000\/svg\" viewBox=\"0 0 512 512\" class=\"svg-inline--fa fa-chart-bar fa-w-16 fa-2x\"><path fill=\"currentColor\" d=\"M396.8 352h22.4c6.4 0 12.8-6.4 12.8-12.8V108.8c0-6.4-6.4-12.8-12.8-12.8h-22.4c-6.4 0-12.8 6.4-12.8 12.8v230.4c0 6.4 6.4 12.8 12.8 12.8zm-192 0h22.4c6.4 0 12.8-6.4 12.8-12.8V140.8c0-6.4-6.4-12.8-12.8-12.8h-22.4c-6.4 0-12.8 6.4-12.8 12.8v198.4c0 6.4 6.4 12.8 12.8 12.8zm96 0h22.4c6.4 0 12.8-6.4 12.8-12.8V204.8c0-6.4-6.4-12.8-12.8-12.8h-22.4c-6.4 0-12.8 6.4-12.8 12.8v134.4c0 6.4 6.4 12.8 12.8 12.8zM496 400H48V80c0-8.84-7.16-16-16-16H16C7.16 64 0 71.16 0 80v336c0 17.67 14.33 32 32 32h464c8.84 0 16-7.16 16-16v-16c0-8.84-7.16-16-16-16zm-387.2-48h22.4c6.4 0 12.8-6.4 12.8-12.8v-70.4c0-6.4-6.4-12.8-12.8-12.8h-22.4c-6.4 0-12.8 6.4-12.8 12.8v70.4c0 6.4 6.4 12.8 12.8 12.8z\" class=\"\"><\/path><\/svg><\/i> <img loading=\"lazy\" decoding=\"async\" width=\"16\" height=\"16\" alt=\"Loading\" src=\"https:\/\/temucotelevision.cl\/web\/wp-content\/plugins\/page-views-count\/ajax-loader-2x.gif\" border=0 \/><\/p>\n<div class=\"pvc_clear\"><\/div>\n<p>Tecnolog\u00eda de punta, energ\u00edas renovables y comunicaci\u00f3n satelital, son algunas caracter\u00edsticas del primer veh\u00edculo todoterreno de emergencias fabricado en Latinoam\u00e9rica,<\/p>\n","protected":false},"author":1,"featured_media":16152,"comment_status":"open","ping_status":"open","sticky":false,"template":"","format":"standard","meta":{"colormag_page_container_layout":"default_layout","colormag_page_sidebar_layout":"default_layout","footnotes":""},"categories":[101],"tags":[2513,1330],"class_list":["post-16151","post","type-post","status-publish","format-standard","has-post-thumbnail","hentry","category-actualidad","tag-chilenos","tag-satelital"],"a3_pvc":{"activated":true,"total_views":133,"today_views":0},"_links":{"self":[{"href":"https:\/\/temucotelevision.cl\/web\/wp-json\/wp\/v2\/posts\/16151","targetHints":{"allow":["GET"]}}],"collection":[{"href":"https:\/\/temucotelevision.cl\/web\/wp-json\/wp\/v2\/posts"}],"about":[{"href":"https:\/\/temucotelevision.cl\/web\/wp-json\/wp\/v2\/types\/post"}],"author":[{"embeddable":true,"href":"https:\/\/temucotelevision.cl\/web\/wp-json\/wp\/v2\/users\/1"}],"replies":[{"embeddable":true,"href":"https:\/\/temucotelevision.cl\/web\/wp-json\/wp\/v2\/comments?post=16151"}],"version-history":[{"count":1,"href":"https:\/\/temucotelevision.cl\/web\/wp-json\/wp\/v2\/posts\/16151\/revisions"}],"predecessor-version":[{"id":16154,"href":"https:\/\/temucotelevision.cl\/web\/wp-json\/wp\/v2\/posts\/16151\/revisions\/16154"}],"wp:featuredmedia":[{"embeddable":true,"href":"https:\/\/temucotelevision.cl\/web\/wp-json\/wp\/v2\/media\/16152"}],"wp:attachment":[{"href":"https:\/\/temucotelevision.cl\/web\/wp-json\/wp\/v2\/media?parent=16151"}],"wp:term":[{"taxonomy":"category","embeddable":true,"href":"https:\/\/temucotelevision.cl\/web\/wp-json\/wp\/v2\/categories?post=16151"},{"taxonomy":"post_tag","embeddable":true,"href":"https:\/\/temucotelevision.cl\/web\/wp-json\/wp\/v2\/tags?post=16151"}],"curies":[{"name":"wp","href":"https:\/\/api.w.org\/{rel}","templated":true}]}}