{"id":16146,"date":"2020-11-14T19:20:23","date_gmt":"2020-11-14T22:20:23","guid":{"rendered":"https:\/\/temucotelevision.cl\/web\/?p=16146"},"modified":"2020-11-14T19:21:16","modified_gmt":"2020-11-14T22:21:16","slug":"parlamentarios-de-la-araucania-piden-al-gobierno-que-el-ejercito-se-haga-cargo-de-la-seguridad-en-la-region%ef%bb%bf","status":"publish","type":"post","link":"https:\/\/temucotelevision.cl\/web\/2020\/11\/14\/parlamentarios-de-la-araucania-piden-al-gobierno-que-el-ejercito-se-haga-cargo-de-la-seguridad-en-la-region%ef%bb%bf\/","title":{"rendered":"Parlamentarios de La Araucan\u00eda piden al gobierno que el ej\u00e9rcito se haga cargo de la seguridad en la regi\u00f3n\ufeff"},"content":{"rendered":"<div class=\"pvc_clear\"><\/div><p id=\"pvc_stats_16146\" class=\"pvc_stats total_only  \" data-element-id=\"16146\" style=\"\"><i class=\"pvc-stats-icon large\" aria-hidden=\"true\"><svg aria-hidden=\"true\" focusable=\"false\" data-prefix=\"far\" data-icon=\"chart-bar\" role=\"img\" xmlns=\"http:\/\/www.w3.org\/2000\/svg\" viewBox=\"0 0 512 512\" class=\"svg-inline--fa fa-chart-bar fa-w-16 fa-2x\"><path fill=\"currentColor\" d=\"M396.8 352h22.4c6.4 0 12.8-6.4 12.8-12.8V108.8c0-6.4-6.4-12.8-12.8-12.8h-22.4c-6.4 0-12.8 6.4-12.8 12.8v230.4c0 6.4 6.4 12.8 12.8 12.8zm-192 0h22.4c6.4 0 12.8-6.4 12.8-12.8V140.8c0-6.4-6.4-12.8-12.8-12.8h-22.4c-6.4 0-12.8 6.4-12.8 12.8v198.4c0 6.4 6.4 12.8 12.8 12.8zm96 0h22.4c6.4 0 12.8-6.4 12.8-12.8V204.8c0-6.4-6.4-12.8-12.8-12.8h-22.4c-6.4 0-12.8 6.4-12.8 12.8v134.4c0 6.4 6.4 12.8 12.8 12.8zM496 400H48V80c0-8.84-7.16-16-16-16H16C7.16 64 0 71.16 0 80v336c0 17.67 14.33 32 32 32h464c8.84 0 16-7.16 16-16v-16c0-8.84-7.16-16-16-16zm-387.2-48h22.4c6.4 0 12.8-6.4 12.8-12.8v-70.4c0-6.4-6.4-12.8-12.8-12.8h-22.4c-6.4 0-12.8 6.4-12.8 12.8v70.4c0 6.4 6.4 12.8 12.8 12.8z\" class=\"\"><\/path><\/svg><\/i> <img loading=\"lazy\" decoding=\"async\" width=\"16\" height=\"16\" alt=\"Loading\" src=\"https:\/\/temucotelevision.cl\/web\/wp-content\/plugins\/page-views-count\/ajax-loader-2x.gif\" border=0 \/><\/p><div class=\"pvc_clear\"><\/div>\n<p>La Senadora Carmen Gloria Aravena y los Diputados, Miguel Mellado y Jorge Ratgheb pidieron al gobierno producto de la reciente escalada de violencia que ha significado un profundo caos para la regi\u00f3n que el ej\u00e9rcito se haga cargo de la seguridad de La Araucan\u00eda.<\/p>\n\n\n\n<p>Es preciso recordar que hubo un carabinero asesinado con arma de guerra, otro asesinato esta semana y los cortes de camino y quemas de camiones son pan de cada d\u00eda.<\/p>\n\n\n\n<p>Por su parte la senadora Aravena se\u00f1alo que.&nbsp;&nbsp;&#8220;En La Araucan\u00eda estamos siendo atacados con t\u00e1cticas de guerra y el gobierno&nbsp;&nbsp;no quiere reconocerlo, todos los d\u00edas estamos sufriendo enfrentamientos, es urgente reconocer que esto es&nbsp;&nbsp;terrorismo y si tenemos un gobierno d\u00e9bil que no quiere ver la realidad, esto seguir\u00e1 aumentando.&nbsp;&nbsp;Necesitamos urgente que el ej\u00e9rcito tome control de la Araucan\u00eda.<\/p>\n\n\n\n<p>El Diputado Miguel Mellado por su parte,&nbsp;&nbsp;afirm\u00f3 que &#8220;Esto estaba avisado, no hubo anticipaci\u00f3n sobre estos hechos, no existe inteligencia, para evitar los hechos violentos anunciados profusamente.<\/p>\n\n\n\n<p>&nbsp;Tenemos un gobierno ausente y las v\u00edctimas en el m\u00e1s absoluto desamparo.&#8221;<\/p>\n","protected":false},"excerpt":{"rendered":"<div class=\"pvc_clear\"><\/div>\n<p id=\"pvc_stats_16146\" class=\"pvc_stats total_only  \" data-element-id=\"16146\" style=\"\"><i class=\"pvc-stats-icon large\" aria-hidden=\"true\"><svg aria-hidden=\"true\" focusable=\"false\" data-prefix=\"far\" data-icon=\"chart-bar\" role=\"img\" xmlns=\"http:\/\/www.w3.org\/2000\/svg\" viewBox=\"0 0 512 512\" class=\"svg-inline--fa fa-chart-bar fa-w-16 fa-2x\"><path fill=\"currentColor\" d=\"M396.8 352h22.4c6.4 0 12.8-6.4 12.8-12.8V108.8c0-6.4-6.4-12.8-12.8-12.8h-22.4c-6.4 0-12.8 6.4-12.8 12.8v230.4c0 6.4 6.4 12.8 12.8 12.8zm-192 0h22.4c6.4 0 12.8-6.4 12.8-12.8V140.8c0-6.4-6.4-12.8-12.8-12.8h-22.4c-6.4 0-12.8 6.4-12.8 12.8v198.4c0 6.4 6.4 12.8 12.8 12.8zm96 0h22.4c6.4 0 12.8-6.4 12.8-12.8V204.8c0-6.4-6.4-12.8-12.8-12.8h-22.4c-6.4 0-12.8 6.4-12.8 12.8v134.4c0 6.4 6.4 12.8 12.8 12.8zM496 400H48V80c0-8.84-7.16-16-16-16H16C7.16 64 0 71.16 0 80v336c0 17.67 14.33 32 32 32h464c8.84 0 16-7.16 16-16v-16c0-8.84-7.16-16-16-16zm-387.2-48h22.4c6.4 0 12.8-6.4 12.8-12.8v-70.4c0-6.4-6.4-12.8-12.8-12.8h-22.4c-6.4 0-12.8 6.4-12.8 12.8v70.4c0 6.4 6.4 12.8 12.8 12.8z\" class=\"\"><\/path><\/svg><\/i> <img loading=\"lazy\" decoding=\"async\" width=\"16\" height=\"16\" alt=\"Loading\" src=\"https:\/\/temucotelevision.cl\/web\/wp-content\/plugins\/page-views-count\/ajax-loader-2x.gif\" border=0 \/><\/p>\n<div class=\"pvc_clear\"><\/div>\n<p>La Senadora Carmen Gloria Aravena y los Diputados, Miguel Mellado y Jorge Ratgheb pidieron al gobierno producto de la reciente<\/p>\n","protected":false},"author":1,"featured_media":16147,"comment_status":"open","ping_status":"open","sticky":false,"template":"","format":"standard","meta":{"colormag_page_container_layout":"default_layout","colormag_page_sidebar_layout":"default_layout","footnotes":""},"categories":[15,84],"tags":[168,170],"class_list":["post-16146","post","type-post","status-publish","format-standard","has-post-thumbnail","hentry","category-la-araucania","category-politica","tag-parlamentarios","tag-region"],"a3_pvc":{"activated":true,"total_views":24,"today_views":0},"_links":{"self":[{"href":"https:\/\/temucotelevision.cl\/web\/wp-json\/wp\/v2\/posts\/16146","targetHints":{"allow":["GET"]}}],"collection":[{"href":"https:\/\/temucotelevision.cl\/web\/wp-json\/wp\/v2\/posts"}],"about":[{"href":"https:\/\/temucotelevision.cl\/web\/wp-json\/wp\/v2\/types\/post"}],"author":[{"embeddable":true,"href":"https:\/\/temucotelevision.cl\/web\/wp-json\/wp\/v2\/users\/1"}],"replies":[{"embeddable":true,"href":"https:\/\/temucotelevision.cl\/web\/wp-json\/wp\/v2\/comments?post=16146"}],"version-history":[{"count":2,"href":"https:\/\/temucotelevision.cl\/web\/wp-json\/wp\/v2\/posts\/16146\/revisions"}],"predecessor-version":[{"id":16149,"href":"https:\/\/temucotelevision.cl\/web\/wp-json\/wp\/v2\/posts\/16146\/revisions\/16149"}],"wp:featuredmedia":[{"embeddable":true,"href":"https:\/\/temucotelevision.cl\/web\/wp-json\/wp\/v2\/media\/16147"}],"wp:attachment":[{"href":"https:\/\/temucotelevision.cl\/web\/wp-json\/wp\/v2\/media?parent=16146"}],"wp:term":[{"taxonomy":"category","embeddable":true,"href":"https:\/\/temucotelevision.cl\/web\/wp-json\/wp\/v2\/categories?post=16146"},{"taxonomy":"post_tag","embeddable":true,"href":"https:\/\/temucotelevision.cl\/web\/wp-json\/wp\/v2\/tags?post=16146"}],"curies":[{"name":"wp","href":"https:\/\/api.w.org\/{rel}","templated":true}]}}