{"id":16125,"date":"2020-11-14T13:32:15","date_gmt":"2020-11-14T16:32:15","guid":{"rendered":"https:\/\/temucotelevision.cl\/web\/?p=16125"},"modified":"2020-11-14T13:36:31","modified_gmt":"2020-11-14T16:36:31","slug":"pdi-trabaja-en-quema-de-iglesia-evangelica-en-la-comuna-de-victoria-dejan-panfleto-consigna-libertad-a-todos-los-ppm","status":"publish","type":"post","link":"https:\/\/temucotelevision.cl\/web\/2020\/11\/14\/pdi-trabaja-en-quema-de-iglesia-evangelica-en-la-comuna-de-victoria-dejan-panfleto-consigna-libertad-a-todos-los-ppm\/","title":{"rendered":"PDI trabaja en quema de iglesia evang\u00e9lica en la comuna de Victoria, dejan panfleto, consigna &#8220;Libertad a todos los PPM&#8221;"},"content":{"rendered":"<div class=\"pvc_clear\"><\/div><p id=\"pvc_stats_16125\" class=\"pvc_stats total_only  \" data-element-id=\"16125\" style=\"\"><i class=\"pvc-stats-icon large\" aria-hidden=\"true\"><svg aria-hidden=\"true\" focusable=\"false\" data-prefix=\"far\" data-icon=\"chart-bar\" role=\"img\" xmlns=\"http:\/\/www.w3.org\/2000\/svg\" viewBox=\"0 0 512 512\" class=\"svg-inline--fa fa-chart-bar fa-w-16 fa-2x\"><path fill=\"currentColor\" d=\"M396.8 352h22.4c6.4 0 12.8-6.4 12.8-12.8V108.8c0-6.4-6.4-12.8-12.8-12.8h-22.4c-6.4 0-12.8 6.4-12.8 12.8v230.4c0 6.4 6.4 12.8 12.8 12.8zm-192 0h22.4c6.4 0 12.8-6.4 12.8-12.8V140.8c0-6.4-6.4-12.8-12.8-12.8h-22.4c-6.4 0-12.8 6.4-12.8 12.8v198.4c0 6.4 6.4 12.8 12.8 12.8zm96 0h22.4c6.4 0 12.8-6.4 12.8-12.8V204.8c0-6.4-6.4-12.8-12.8-12.8h-22.4c-6.4 0-12.8 6.4-12.8 12.8v134.4c0 6.4 6.4 12.8 12.8 12.8zM496 400H48V80c0-8.84-7.16-16-16-16H16C7.16 64 0 71.16 0 80v336c0 17.67 14.33 32 32 32h464c8.84 0 16-7.16 16-16v-16c0-8.84-7.16-16-16-16zm-387.2-48h22.4c6.4 0 12.8-6.4 12.8-12.8v-70.4c0-6.4-6.4-12.8-12.8-12.8h-22.4c-6.4 0-12.8 6.4-12.8 12.8v70.4c0 6.4 6.4 12.8 12.8 12.8z\" class=\"\"><\/path><\/svg><\/i> <img loading=\"lazy\" decoding=\"async\" width=\"16\" height=\"16\" alt=\"Loading\" src=\"https:\/\/temucotelevision.cl\/web\/wp-content\/plugins\/page-views-count\/ajax-loader-2x.gif\" border=0 \/><\/p><div class=\"pvc_clear\"><\/div>\n<p>A esta hora personal de la Bipe Angol junto a peritos del Lacrim Temuco, concurrieron por orden del Fiscal Aldo Osorio Parra, de la Fiscal\u00eda Local de Traigu\u00e9n, al km 3, de la ruta R-815,  comunidad Boyen Mapu, comuna de Victoria, a realizar primeras diligencias por el delito de Incendio, hecho que afect\u00f3 a una iglesia en la Localidad de P\u00faa, comuna de Victoria. <\/p>\n\n\n\n<p>El templo afectado corresponde a la iglesia evang\u00e9lica &#8220;Alianza Misionera El Salto&#8221;, la cual fue completamente consumida por la acci\u00f3n del fuego.  En el lugar se encontr\u00f3 un panfleto con la consigna: LIBERTAD A TODOS LOS PPM.<\/p>\n\n\n\n<figure class=\"wp-block-image\"><img loading=\"lazy\" decoding=\"async\" width=\"1024\" height=\"575\" src=\"https:\/\/temucotelevision.cl\/web\/wp-content\/uploads\/2020\/11\/Quema-Iglesia3-1024x575.jpg\" alt=\"\" class=\"wp-image-16129\" srcset=\"https:\/\/temucotelevision.cl\/web\/wp-content\/uploads\/2020\/11\/Quema-Iglesia3-1024x575.jpg 1024w, https:\/\/temucotelevision.cl\/web\/wp-content\/uploads\/2020\/11\/Quema-Iglesia3-768x431.jpg 768w, https:\/\/temucotelevision.cl\/web\/wp-content\/uploads\/2020\/11\/Quema-Iglesia3.jpg 1280w\" sizes=\"auto, (max-width: 1024px) 100vw, 1024px\" \/><\/figure>\n","protected":false},"excerpt":{"rendered":"<div class=\"pvc_clear\"><\/div>\n<p id=\"pvc_stats_16125\" class=\"pvc_stats total_only  \" data-element-id=\"16125\" style=\"\"><i class=\"pvc-stats-icon large\" aria-hidden=\"true\"><svg aria-hidden=\"true\" focusable=\"false\" data-prefix=\"far\" data-icon=\"chart-bar\" role=\"img\" xmlns=\"http:\/\/www.w3.org\/2000\/svg\" viewBox=\"0 0 512 512\" class=\"svg-inline--fa fa-chart-bar fa-w-16 fa-2x\"><path fill=\"currentColor\" d=\"M396.8 352h22.4c6.4 0 12.8-6.4 12.8-12.8V108.8c0-6.4-6.4-12.8-12.8-12.8h-22.4c-6.4 0-12.8 6.4-12.8 12.8v230.4c0 6.4 6.4 12.8 12.8 12.8zm-192 0h22.4c6.4 0 12.8-6.4 12.8-12.8V140.8c0-6.4-6.4-12.8-12.8-12.8h-22.4c-6.4 0-12.8 6.4-12.8 12.8v198.4c0 6.4 6.4 12.8 12.8 12.8zm96 0h22.4c6.4 0 12.8-6.4 12.8-12.8V204.8c0-6.4-6.4-12.8-12.8-12.8h-22.4c-6.4 0-12.8 6.4-12.8 12.8v134.4c0 6.4 6.4 12.8 12.8 12.8zM496 400H48V80c0-8.84-7.16-16-16-16H16C7.16 64 0 71.16 0 80v336c0 17.67 14.33 32 32 32h464c8.84 0 16-7.16 16-16v-16c0-8.84-7.16-16-16-16zm-387.2-48h22.4c6.4 0 12.8-6.4 12.8-12.8v-70.4c0-6.4-6.4-12.8-12.8-12.8h-22.4c-6.4 0-12.8 6.4-12.8 12.8v70.4c0 6.4 6.4 12.8 12.8 12.8z\" class=\"\"><\/path><\/svg><\/i> <img loading=\"lazy\" decoding=\"async\" width=\"16\" height=\"16\" alt=\"Loading\" src=\"https:\/\/temucotelevision.cl\/web\/wp-content\/plugins\/page-views-count\/ajax-loader-2x.gif\" border=0 \/><\/p>\n<div class=\"pvc_clear\"><\/div>\n<p>A esta hora personal de la Bipe Angol junto a peritos del Lacrim Temuco, concurrieron por orden del Fiscal Aldo<\/p>\n","protected":false},"author":1,"featured_media":16126,"comment_status":"open","ping_status":"open","sticky":false,"template":"","format":"standard","meta":{"colormag_page_container_layout":"default_layout","colormag_page_sidebar_layout":"default_layout","footnotes":""},"categories":[14],"tags":[76],"class_list":["post-16125","post","type-post","status-publish","format-standard","has-post-thumbnail","hentry","category-temuco","tag-pdi"],"a3_pvc":{"activated":true,"total_views":68,"today_views":0},"_links":{"self":[{"href":"https:\/\/temucotelevision.cl\/web\/wp-json\/wp\/v2\/posts\/16125","targetHints":{"allow":["GET"]}}],"collection":[{"href":"https:\/\/temucotelevision.cl\/web\/wp-json\/wp\/v2\/posts"}],"about":[{"href":"https:\/\/temucotelevision.cl\/web\/wp-json\/wp\/v2\/types\/post"}],"author":[{"embeddable":true,"href":"https:\/\/temucotelevision.cl\/web\/wp-json\/wp\/v2\/users\/1"}],"replies":[{"embeddable":true,"href":"https:\/\/temucotelevision.cl\/web\/wp-json\/wp\/v2\/comments?post=16125"}],"version-history":[{"count":3,"href":"https:\/\/temucotelevision.cl\/web\/wp-json\/wp\/v2\/posts\/16125\/revisions"}],"predecessor-version":[{"id":16131,"href":"https:\/\/temucotelevision.cl\/web\/wp-json\/wp\/v2\/posts\/16125\/revisions\/16131"}],"wp:featuredmedia":[{"embeddable":true,"href":"https:\/\/temucotelevision.cl\/web\/wp-json\/wp\/v2\/media\/16126"}],"wp:attachment":[{"href":"https:\/\/temucotelevision.cl\/web\/wp-json\/wp\/v2\/media?parent=16125"}],"wp:term":[{"taxonomy":"category","embeddable":true,"href":"https:\/\/temucotelevision.cl\/web\/wp-json\/wp\/v2\/categories?post=16125"},{"taxonomy":"post_tag","embeddable":true,"href":"https:\/\/temucotelevision.cl\/web\/wp-json\/wp\/v2\/tags?post=16125"}],"curies":[{"name":"wp","href":"https:\/\/api.w.org\/{rel}","templated":true}]}}