{"id":16116,"date":"2020-11-14T13:16:32","date_gmt":"2020-11-14T16:16:32","guid":{"rendered":"https:\/\/temucotelevision.cl\/web\/?p=16116"},"modified":"2020-11-14T13:20:28","modified_gmt":"2020-11-14T16:20:28","slug":"marcha-mapuche-por-camilo-catrillanca-se-registro-en-la-ruta-5-sur","status":"publish","type":"post","link":"https:\/\/temucotelevision.cl\/web\/2020\/11\/14\/marcha-mapuche-por-camilo-catrillanca-se-registro-en-la-ruta-5-sur\/","title":{"rendered":"Marcha mapuche por Camilo Catrillanca se registr\u00f3 en la Ruta 5 Sur"},"content":{"rendered":"<div class=\"pvc_clear\"><\/div><p id=\"pvc_stats_16116\" class=\"pvc_stats total_only  \" data-element-id=\"16116\" style=\"\"><i class=\"pvc-stats-icon large\" aria-hidden=\"true\"><svg aria-hidden=\"true\" focusable=\"false\" data-prefix=\"far\" data-icon=\"chart-bar\" role=\"img\" xmlns=\"http:\/\/www.w3.org\/2000\/svg\" viewBox=\"0 0 512 512\" class=\"svg-inline--fa fa-chart-bar fa-w-16 fa-2x\"><path fill=\"currentColor\" d=\"M396.8 352h22.4c6.4 0 12.8-6.4 12.8-12.8V108.8c0-6.4-6.4-12.8-12.8-12.8h-22.4c-6.4 0-12.8 6.4-12.8 12.8v230.4c0 6.4 6.4 12.8 12.8 12.8zm-192 0h22.4c6.4 0 12.8-6.4 12.8-12.8V140.8c0-6.4-6.4-12.8-12.8-12.8h-22.4c-6.4 0-12.8 6.4-12.8 12.8v198.4c0 6.4 6.4 12.8 12.8 12.8zm96 0h22.4c6.4 0 12.8-6.4 12.8-12.8V204.8c0-6.4-6.4-12.8-12.8-12.8h-22.4c-6.4 0-12.8 6.4-12.8 12.8v134.4c0 6.4 6.4 12.8 12.8 12.8zM496 400H48V80c0-8.84-7.16-16-16-16H16C7.16 64 0 71.16 0 80v336c0 17.67 14.33 32 32 32h464c8.84 0 16-7.16 16-16v-16c0-8.84-7.16-16-16-16zm-387.2-48h22.4c6.4 0 12.8-6.4 12.8-12.8v-70.4c0-6.4-6.4-12.8-12.8-12.8h-22.4c-6.4 0-12.8 6.4-12.8 12.8v70.4c0 6.4 6.4 12.8 12.8 12.8z\" class=\"\"><\/path><\/svg><\/i> <img loading=\"lazy\" decoding=\"async\" width=\"16\" height=\"16\" alt=\"Loading\" src=\"https:\/\/temucotelevision.cl\/web\/wp-content\/plugins\/page-views-count\/ajax-loader-2x.gif\" border=0 \/><\/p><div class=\"pvc_clear\"><\/div>\n<p>Esta ma\u00f1ana se registr\u00f3 una marcha mapuche en conmemoraci\u00f3n del segundo aniversario de la muerte del comunero Camilo Catrillanca en la Ruta 5 sur.<\/p>\n\n\n\n<div class=\"wp-block-image\"><figure class=\"aligncenter is-resized\"><img loading=\"lazy\" decoding=\"async\" src=\"https:\/\/temucotelevision.cl\/web\/wp-content\/uploads\/2020\/11\/Aniversario-2-Catrillanca-824x1024.jpg\" alt=\"\" class=\"wp-image-16122\" width=\"496\" height=\"616\" srcset=\"https:\/\/temucotelevision.cl\/web\/wp-content\/uploads\/2020\/11\/Aniversario-2-Catrillanca-824x1024.jpg 824w, https:\/\/temucotelevision.cl\/web\/wp-content\/uploads\/2020\/11\/Aniversario-2-Catrillanca-768x954.jpg 768w, https:\/\/temucotelevision.cl\/web\/wp-content\/uploads\/2020\/11\/Aniversario-2-Catrillanca.jpg 1030w\" sizes=\"auto, (max-width: 496px) 100vw, 496px\" \/><\/figure><\/div>\n\n\n\n<p>Tras la caravana se interrumpi\u00f3 el tr\u00e1nsito entre Collupulli por el norte y Victoria por la zona sur. <\/p>\n\n\n\n<p>La caravana se realiz\u00f3 por parte de los comuneros a caballo, y en veh\u00edculos por la carretera. Mientras se movilizaban, en el lugar se registraban quema de pastizales en uno de los costados de la ruta.<\/p>\n\n\n\n<figure class=\"wp-block-image\"><img loading=\"lazy\" decoding=\"async\" width=\"1024\" height=\"768\" src=\"https:\/\/temucotelevision.cl\/web\/wp-content\/uploads\/2020\/11\/Pastizales-ruta5-1024x768.jpg\" alt=\"\" class=\"wp-image-16123\" srcset=\"https:\/\/temucotelevision.cl\/web\/wp-content\/uploads\/2020\/11\/Pastizales-ruta5-1024x768.jpg 1024w, https:\/\/temucotelevision.cl\/web\/wp-content\/uploads\/2020\/11\/Pastizales-ruta5-768x576.jpg 768w, https:\/\/temucotelevision.cl\/web\/wp-content\/uploads\/2020\/11\/Pastizales-ruta5.jpg 1280w\" sizes=\"auto, (max-width: 1024px) 100vw, 1024px\" \/><\/figure>\n\n\n\n<blockquote class=\"twitter-tweet\"><p lang=\"es\" dir=\"ltr\">\ud83d\udd34AHORA | Marcha y cabalgata <a href=\"https:\/\/twitter.com\/hashtag\/Mapuche?src=hash&amp;ref_src=twsrc%5Etfw\">#Mapuche<\/a> por aniversario del Asesinato de <a href=\"https:\/\/twitter.com\/hashtag\/CamiloCatrillanca?src=hash&amp;ref_src=twsrc%5Etfw\">#CamiloCatrillanca<\/a> se toman ruta 5 sur a la altura de e <a href=\"https:\/\/twitter.com\/hashtag\/Ercilla?src=hash&amp;ref_src=twsrc%5Etfw\">#Ercilla<\/a> <a href=\"https:\/\/t.co\/dyDicdc5zT\">pic.twitter.com\/dyDicdc5zT<\/a><\/p>&mdash; Werken Noticias (@info_werken) <a href=\"https:\/\/twitter.com\/info_werken\/status\/1327619135296184321?ref_src=twsrc%5Etfw\">November 14, 2020<\/a><\/blockquote> <script async src=\"https:\/\/platform.twitter.com\/widgets.js\" charset=\"utf-8\"><\/script>\n","protected":false},"excerpt":{"rendered":"<div class=\"pvc_clear\"><\/div>\n<p id=\"pvc_stats_16116\" class=\"pvc_stats total_only  \" data-element-id=\"16116\" style=\"\"><i class=\"pvc-stats-icon large\" aria-hidden=\"true\"><svg aria-hidden=\"true\" focusable=\"false\" data-prefix=\"far\" data-icon=\"chart-bar\" role=\"img\" xmlns=\"http:\/\/www.w3.org\/2000\/svg\" viewBox=\"0 0 512 512\" class=\"svg-inline--fa fa-chart-bar fa-w-16 fa-2x\"><path fill=\"currentColor\" d=\"M396.8 352h22.4c6.4 0 12.8-6.4 12.8-12.8V108.8c0-6.4-6.4-12.8-12.8-12.8h-22.4c-6.4 0-12.8 6.4-12.8 12.8v230.4c0 6.4 6.4 12.8 12.8 12.8zm-192 0h22.4c6.4 0 12.8-6.4 12.8-12.8V140.8c0-6.4-6.4-12.8-12.8-12.8h-22.4c-6.4 0-12.8 6.4-12.8 12.8v198.4c0 6.4 6.4 12.8 12.8 12.8zm96 0h22.4c6.4 0 12.8-6.4 12.8-12.8V204.8c0-6.4-6.4-12.8-12.8-12.8h-22.4c-6.4 0-12.8 6.4-12.8 12.8v134.4c0 6.4 6.4 12.8 12.8 12.8zM496 400H48V80c0-8.84-7.16-16-16-16H16C7.16 64 0 71.16 0 80v336c0 17.67 14.33 32 32 32h464c8.84 0 16-7.16 16-16v-16c0-8.84-7.16-16-16-16zm-387.2-48h22.4c6.4 0 12.8-6.4 12.8-12.8v-70.4c0-6.4-6.4-12.8-12.8-12.8h-22.4c-6.4 0-12.8 6.4-12.8 12.8v70.4c0 6.4 6.4 12.8 12.8 12.8z\" class=\"\"><\/path><\/svg><\/i> <img loading=\"lazy\" decoding=\"async\" width=\"16\" height=\"16\" alt=\"Loading\" src=\"https:\/\/temucotelevision.cl\/web\/wp-content\/plugins\/page-views-count\/ajax-loader-2x.gif\" border=0 \/><\/p>\n<div class=\"pvc_clear\"><\/div>\n<p>Esta ma\u00f1ana se registr\u00f3 una marcha mapuche en conmemoraci\u00f3n del segundo aniversario de la muerte del comunero Camilo Catrillanca en<\/p>\n","protected":false},"author":1,"featured_media":16117,"comment_status":"open","ping_status":"open","sticky":false,"template":"","format":"standard","meta":{"colormag_page_container_layout":"default_layout","colormag_page_sidebar_layout":"default_layout","footnotes":""},"categories":[15],"tags":[1846,2672],"class_list":["post-16116","post","type-post","status-publish","format-standard","has-post-thumbnail","hentry","category-la-araucania","tag-camilo","tag-caravana"],"a3_pvc":{"activated":true,"total_views":122,"today_views":0},"_links":{"self":[{"href":"https:\/\/temucotelevision.cl\/web\/wp-json\/wp\/v2\/posts\/16116","targetHints":{"allow":["GET"]}}],"collection":[{"href":"https:\/\/temucotelevision.cl\/web\/wp-json\/wp\/v2\/posts"}],"about":[{"href":"https:\/\/temucotelevision.cl\/web\/wp-json\/wp\/v2\/types\/post"}],"author":[{"embeddable":true,"href":"https:\/\/temucotelevision.cl\/web\/wp-json\/wp\/v2\/users\/1"}],"replies":[{"embeddable":true,"href":"https:\/\/temucotelevision.cl\/web\/wp-json\/wp\/v2\/comments?post=16116"}],"version-history":[{"count":4,"href":"https:\/\/temucotelevision.cl\/web\/wp-json\/wp\/v2\/posts\/16116\/revisions"}],"predecessor-version":[{"id":16124,"href":"https:\/\/temucotelevision.cl\/web\/wp-json\/wp\/v2\/posts\/16116\/revisions\/16124"}],"wp:featuredmedia":[{"embeddable":true,"href":"https:\/\/temucotelevision.cl\/web\/wp-json\/wp\/v2\/media\/16117"}],"wp:attachment":[{"href":"https:\/\/temucotelevision.cl\/web\/wp-json\/wp\/v2\/media?parent=16116"}],"wp:term":[{"taxonomy":"category","embeddable":true,"href":"https:\/\/temucotelevision.cl\/web\/wp-json\/wp\/v2\/categories?post=16116"},{"taxonomy":"post_tag","embeddable":true,"href":"https:\/\/temucotelevision.cl\/web\/wp-json\/wp\/v2\/tags?post=16116"}],"curies":[{"name":"wp","href":"https:\/\/api.w.org\/{rel}","templated":true}]}}