{"id":1611,"date":"2019-02-20T10:26:26","date_gmt":"2019-02-20T13:26:26","guid":{"rendered":"https:\/\/temucotelevision.cl\/web\/?p=1611"},"modified":"2019-02-20T10:26:26","modified_gmt":"2019-02-20T13:26:26","slug":"deportes-temuco-entregara-gratuidad-a-los-bomberos-de-la-region-para-asistir-a-los-eventos-deportivos-2019","status":"publish","type":"post","link":"https:\/\/temucotelevision.cl\/web\/2019\/02\/20\/deportes-temuco-entregara-gratuidad-a-los-bomberos-de-la-region-para-asistir-a-los-eventos-deportivos-2019\/","title":{"rendered":"Deportes Temuco entregar\u00e1 gratuidad a los bomberos de la regi\u00f3n para asistir a los eventos deportivos 2019"},"content":{"rendered":"<div class=\"pvc_clear\"><\/div>\n<p id=\"pvc_stats_1611\" class=\"pvc_stats total_only  \" data-element-id=\"1611\" style=\"\"><i class=\"pvc-stats-icon large\" aria-hidden=\"true\"><svg aria-hidden=\"true\" focusable=\"false\" data-prefix=\"far\" data-icon=\"chart-bar\" role=\"img\" xmlns=\"http:\/\/www.w3.org\/2000\/svg\" viewBox=\"0 0 512 512\" class=\"svg-inline--fa fa-chart-bar fa-w-16 fa-2x\"><path fill=\"currentColor\" d=\"M396.8 352h22.4c6.4 0 12.8-6.4 12.8-12.8V108.8c0-6.4-6.4-12.8-12.8-12.8h-22.4c-6.4 0-12.8 6.4-12.8 12.8v230.4c0 6.4 6.4 12.8 12.8 12.8zm-192 0h22.4c6.4 0 12.8-6.4 12.8-12.8V140.8c0-6.4-6.4-12.8-12.8-12.8h-22.4c-6.4 0-12.8 6.4-12.8 12.8v198.4c0 6.4 6.4 12.8 12.8 12.8zm96 0h22.4c6.4 0 12.8-6.4 12.8-12.8V204.8c0-6.4-6.4-12.8-12.8-12.8h-22.4c-6.4 0-12.8 6.4-12.8 12.8v134.4c0 6.4 6.4 12.8 12.8 12.8zM496 400H48V80c0-8.84-7.16-16-16-16H16C7.16 64 0 71.16 0 80v336c0 17.67 14.33 32 32 32h464c8.84 0 16-7.16 16-16v-16c0-8.84-7.16-16-16-16zm-387.2-48h22.4c6.4 0 12.8-6.4 12.8-12.8v-70.4c0-6.4-6.4-12.8-12.8-12.8h-22.4c-6.4 0-12.8 6.4-12.8 12.8v70.4c0 6.4 6.4 12.8 12.8 12.8z\" class=\"\"><\/path><\/svg><\/i> <img loading=\"lazy\" decoding=\"async\" width=\"16\" height=\"16\" alt=\"Loading\" src=\"https:\/\/temucotelevision.cl\/web\/wp-content\/plugins\/page-views-count\/ajax-loader-2x.gif\" border=0 \/><\/p>\n<div class=\"pvc_clear\"><\/div>\n<p style=\"text-align: justify;\" align=\"justify\">En el marco de la conmemoraci\u00f3n de los 120 a\u00f1os de la fundaci\u00f3n del Cuerpo de Bomberos de Temuco, se firm\u00f3 recientemente un convenio con Deportes Temuco, instituci\u00f3n que entregar\u00e1 gratuidad a los bomberos y bomberas de la regi\u00f3n para asistir a los eventos deportivos que se desarrollen durante el presente a\u00f1o en la comuna.<\/p>\n<p style=\"text-align: justify;\" align=\"justify\">Leonel Nualart, superintendente del Cuerpo de Bomberos de Temuco, se\u00f1al\u00f3\u00a0\u201cagradecemos a Deportes Temuco por este convenio que adem\u00e1s nos ayudar\u00e1 a difundir a trav\u00e9s de las pantallas del estadio sobre nuestro convenio con Aguas Araucan\u00eda. En este sentido, necesitamos una mayor colaboraci\u00f3n de la comunidad para poder cumplir con nuestros compromisos, renovar el material mayor y menor. Las m\u00e1quinas son muy antiguas y necesitamos tener elementos modernos y tecnol\u00f3gicos que est\u00e9n de acuerdo con lo que se utiliza actualmente. Queremos que la gente entienda que todo lo que est\u00e1 haciendo bomberos con Aguas Araucan\u00eda es serio, real, fidedigno y transparente\u201d.<\/p>\n<p style=\"text-align: justify;\" align=\"justify\">Al respecto, Fernando Navarrete, gerente general de Deportes Temuco, se\u00f1al\u00f3\u00a0\u201cDeportes Temuco ha querido dar un regalo a los bomberos de nuestra regi\u00f3n a trav\u00e9s de los bomberos de nuestra ciudad. Todos sabemos lo que significan los bomberos voluntarios para los chilenos, no hay ninguno chileno que no valore esta instituci\u00f3n. Es as\u00ed que el Club de Deportes Temuco quiere invitar a todos los bomberos de la regi\u00f3n a ser parte de la campa\u00f1a 2019 de nuestro club, ingresando gratuitamente a todos nuestros partidos de local, presentando su credencial y carnet de identidad podr\u00e1n hacer ingreso a tribuna Andes. Los esperamos con los brazos abiertos, sean parte de nuestra hinchada, y esperamos tambi\u00e9n que la Anfp replique esto a nuestros colegas clubes y que sientan que bomberos es parte del futbol, del deporte y es parte de nosotros como chilenos\u201d.<\/p>\n","protected":false},"excerpt":{"rendered":"<div class=\"pvc_clear\"><\/div>\n<p id=\"pvc_stats_1611\" class=\"pvc_stats total_only  \" data-element-id=\"1611\" style=\"\"><i class=\"pvc-stats-icon large\" aria-hidden=\"true\"><svg aria-hidden=\"true\" focusable=\"false\" data-prefix=\"far\" data-icon=\"chart-bar\" role=\"img\" xmlns=\"http:\/\/www.w3.org\/2000\/svg\" viewBox=\"0 0 512 512\" class=\"svg-inline--fa fa-chart-bar fa-w-16 fa-2x\"><path fill=\"currentColor\" d=\"M396.8 352h22.4c6.4 0 12.8-6.4 12.8-12.8V108.8c0-6.4-6.4-12.8-12.8-12.8h-22.4c-6.4 0-12.8 6.4-12.8 12.8v230.4c0 6.4 6.4 12.8 12.8 12.8zm-192 0h22.4c6.4 0 12.8-6.4 12.8-12.8V140.8c0-6.4-6.4-12.8-12.8-12.8h-22.4c-6.4 0-12.8 6.4-12.8 12.8v198.4c0 6.4 6.4 12.8 12.8 12.8zm96 0h22.4c6.4 0 12.8-6.4 12.8-12.8V204.8c0-6.4-6.4-12.8-12.8-12.8h-22.4c-6.4 0-12.8 6.4-12.8 12.8v134.4c0 6.4 6.4 12.8 12.8 12.8zM496 400H48V80c0-8.84-7.16-16-16-16H16C7.16 64 0 71.16 0 80v336c0 17.67 14.33 32 32 32h464c8.84 0 16-7.16 16-16v-16c0-8.84-7.16-16-16-16zm-387.2-48h22.4c6.4 0 12.8-6.4 12.8-12.8v-70.4c0-6.4-6.4-12.8-12.8-12.8h-22.4c-6.4 0-12.8 6.4-12.8 12.8v70.4c0 6.4 6.4 12.8 12.8 12.8z\" class=\"\"><\/path><\/svg><\/i> <img loading=\"lazy\" decoding=\"async\" width=\"16\" height=\"16\" alt=\"Loading\" src=\"https:\/\/temucotelevision.cl\/web\/wp-content\/plugins\/page-views-count\/ajax-loader-2x.gif\" border=0 \/><\/p>\n<div class=\"pvc_clear\"><\/div>\n<p>En el marco de la conmemoraci\u00f3n de los 120 a\u00f1os de la fundaci\u00f3n del Cuerpo de Bomberos de Temuco, se<\/p>\n","protected":false},"author":1,"featured_media":1612,"comment_status":"open","ping_status":"open","sticky":false,"template":"","format":"standard","meta":{"colormag_page_container_layout":"default_layout","colormag_page_sidebar_layout":"default_layout","footnotes":""},"categories":[14],"tags":[304,576],"class_list":["post-1611","post","type-post","status-publish","format-standard","has-post-thumbnail","hentry","category-temuco","tag-bomberos","tag-deportes-temuco"],"a3_pvc":{"activated":true,"total_views":73,"today_views":0},"_links":{"self":[{"href":"https:\/\/temucotelevision.cl\/web\/wp-json\/wp\/v2\/posts\/1611","targetHints":{"allow":["GET"]}}],"collection":[{"href":"https:\/\/temucotelevision.cl\/web\/wp-json\/wp\/v2\/posts"}],"about":[{"href":"https:\/\/temucotelevision.cl\/web\/wp-json\/wp\/v2\/types\/post"}],"author":[{"embeddable":true,"href":"https:\/\/temucotelevision.cl\/web\/wp-json\/wp\/v2\/users\/1"}],"replies":[{"embeddable":true,"href":"https:\/\/temucotelevision.cl\/web\/wp-json\/wp\/v2\/comments?post=1611"}],"version-history":[{"count":1,"href":"https:\/\/temucotelevision.cl\/web\/wp-json\/wp\/v2\/posts\/1611\/revisions"}],"predecessor-version":[{"id":1613,"href":"https:\/\/temucotelevision.cl\/web\/wp-json\/wp\/v2\/posts\/1611\/revisions\/1613"}],"wp:featuredmedia":[{"embeddable":true,"href":"https:\/\/temucotelevision.cl\/web\/wp-json\/wp\/v2\/media\/1612"}],"wp:attachment":[{"href":"https:\/\/temucotelevision.cl\/web\/wp-json\/wp\/v2\/media?parent=1611"}],"wp:term":[{"taxonomy":"category","embeddable":true,"href":"https:\/\/temucotelevision.cl\/web\/wp-json\/wp\/v2\/categories?post=1611"},{"taxonomy":"post_tag","embeddable":true,"href":"https:\/\/temucotelevision.cl\/web\/wp-json\/wp\/v2\/tags?post=1611"}],"curies":[{"name":"wp","href":"https:\/\/api.w.org\/{rel}","templated":true}]}}