{"id":16108,"date":"2020-11-14T12:52:39","date_gmt":"2020-11-14T15:52:39","guid":{"rendered":"https:\/\/temucotelevision.cl\/web\/?p=16108"},"modified":"2020-11-14T12:54:28","modified_gmt":"2020-11-14T15:54:28","slug":"marez-estrena-nuevo-sencillo-mariposas","status":"publish","type":"post","link":"https:\/\/temucotelevision.cl\/web\/2020\/11\/14\/marez-estrena-nuevo-sencillo-mariposas\/","title":{"rendered":"Marez estrena nuevo sencillo &#8220;Mariposas&#8221;"},"content":{"rendered":"<div class=\"pvc_clear\"><\/div><p id=\"pvc_stats_16108\" class=\"pvc_stats total_only  \" data-element-id=\"16108\" style=\"\"><i class=\"pvc-stats-icon large\" aria-hidden=\"true\"><svg aria-hidden=\"true\" focusable=\"false\" data-prefix=\"far\" data-icon=\"chart-bar\" role=\"img\" xmlns=\"http:\/\/www.w3.org\/2000\/svg\" viewBox=\"0 0 512 512\" class=\"svg-inline--fa fa-chart-bar fa-w-16 fa-2x\"><path fill=\"currentColor\" d=\"M396.8 352h22.4c6.4 0 12.8-6.4 12.8-12.8V108.8c0-6.4-6.4-12.8-12.8-12.8h-22.4c-6.4 0-12.8 6.4-12.8 12.8v230.4c0 6.4 6.4 12.8 12.8 12.8zm-192 0h22.4c6.4 0 12.8-6.4 12.8-12.8V140.8c0-6.4-6.4-12.8-12.8-12.8h-22.4c-6.4 0-12.8 6.4-12.8 12.8v198.4c0 6.4 6.4 12.8 12.8 12.8zm96 0h22.4c6.4 0 12.8-6.4 12.8-12.8V204.8c0-6.4-6.4-12.8-12.8-12.8h-22.4c-6.4 0-12.8 6.4-12.8 12.8v134.4c0 6.4 6.4 12.8 12.8 12.8zM496 400H48V80c0-8.84-7.16-16-16-16H16C7.16 64 0 71.16 0 80v336c0 17.67 14.33 32 32 32h464c8.84 0 16-7.16 16-16v-16c0-8.84-7.16-16-16-16zm-387.2-48h22.4c6.4 0 12.8-6.4 12.8-12.8v-70.4c0-6.4-6.4-12.8-12.8-12.8h-22.4c-6.4 0-12.8 6.4-12.8 12.8v70.4c0 6.4 6.4 12.8 12.8 12.8z\" class=\"\"><\/path><\/svg><\/i> <img loading=\"lazy\" decoding=\"async\" width=\"16\" height=\"16\" alt=\"Loading\" src=\"https:\/\/temucotelevision.cl\/web\/wp-content\/plugins\/page-views-count\/ajax-loader-2x.gif\" border=0 \/><\/p><div class=\"pvc_clear\"><\/div>\n<p><em>La cantautora y compositora chilena ha liberado su nuevo sencillo luego de la gran promoci\u00f3n alcanzada por su primer trabajo discogr\u00e1fico&nbsp;<strong>Vesania<\/strong>, durante 2018 y 2019. La canci\u00f3n se encuentra disponible en todas las plataformas de m\u00fasica.<\/em><\/p>\n\n\n\n<iframe loading=\"lazy\" width=\"560\" height=\"315\" src=\"https:\/\/www.youtube.com\/embed\/grLZdD6hPTY\" frameborder=\"0\" allow=\"accelerometer; autoplay; clipboard-write; encrypted-media; gyroscope; picture-in-picture\" allowfullscreen=\"\"><\/iframe>\n\n\n\n<p>Una balada que combina sonidos de la m\u00fasica folk en su completa extensi\u00f3n, acompa\u00f1ados con timbres de percusiones programadas y sintetizadores, es la nueva propuesta de la artista nacional&nbsp;<a href=\"https:\/\/www.instagram.com\/marezmusica\/\" target=\"_blank\" rel=\"noreferrer noopener\"><strong>Marez<\/strong><\/a>&nbsp;junto a su reciente lanzamiento&nbsp;<strong><a href=\"https:\/\/open.spotify.com\/track\/1yYAf32H7wV5mnloGpRLeg?si=p5KgOdTeTnGZVUwEO67Z7w\" target=\"_blank\" rel=\"noreferrer noopener\">Mariposas<\/a>.&nbsp;<\/strong><\/p>\n\n\n\n<p>La canci\u00f3n evoca suavemente a aquellas mariposas que se sienten en el est\u00f3mago en el momento exacto cuando se encuentra a la persona correcta, aquella que va a compartir el viaje de la vida junto a nosotros. Conforme van sucedi\u00e9ndose los segundos, el sonido de los c\u00e1lidos arreglos musicales interpretados por la dulce voz de Marez, en compa\u00f1\u00eda de su banda orquestada por bater\u00eda, bajo, piano y guitarra, van dando forma a este sentimiento \u00fanico, plasm\u00e1ndolo nota tras nota.<\/p>\n\n\n\n<p><em>&#8220;Espero que esta canci\u00f3n logre cautivar a la gente viviendo una grata experiencia, transport\u00e1ndose a distintos lugares en su mente, buscando sensaciones y emociones, sin ninguna limitaci\u00f3n en su sentir&#8221;<\/em>&nbsp;comenta Marez.<\/p>\n\n\n\n<p>Puedes disfrutar de&nbsp;<strong>Mariposas&nbsp;<\/strong>en Spotify, Apple Music, Deezer y en tu plataforma de m\u00fasica favorita.<\/p>\n\n\n\n<p><strong>Conoce m\u00e1s sobre Marez<\/strong><br>&nbsp;Marez es el proyecto musical de la cantante Marcela Espoz, oriunda de la Regi\u00f3n Metropolitana de Chile. Desde el 2011 da vida a su m\u00fasica para dar paso a su primer publicaci\u00f3n oficial en el a\u00f1o 2013 con su disco&nbsp;<strong>Nacer.&nbsp;<\/strong><br>Posteriormente en el 2018 libera su segundo trabajo discogr\u00e1fico&nbsp;<strong>Vesania<\/strong>, logrando gran promoci\u00f3n tanto en prensa como en shows en vivo, present\u00e1ndose junto a grandes artistas como Ana Tijoux, Gepe, Sol y Lluvia, entre otros, adem\u00e1s de ser parte de importantes festivales como Santiago Off, Rock Carnaza, Emerge R\u00edo Bueno y Santiago al L\u00edmite.<\/p>\n","protected":false},"excerpt":{"rendered":"<div class=\"pvc_clear\"><\/div>\n<p id=\"pvc_stats_16108\" class=\"pvc_stats total_only  \" data-element-id=\"16108\" style=\"\"><i class=\"pvc-stats-icon large\" aria-hidden=\"true\"><svg aria-hidden=\"true\" focusable=\"false\" data-prefix=\"far\" data-icon=\"chart-bar\" role=\"img\" xmlns=\"http:\/\/www.w3.org\/2000\/svg\" viewBox=\"0 0 512 512\" class=\"svg-inline--fa fa-chart-bar fa-w-16 fa-2x\"><path fill=\"currentColor\" d=\"M396.8 352h22.4c6.4 0 12.8-6.4 12.8-12.8V108.8c0-6.4-6.4-12.8-12.8-12.8h-22.4c-6.4 0-12.8 6.4-12.8 12.8v230.4c0 6.4 6.4 12.8 12.8 12.8zm-192 0h22.4c6.4 0 12.8-6.4 12.8-12.8V140.8c0-6.4-6.4-12.8-12.8-12.8h-22.4c-6.4 0-12.8 6.4-12.8 12.8v198.4c0 6.4 6.4 12.8 12.8 12.8zm96 0h22.4c6.4 0 12.8-6.4 12.8-12.8V204.8c0-6.4-6.4-12.8-12.8-12.8h-22.4c-6.4 0-12.8 6.4-12.8 12.8v134.4c0 6.4 6.4 12.8 12.8 12.8zM496 400H48V80c0-8.84-7.16-16-16-16H16C7.16 64 0 71.16 0 80v336c0 17.67 14.33 32 32 32h464c8.84 0 16-7.16 16-16v-16c0-8.84-7.16-16-16-16zm-387.2-48h22.4c6.4 0 12.8-6.4 12.8-12.8v-70.4c0-6.4-6.4-12.8-12.8-12.8h-22.4c-6.4 0-12.8 6.4-12.8 12.8v70.4c0 6.4 6.4 12.8 12.8 12.8z\" class=\"\"><\/path><\/svg><\/i> <img loading=\"lazy\" decoding=\"async\" width=\"16\" height=\"16\" alt=\"Loading\" src=\"https:\/\/temucotelevision.cl\/web\/wp-content\/plugins\/page-views-count\/ajax-loader-2x.gif\" border=0 \/><\/p>\n<div class=\"pvc_clear\"><\/div>\n<p>La cantautora y compositora chilena ha liberado su nuevo sencillo luego de la gran promoci\u00f3n alcanzada por su primer trabajo<\/p>\n","protected":false},"author":1,"featured_media":16109,"comment_status":"open","ping_status":"open","sticky":false,"template":"","format":"standard","meta":{"colormag_page_container_layout":"default_layout","colormag_page_sidebar_layout":"default_layout","footnotes":""},"categories":[369],"tags":[],"class_list":["post-16108","post","type-post","status-publish","format-standard","has-post-thumbnail","hentry","category-musica"],"a3_pvc":{"activated":true,"total_views":39,"today_views":0},"_links":{"self":[{"href":"https:\/\/temucotelevision.cl\/web\/wp-json\/wp\/v2\/posts\/16108","targetHints":{"allow":["GET"]}}],"collection":[{"href":"https:\/\/temucotelevision.cl\/web\/wp-json\/wp\/v2\/posts"}],"about":[{"href":"https:\/\/temucotelevision.cl\/web\/wp-json\/wp\/v2\/types\/post"}],"author":[{"embeddable":true,"href":"https:\/\/temucotelevision.cl\/web\/wp-json\/wp\/v2\/users\/1"}],"replies":[{"embeddable":true,"href":"https:\/\/temucotelevision.cl\/web\/wp-json\/wp\/v2\/comments?post=16108"}],"version-history":[{"count":3,"href":"https:\/\/temucotelevision.cl\/web\/wp-json\/wp\/v2\/posts\/16108\/revisions"}],"predecessor-version":[{"id":16113,"href":"https:\/\/temucotelevision.cl\/web\/wp-json\/wp\/v2\/posts\/16108\/revisions\/16113"}],"wp:featuredmedia":[{"embeddable":true,"href":"https:\/\/temucotelevision.cl\/web\/wp-json\/wp\/v2\/media\/16109"}],"wp:attachment":[{"href":"https:\/\/temucotelevision.cl\/web\/wp-json\/wp\/v2\/media?parent=16108"}],"wp:term":[{"taxonomy":"category","embeddable":true,"href":"https:\/\/temucotelevision.cl\/web\/wp-json\/wp\/v2\/categories?post=16108"},{"taxonomy":"post_tag","embeddable":true,"href":"https:\/\/temucotelevision.cl\/web\/wp-json\/wp\/v2\/tags?post=16108"}],"curies":[{"name":"wp","href":"https:\/\/api.w.org\/{rel}","templated":true}]}}