{"id":16090,"date":"2020-11-13T22:28:03","date_gmt":"2020-11-14T01:28:03","guid":{"rendered":"https:\/\/temucotelevision.cl\/web\/?p=16090"},"modified":"2020-11-13T22:48:52","modified_gmt":"2020-11-14T01:48:52","slug":"cromantis-presenta-su-cancion-debut-red-que-cuenta-su-historia-intima","status":"publish","type":"post","link":"https:\/\/temucotelevision.cl\/web\/2020\/11\/13\/cromantis-presenta-su-cancion-debut-red-que-cuenta-su-historia-intima\/","title":{"rendered":"Cromantis presenta su canci\u00f3n debut &#8220;Red&#8221;, que cuenta su historia \u00edntima"},"content":{"rendered":"<div class=\"pvc_clear\"><\/div><p id=\"pvc_stats_16090\" class=\"pvc_stats total_only  \" data-element-id=\"16090\" style=\"\"><i class=\"pvc-stats-icon large\" aria-hidden=\"true\"><svg aria-hidden=\"true\" focusable=\"false\" data-prefix=\"far\" data-icon=\"chart-bar\" role=\"img\" xmlns=\"http:\/\/www.w3.org\/2000\/svg\" viewBox=\"0 0 512 512\" class=\"svg-inline--fa fa-chart-bar fa-w-16 fa-2x\"><path fill=\"currentColor\" d=\"M396.8 352h22.4c6.4 0 12.8-6.4 12.8-12.8V108.8c0-6.4-6.4-12.8-12.8-12.8h-22.4c-6.4 0-12.8 6.4-12.8 12.8v230.4c0 6.4 6.4 12.8 12.8 12.8zm-192 0h22.4c6.4 0 12.8-6.4 12.8-12.8V140.8c0-6.4-6.4-12.8-12.8-12.8h-22.4c-6.4 0-12.8 6.4-12.8 12.8v198.4c0 6.4 6.4 12.8 12.8 12.8zm96 0h22.4c6.4 0 12.8-6.4 12.8-12.8V204.8c0-6.4-6.4-12.8-12.8-12.8h-22.4c-6.4 0-12.8 6.4-12.8 12.8v134.4c0 6.4 6.4 12.8 12.8 12.8zM496 400H48V80c0-8.84-7.16-16-16-16H16C7.16 64 0 71.16 0 80v336c0 17.67 14.33 32 32 32h464c8.84 0 16-7.16 16-16v-16c0-8.84-7.16-16-16-16zm-387.2-48h22.4c6.4 0 12.8-6.4 12.8-12.8v-70.4c0-6.4-6.4-12.8-12.8-12.8h-22.4c-6.4 0-12.8 6.4-12.8 12.8v70.4c0 6.4 6.4 12.8 12.8 12.8z\" class=\"\"><\/path><\/svg><\/i> <img loading=\"lazy\" decoding=\"async\" width=\"16\" height=\"16\" alt=\"Loading\" src=\"https:\/\/temucotelevision.cl\/web\/wp-content\/plugins\/page-views-count\/ajax-loader-2x.gif\" border=0 \/><\/p><div class=\"pvc_clear\"><\/div>\n<p><strong>Con tal s\u00f3lo 18 a\u00f1os de edad, la cantante y freestyler chilena habla en este, su primer sencillo, de c\u00f3mo enfrentar inseguridades y salir fortalecida de ello.<\/strong><\/p>\n\n\n\n<iframe loading=\"lazy\" width=\"560\" height=\"315\" src=\"https:\/\/www.youtube.com\/embed\/9AMIHIN2Zlk\" frameborder=\"0\" allow=\"accelerometer; autoplay; clipboard-write; encrypted-media; gyroscope; picture-in-picture\" allowfullscreen><\/iframe>\n\n\n\n<p><a href=\"https:\/\/www.instagram.com\/cromantis_\/?igshid=imcte9dj78r1\" target=\"_blank\" rel=\"noreferrer noopener\" aria-label=\"Cromantis (abrir en una nueva pesta\u00f1a)\">Cromantis<\/a>, debuta con Warner Music, no s\u00f3lo por su natural talento, sino porque es una fiel representante de una generaci\u00f3n de mujeres j\u00f3venes empoderadas, conscientes de lo que quieren y lo expresan claramente.\u00a0<em>\u201cEs un sue\u00f1o estrenar con Warner Music, es una oportunidad tremenda, mucho m\u00e1s en estos tiempos de Covid, donde cuesta mostrar tu arte\u201d<\/em>, coment\u00f3 de su reciente firma con el sello.<\/p>\n\n\n\n<p>Valentina Bustos tiene 18 a\u00f1os, es freestyler y cantante. Su estilo de m\u00fasica es amplio, va del pop, pasando por sonidos urbanos y rescatando tonalidades del R&amp;B. Desde sus 15, est\u00e1 inmersa en un mundo de hombres donde cre\u00f3 \u201cInmuba Free\u201d, el primer colectivo en el mundo creado como un espacio de inclusi\u00f3n de la mujer en las batallas de freestyle. As\u00ed se hizo conocida en las redes sociales, decidida a motivar a las chicas para entrar en el mundo machista de las batallas.<\/p>\n\n\n\n<p>En sus letras relata historias que la conmueven y procesos por los cuales est\u00e1 pasando. Es el caso de su primer sencillo titulado \u201cRed\u201d, canci\u00f3n que habla de su entorno y de su baja autoestima.&nbsp;<em>\u201cHay personas que se aprovechan de las inseguridades tuyas, para su propio beneficio. Ellos te hacen sentir atrapada en una red, y que, si no es por ellos, nadie m\u00e1s te querr\u00e1. Esta violencia psicol\u00f3gica es lo que me inspira, porque es algo que pasa mucho. Si est\u00e1s en una relaci\u00f3n de amistad o amor en que te sientes atrapado, es hora de salir\u201d,<\/em>&nbsp;habla con determinaci\u00f3n.<\/p>\n\n\n\n<p>\u201cRed\u201d fue grabada antes de la pandemia en Buenos Aires, donde le toc\u00f3 conocer de primera fuente el movimiento feminista argentino, lo que marc\u00f3 tambi\u00e9n su discurso. La canci\u00f3n llega acompa\u00f1ada de un video donde cuenta su historia, la de Cromantis, una chica d\u00e9bil en un comienzo, pero que poco a poco se va liberando hasta que al final ya puede dejar las cadenas y sentirse segura. El video fue escrito y dirigido por \u00c1lvaro Anguita, junto a la productora Los Reyes del Parque.&nbsp;<em>\u201cQuiero agradecer especialmente al core\u00f3grafo Felipe Jes\u00fas, quien me ayud\u00f3 a bailar y sacar personalidad\u201d,<\/em>&nbsp;destac\u00f3.<\/p>\n","protected":false},"excerpt":{"rendered":"<div class=\"pvc_clear\"><\/div>\n<p id=\"pvc_stats_16090\" class=\"pvc_stats total_only  \" data-element-id=\"16090\" style=\"\"><i class=\"pvc-stats-icon large\" aria-hidden=\"true\"><svg aria-hidden=\"true\" focusable=\"false\" data-prefix=\"far\" data-icon=\"chart-bar\" role=\"img\" xmlns=\"http:\/\/www.w3.org\/2000\/svg\" viewBox=\"0 0 512 512\" class=\"svg-inline--fa fa-chart-bar fa-w-16 fa-2x\"><path fill=\"currentColor\" d=\"M396.8 352h22.4c6.4 0 12.8-6.4 12.8-12.8V108.8c0-6.4-6.4-12.8-12.8-12.8h-22.4c-6.4 0-12.8 6.4-12.8 12.8v230.4c0 6.4 6.4 12.8 12.8 12.8zm-192 0h22.4c6.4 0 12.8-6.4 12.8-12.8V140.8c0-6.4-6.4-12.8-12.8-12.8h-22.4c-6.4 0-12.8 6.4-12.8 12.8v198.4c0 6.4 6.4 12.8 12.8 12.8zm96 0h22.4c6.4 0 12.8-6.4 12.8-12.8V204.8c0-6.4-6.4-12.8-12.8-12.8h-22.4c-6.4 0-12.8 6.4-12.8 12.8v134.4c0 6.4 6.4 12.8 12.8 12.8zM496 400H48V80c0-8.84-7.16-16-16-16H16C7.16 64 0 71.16 0 80v336c0 17.67 14.33 32 32 32h464c8.84 0 16-7.16 16-16v-16c0-8.84-7.16-16-16-16zm-387.2-48h22.4c6.4 0 12.8-6.4 12.8-12.8v-70.4c0-6.4-6.4-12.8-12.8-12.8h-22.4c-6.4 0-12.8 6.4-12.8 12.8v70.4c0 6.4 6.4 12.8 12.8 12.8z\" class=\"\"><\/path><\/svg><\/i> <img loading=\"lazy\" decoding=\"async\" width=\"16\" height=\"16\" alt=\"Loading\" src=\"https:\/\/temucotelevision.cl\/web\/wp-content\/plugins\/page-views-count\/ajax-loader-2x.gif\" border=0 \/><\/p>\n<div class=\"pvc_clear\"><\/div>\n<p>Con tal s\u00f3lo 18 a\u00f1os de edad, la cantante y freestyler chilena habla en este, su primer sencillo, de c\u00f3mo<\/p>\n","protected":false},"author":1,"featured_media":16091,"comment_status":"open","ping_status":"open","sticky":false,"template":"","format":"standard","meta":{"colormag_page_container_layout":"default_layout","colormag_page_sidebar_layout":"default_layout","footnotes":""},"categories":[369],"tags":[579,1487],"class_list":["post-16090","post","type-post","status-publish","format-standard","has-post-thumbnail","hentry","category-musica","tag-debut","tag-historia"],"a3_pvc":{"activated":true,"total_views":81,"today_views":0},"_links":{"self":[{"href":"https:\/\/temucotelevision.cl\/web\/wp-json\/wp\/v2\/posts\/16090","targetHints":{"allow":["GET"]}}],"collection":[{"href":"https:\/\/temucotelevision.cl\/web\/wp-json\/wp\/v2\/posts"}],"about":[{"href":"https:\/\/temucotelevision.cl\/web\/wp-json\/wp\/v2\/types\/post"}],"author":[{"embeddable":true,"href":"https:\/\/temucotelevision.cl\/web\/wp-json\/wp\/v2\/users\/1"}],"replies":[{"embeddable":true,"href":"https:\/\/temucotelevision.cl\/web\/wp-json\/wp\/v2\/comments?post=16090"}],"version-history":[{"count":3,"href":"https:\/\/temucotelevision.cl\/web\/wp-json\/wp\/v2\/posts\/16090\/revisions"}],"predecessor-version":[{"id":16094,"href":"https:\/\/temucotelevision.cl\/web\/wp-json\/wp\/v2\/posts\/16090\/revisions\/16094"}],"wp:featuredmedia":[{"embeddable":true,"href":"https:\/\/temucotelevision.cl\/web\/wp-json\/wp\/v2\/media\/16091"}],"wp:attachment":[{"href":"https:\/\/temucotelevision.cl\/web\/wp-json\/wp\/v2\/media?parent=16090"}],"wp:term":[{"taxonomy":"category","embeddable":true,"href":"https:\/\/temucotelevision.cl\/web\/wp-json\/wp\/v2\/categories?post=16090"},{"taxonomy":"post_tag","embeddable":true,"href":"https:\/\/temucotelevision.cl\/web\/wp-json\/wp\/v2\/tags?post=16090"}],"curies":[{"name":"wp","href":"https:\/\/api.w.org\/{rel}","templated":true}]}}