{"id":16087,"date":"2020-11-13T16:00:15","date_gmt":"2020-11-13T19:00:15","guid":{"rendered":"https:\/\/temucotelevision.cl\/web\/?p=16087"},"modified":"2020-11-13T16:00:16","modified_gmt":"2020-11-13T19:00:16","slug":"radioteatro-participativo-la-nueva-apuesta-de-red-sur-trashumantes-que-se-escuchara-en-seis-emisoras-de-la-araucania%ef%bb%bf","status":"publish","type":"post","link":"https:\/\/temucotelevision.cl\/web\/2020\/11\/13\/radioteatro-participativo-la-nueva-apuesta-de-red-sur-trashumantes-que-se-escuchara-en-seis-emisoras-de-la-araucania%ef%bb%bf\/","title":{"rendered":"Radioteatro participativo, la nueva apuesta de Red Sur Trashumantes que se escuchar\u00e1 en seis emisoras de La Araucan\u00eda\ufeff"},"content":{"rendered":"<div class=\"pvc_clear\"><\/div><p id=\"pvc_stats_16087\" class=\"pvc_stats total_only  \" data-element-id=\"16087\" style=\"\"><i class=\"pvc-stats-icon large\" aria-hidden=\"true\"><svg aria-hidden=\"true\" focusable=\"false\" data-prefix=\"far\" data-icon=\"chart-bar\" role=\"img\" xmlns=\"http:\/\/www.w3.org\/2000\/svg\" viewBox=\"0 0 512 512\" class=\"svg-inline--fa fa-chart-bar fa-w-16 fa-2x\"><path fill=\"currentColor\" d=\"M396.8 352h22.4c6.4 0 12.8-6.4 12.8-12.8V108.8c0-6.4-6.4-12.8-12.8-12.8h-22.4c-6.4 0-12.8 6.4-12.8 12.8v230.4c0 6.4 6.4 12.8 12.8 12.8zm-192 0h22.4c6.4 0 12.8-6.4 12.8-12.8V140.8c0-6.4-6.4-12.8-12.8-12.8h-22.4c-6.4 0-12.8 6.4-12.8 12.8v198.4c0 6.4 6.4 12.8 12.8 12.8zm96 0h22.4c6.4 0 12.8-6.4 12.8-12.8V204.8c0-6.4-6.4-12.8-12.8-12.8h-22.4c-6.4 0-12.8 6.4-12.8 12.8v134.4c0 6.4 6.4 12.8 12.8 12.8zM496 400H48V80c0-8.84-7.16-16-16-16H16C7.16 64 0 71.16 0 80v336c0 17.67 14.33 32 32 32h464c8.84 0 16-7.16 16-16v-16c0-8.84-7.16-16-16-16zm-387.2-48h22.4c6.4 0 12.8-6.4 12.8-12.8v-70.4c0-6.4-6.4-12.8-12.8-12.8h-22.4c-6.4 0-12.8 6.4-12.8 12.8v70.4c0 6.4 6.4 12.8 12.8 12.8z\" class=\"\"><\/path><\/svg><\/i> <img loading=\"lazy\" decoding=\"async\" width=\"16\" height=\"16\" alt=\"Loading\" src=\"https:\/\/temucotelevision.cl\/web\/wp-content\/plugins\/page-views-count\/ajax-loader-2x.gif\" border=0 \/><\/p><div class=\"pvc_clear\"><\/div>\n<p><em>Durante este mes, habitantes de Vilc\u00fan, Pur\u00e9n, Los Sauces, Curacaut\u00edn, Traigu\u00e9n,&nbsp;&nbsp;Carahue y Renaico podr\u00e1n enviar historias del imaginario local a escuela@fundaciontrashumantes.cl, para dar vida a seis cortos radioteatrales interpretados por compa\u00f1\u00edas de la Regi\u00f3n.&nbsp;&nbsp;<\/em><\/p>\n\n\n\n<p>Un viaje retrospectivo, en donde el sonido, la imaginaci\u00f3n y el territorio cobran relevancia, es la nueva apuesta de Red Sur Trashumantes, que durante el mes de noviembre invita a las personas de Vilc\u00fan, Pur\u00e9n, Los Sauces, Curacaut\u00edn, Traigu\u00e9n, Carahue y Renaico a sumarse desde sus casas al radioteatro.<\/p>\n\n\n\n<p>As\u00ed, en una primera instancia, este proyecto financiado por el programa de Apoyo a Organizaciones Culturales Colaboradoras del ministerio de las Culturas, las Artes y el Patrimonio de Chile, realizar\u00e1 seis Programas Radiales Participativos, que tendr\u00e1n como resultado final seis Cortos Radioteatrales.<\/p>\n\n\n\n<p>Estos radioteatros ser\u00e1n creados con las historias que los habitantes de cada comuna env\u00eden al correo:&nbsp;<a>escuela@fundaciontrashumantes.cl<\/a>. \u201cLos radioteatros son el fin de un recorrido que inicia con programas en los que recogeremos vivencias y recuerdos de quienes nos sintonicen\u201d, se\u00f1alan Andrea Richards y Gisela Buscaglione.<\/p>\n\n\n\n<p>Las directoras de Fundaci\u00f3n Trashumantes detallan que las personas pueden escuchar \u201cRelatos del territorio\u201d en Radio Magistral 101.3 de Traigu\u00e9n, Radio Millaray 99.9 en Pur\u00e9n y Los Sauces, Radio Las Colinas 98.9 de Carahue, Radio Curacaut\u00edn 93.1, Radio La Granja 107.5 de Vilc\u00fan y Radio Vacilona 100.1 de Renaico.&nbsp;<\/p>\n\n\n\n<p>Cabe destacar que los Cortos Radioteatrales ser\u00e1n elaborados por reconocidas compa\u00f1\u00edas de teatro de la Regi\u00f3n. Las fechas y horarios, en tanto, est\u00e1n disponibles en la p\u00e1gina:&nbsp;<a href=\"http:\/\/www.fundaciontrashumantes.cl\/\">www.fundaciontrashumantes.cl<\/a>, y en redes sociales: Instagram (@escuela_trashumantes), Facebook (@escuelatrashumantes) y Twitter (@EscTrashumantes).<\/p>\n","protected":false},"excerpt":{"rendered":"<div class=\"pvc_clear\"><\/div>\n<p id=\"pvc_stats_16087\" class=\"pvc_stats total_only  \" data-element-id=\"16087\" style=\"\"><i class=\"pvc-stats-icon large\" aria-hidden=\"true\"><svg aria-hidden=\"true\" focusable=\"false\" data-prefix=\"far\" data-icon=\"chart-bar\" role=\"img\" xmlns=\"http:\/\/www.w3.org\/2000\/svg\" viewBox=\"0 0 512 512\" class=\"svg-inline--fa fa-chart-bar fa-w-16 fa-2x\"><path fill=\"currentColor\" d=\"M396.8 352h22.4c6.4 0 12.8-6.4 12.8-12.8V108.8c0-6.4-6.4-12.8-12.8-12.8h-22.4c-6.4 0-12.8 6.4-12.8 12.8v230.4c0 6.4 6.4 12.8 12.8 12.8zm-192 0h22.4c6.4 0 12.8-6.4 12.8-12.8V140.8c0-6.4-6.4-12.8-12.8-12.8h-22.4c-6.4 0-12.8 6.4-12.8 12.8v198.4c0 6.4 6.4 12.8 12.8 12.8zm96 0h22.4c6.4 0 12.8-6.4 12.8-12.8V204.8c0-6.4-6.4-12.8-12.8-12.8h-22.4c-6.4 0-12.8 6.4-12.8 12.8v134.4c0 6.4 6.4 12.8 12.8 12.8zM496 400H48V80c0-8.84-7.16-16-16-16H16C7.16 64 0 71.16 0 80v336c0 17.67 14.33 32 32 32h464c8.84 0 16-7.16 16-16v-16c0-8.84-7.16-16-16-16zm-387.2-48h22.4c6.4 0 12.8-6.4 12.8-12.8v-70.4c0-6.4-6.4-12.8-12.8-12.8h-22.4c-6.4 0-12.8 6.4-12.8 12.8v70.4c0 6.4 6.4 12.8 12.8 12.8z\" class=\"\"><\/path><\/svg><\/i> <img loading=\"lazy\" decoding=\"async\" width=\"16\" height=\"16\" alt=\"Loading\" src=\"https:\/\/temucotelevision.cl\/web\/wp-content\/plugins\/page-views-count\/ajax-loader-2x.gif\" border=0 \/><\/p>\n<div class=\"pvc_clear\"><\/div>\n<p>Durante este mes, habitantes de Vilc\u00fan, Pur\u00e9n, Los Sauces, Curacaut\u00edn, Traigu\u00e9n,&nbsp;&nbsp;Carahue y Renaico podr\u00e1n enviar historias del imaginario local a<\/p>\n","protected":false},"author":1,"featured_media":16088,"comment_status":"open","ping_status":"open","sticky":false,"template":"","format":"standard","meta":{"colormag_page_container_layout":"default_layout","colormag_page_sidebar_layout":"default_layout","footnotes":""},"categories":[86],"tags":[3196,2504],"class_list":["post-16087","post","type-post","status-publish","format-standard","has-post-thumbnail","hentry","category-panoramas","tag-radioteatro","tag-red-sur"],"a3_pvc":{"activated":true,"total_views":43,"today_views":0},"_links":{"self":[{"href":"https:\/\/temucotelevision.cl\/web\/wp-json\/wp\/v2\/posts\/16087","targetHints":{"allow":["GET"]}}],"collection":[{"href":"https:\/\/temucotelevision.cl\/web\/wp-json\/wp\/v2\/posts"}],"about":[{"href":"https:\/\/temucotelevision.cl\/web\/wp-json\/wp\/v2\/types\/post"}],"author":[{"embeddable":true,"href":"https:\/\/temucotelevision.cl\/web\/wp-json\/wp\/v2\/users\/1"}],"replies":[{"embeddable":true,"href":"https:\/\/temucotelevision.cl\/web\/wp-json\/wp\/v2\/comments?post=16087"}],"version-history":[{"count":1,"href":"https:\/\/temucotelevision.cl\/web\/wp-json\/wp\/v2\/posts\/16087\/revisions"}],"predecessor-version":[{"id":16089,"href":"https:\/\/temucotelevision.cl\/web\/wp-json\/wp\/v2\/posts\/16087\/revisions\/16089"}],"wp:featuredmedia":[{"embeddable":true,"href":"https:\/\/temucotelevision.cl\/web\/wp-json\/wp\/v2\/media\/16088"}],"wp:attachment":[{"href":"https:\/\/temucotelevision.cl\/web\/wp-json\/wp\/v2\/media?parent=16087"}],"wp:term":[{"taxonomy":"category","embeddable":true,"href":"https:\/\/temucotelevision.cl\/web\/wp-json\/wp\/v2\/categories?post=16087"},{"taxonomy":"post_tag","embeddable":true,"href":"https:\/\/temucotelevision.cl\/web\/wp-json\/wp\/v2\/tags?post=16087"}],"curies":[{"name":"wp","href":"https:\/\/api.w.org\/{rel}","templated":true}]}}