{"id":16085,"date":"2020-11-13T15:47:22","date_gmt":"2020-11-13T18:47:22","guid":{"rendered":"https:\/\/temucotelevision.cl\/web\/?p=16085"},"modified":"2020-11-13T15:47:26","modified_gmt":"2020-11-13T18:47:26","slug":"diputado-rathgeb-por-cuarentenas-y-alzas-de-contagios-lamentablemente-cifras-crecieron-por-desplazamientos-en-el-plebiscito-y-feriado-de-todos-los-santos%ef%bb%bf","status":"publish","type":"post","link":"https:\/\/temucotelevision.cl\/web\/2020\/11\/13\/diputado-rathgeb-por-cuarentenas-y-alzas-de-contagios-lamentablemente-cifras-crecieron-por-desplazamientos-en-el-plebiscito-y-feriado-de-todos-los-santos%ef%bb%bf\/","title":{"rendered":"Diputado Rathgeb por cuarentenas y alzas de contagios: &#8220;Lamentablemente cifras crecieron por desplazamientos en el plebiscito y feriado de Todos los Santos&#8221;\ufeff"},"content":{"rendered":"<div class=\"pvc_clear\"><\/div><p id=\"pvc_stats_16085\" class=\"pvc_stats total_only  \" data-element-id=\"16085\" style=\"\"><i class=\"pvc-stats-icon large\" aria-hidden=\"true\"><svg aria-hidden=\"true\" focusable=\"false\" data-prefix=\"far\" data-icon=\"chart-bar\" role=\"img\" xmlns=\"http:\/\/www.w3.org\/2000\/svg\" viewBox=\"0 0 512 512\" class=\"svg-inline--fa fa-chart-bar fa-w-16 fa-2x\"><path fill=\"currentColor\" d=\"M396.8 352h22.4c6.4 0 12.8-6.4 12.8-12.8V108.8c0-6.4-6.4-12.8-12.8-12.8h-22.4c-6.4 0-12.8 6.4-12.8 12.8v230.4c0 6.4 6.4 12.8 12.8 12.8zm-192 0h22.4c6.4 0 12.8-6.4 12.8-12.8V140.8c0-6.4-6.4-12.8-12.8-12.8h-22.4c-6.4 0-12.8 6.4-12.8 12.8v198.4c0 6.4 6.4 12.8 12.8 12.8zm96 0h22.4c6.4 0 12.8-6.4 12.8-12.8V204.8c0-6.4-6.4-12.8-12.8-12.8h-22.4c-6.4 0-12.8 6.4-12.8 12.8v134.4c0 6.4 6.4 12.8 12.8 12.8zM496 400H48V80c0-8.84-7.16-16-16-16H16C7.16 64 0 71.16 0 80v336c0 17.67 14.33 32 32 32h464c8.84 0 16-7.16 16-16v-16c0-8.84-7.16-16-16-16zm-387.2-48h22.4c6.4 0 12.8-6.4 12.8-12.8v-70.4c0-6.4-6.4-12.8-12.8-12.8h-22.4c-6.4 0-12.8 6.4-12.8 12.8v70.4c0 6.4 6.4 12.8 12.8 12.8z\" class=\"\"><\/path><\/svg><\/i> <img loading=\"lazy\" decoding=\"async\" width=\"16\" height=\"16\" alt=\"Loading\" src=\"https:\/\/temucotelevision.cl\/web\/wp-content\/plugins\/page-views-count\/ajax-loader-2x.gif\" border=0 \/><\/p><div class=\"pvc_clear\"><\/div>\n<p><strong>El parlamentario indic\u00f3 que el proceso c\u00edvico deb\u00eda realizarse, pero no se guard\u00f3 el distanciamiento necesario y tambi\u00e9n incidi\u00f3 la gran cantidad de desplazamientos entre comunas debido al feriado donde se recuerdan a las personas que han fallecido.<\/strong><\/p>\n\n\n\n<p>Lamentablemente La Araucan\u00eda ha tenido un retroceso constante en las etapas del plan &#8220;Paso a Paso&#8221;, que se grafica en el alza de casos de Coronavirus, que ha venido de la mano con medidas dr\u00e1sticas como es el caso de las cuarentenas.<\/p>\n\n\n\n<p>El diputado de Renovaci\u00f3n Nacional por La Araucan\u00eda, Jorge Rathgeb Schifferli, indic\u00f3 que el plebiscito -independiente del resultado que se dio- y la festividad de Todos los Santos, est\u00e1n incidiendo en las cifras que se est\u00e1n viendo hoy en La Araucan\u00eda.<\/p>\n\n\n\n<p>Para el congresista es hora de que la comunidad tome conciencia que el Coronavirus es algo complejo y real, por lo cual es necesario que se tomen las precauciones del caso, evitando salidas, aglomeraciones y reuniones innecesarias.<\/p>\n\n\n\n<p>&#8220;Los casos positivos que estamos viendo nos preocupan obviamente y en parte se desprenden de las aglomeraciones que se dieron por el plebiscito, donde las personas por sus desplazamientos, no tomaron los resguardos del caso y junto a ello aquellos casos de los que fueron a visitar a sus deudos por Todos los Santos, porque si bien los cementerios estuvieron cerrados ese d\u00eda, en las jornadas anteriores al 1 de noviembre lleg\u00f3 una gran cantidad de fieles a los campos santos de distintos lugares&#8221;, puntualiz\u00f3 Rathgeb.<\/p>\n\n\n\n<p>El parlamentario indic\u00f3 que es momento de aceptar las recomendaciones que hace la autoridad sanitaria o caso contrario los periodos de confinamiento en algunas comunas, podr\u00edan extenderse hasta las fiestas de fin de a\u00f1o, lo que provocar\u00eda serias p\u00e9rdidas en el comercio, en especial en las Pymes de La Araucan\u00eda, principal motor econ\u00f3mico de nuestro pa\u00eds.<\/p>\n","protected":false},"excerpt":{"rendered":"<div class=\"pvc_clear\"><\/div>\n<p id=\"pvc_stats_16085\" class=\"pvc_stats total_only  \" data-element-id=\"16085\" style=\"\"><i class=\"pvc-stats-icon large\" aria-hidden=\"true\"><svg aria-hidden=\"true\" focusable=\"false\" data-prefix=\"far\" data-icon=\"chart-bar\" role=\"img\" xmlns=\"http:\/\/www.w3.org\/2000\/svg\" viewBox=\"0 0 512 512\" class=\"svg-inline--fa fa-chart-bar fa-w-16 fa-2x\"><path fill=\"currentColor\" d=\"M396.8 352h22.4c6.4 0 12.8-6.4 12.8-12.8V108.8c0-6.4-6.4-12.8-12.8-12.8h-22.4c-6.4 0-12.8 6.4-12.8 12.8v230.4c0 6.4 6.4 12.8 12.8 12.8zm-192 0h22.4c6.4 0 12.8-6.4 12.8-12.8V140.8c0-6.4-6.4-12.8-12.8-12.8h-22.4c-6.4 0-12.8 6.4-12.8 12.8v198.4c0 6.4 6.4 12.8 12.8 12.8zm96 0h22.4c6.4 0 12.8-6.4 12.8-12.8V204.8c0-6.4-6.4-12.8-12.8-12.8h-22.4c-6.4 0-12.8 6.4-12.8 12.8v134.4c0 6.4 6.4 12.8 12.8 12.8zM496 400H48V80c0-8.84-7.16-16-16-16H16C7.16 64 0 71.16 0 80v336c0 17.67 14.33 32 32 32h464c8.84 0 16-7.16 16-16v-16c0-8.84-7.16-16-16-16zm-387.2-48h22.4c6.4 0 12.8-6.4 12.8-12.8v-70.4c0-6.4-6.4-12.8-12.8-12.8h-22.4c-6.4 0-12.8 6.4-12.8 12.8v70.4c0 6.4 6.4 12.8 12.8 12.8z\" class=\"\"><\/path><\/svg><\/i> <img loading=\"lazy\" decoding=\"async\" width=\"16\" height=\"16\" alt=\"Loading\" src=\"https:\/\/temucotelevision.cl\/web\/wp-content\/plugins\/page-views-count\/ajax-loader-2x.gif\" border=0 \/><\/p>\n<div class=\"pvc_clear\"><\/div>\n<p>El parlamentario indic\u00f3 que el proceso c\u00edvico deb\u00eda realizarse, pero no se guard\u00f3 el distanciamiento necesario y tambi\u00e9n incidi\u00f3 la<\/p>\n","protected":false},"author":1,"featured_media":11670,"comment_status":"open","ping_status":"open","sticky":false,"template":"","format":"standard","meta":{"colormag_page_container_layout":"default_layout","colormag_page_sidebar_layout":"default_layout","footnotes":""},"categories":[84],"tags":[2553],"class_list":["post-16085","post","type-post","status-publish","format-standard","has-post-thumbnail","hentry","category-politica","tag-alzas"],"a3_pvc":{"activated":true,"total_views":14,"today_views":0},"_links":{"self":[{"href":"https:\/\/temucotelevision.cl\/web\/wp-json\/wp\/v2\/posts\/16085","targetHints":{"allow":["GET"]}}],"collection":[{"href":"https:\/\/temucotelevision.cl\/web\/wp-json\/wp\/v2\/posts"}],"about":[{"href":"https:\/\/temucotelevision.cl\/web\/wp-json\/wp\/v2\/types\/post"}],"author":[{"embeddable":true,"href":"https:\/\/temucotelevision.cl\/web\/wp-json\/wp\/v2\/users\/1"}],"replies":[{"embeddable":true,"href":"https:\/\/temucotelevision.cl\/web\/wp-json\/wp\/v2\/comments?post=16085"}],"version-history":[{"count":1,"href":"https:\/\/temucotelevision.cl\/web\/wp-json\/wp\/v2\/posts\/16085\/revisions"}],"predecessor-version":[{"id":16086,"href":"https:\/\/temucotelevision.cl\/web\/wp-json\/wp\/v2\/posts\/16085\/revisions\/16086"}],"wp:featuredmedia":[{"embeddable":true,"href":"https:\/\/temucotelevision.cl\/web\/wp-json\/wp\/v2\/media\/11670"}],"wp:attachment":[{"href":"https:\/\/temucotelevision.cl\/web\/wp-json\/wp\/v2\/media?parent=16085"}],"wp:term":[{"taxonomy":"category","embeddable":true,"href":"https:\/\/temucotelevision.cl\/web\/wp-json\/wp\/v2\/categories?post=16085"},{"taxonomy":"post_tag","embeddable":true,"href":"https:\/\/temucotelevision.cl\/web\/wp-json\/wp\/v2\/tags?post=16085"}],"curies":[{"name":"wp","href":"https:\/\/api.w.org\/{rel}","templated":true}]}}