{"id":1608,"date":"2019-02-20T10:24:17","date_gmt":"2019-02-20T13:24:17","guid":{"rendered":"https:\/\/temucotelevision.cl\/web\/?p=1608"},"modified":"2019-02-20T10:24:17","modified_gmt":"2019-02-20T13:24:17","slug":"inacer-la-araucania-registro-un-crecimiento-del-65","status":"publish","type":"post","link":"https:\/\/temucotelevision.cl\/web\/2019\/02\/20\/inacer-la-araucania-registro-un-crecimiento-del-65\/","title":{"rendered":"Inacer: La Araucan\u00eda registr\u00f3 un crecimiento del 6,5%"},"content":{"rendered":"<div class=\"pvc_clear\"><\/div>\n<p id=\"pvc_stats_1608\" class=\"pvc_stats total_only  \" data-element-id=\"1608\" style=\"\"><i class=\"pvc-stats-icon large\" aria-hidden=\"true\"><svg aria-hidden=\"true\" focusable=\"false\" data-prefix=\"far\" data-icon=\"chart-bar\" role=\"img\" xmlns=\"http:\/\/www.w3.org\/2000\/svg\" viewBox=\"0 0 512 512\" class=\"svg-inline--fa fa-chart-bar fa-w-16 fa-2x\"><path fill=\"currentColor\" d=\"M396.8 352h22.4c6.4 0 12.8-6.4 12.8-12.8V108.8c0-6.4-6.4-12.8-12.8-12.8h-22.4c-6.4 0-12.8 6.4-12.8 12.8v230.4c0 6.4 6.4 12.8 12.8 12.8zm-192 0h22.4c6.4 0 12.8-6.4 12.8-12.8V140.8c0-6.4-6.4-12.8-12.8-12.8h-22.4c-6.4 0-12.8 6.4-12.8 12.8v198.4c0 6.4 6.4 12.8 12.8 12.8zm96 0h22.4c6.4 0 12.8-6.4 12.8-12.8V204.8c0-6.4-6.4-12.8-12.8-12.8h-22.4c-6.4 0-12.8 6.4-12.8 12.8v134.4c0 6.4 6.4 12.8 12.8 12.8zM496 400H48V80c0-8.84-7.16-16-16-16H16C7.16 64 0 71.16 0 80v336c0 17.67 14.33 32 32 32h464c8.84 0 16-7.16 16-16v-16c0-8.84-7.16-16-16-16zm-387.2-48h22.4c6.4 0 12.8-6.4 12.8-12.8v-70.4c0-6.4-6.4-12.8-12.8-12.8h-22.4c-6.4 0-12.8 6.4-12.8 12.8v70.4c0 6.4 6.4 12.8 12.8 12.8z\" class=\"\"><\/path><\/svg><\/i> <img loading=\"lazy\" decoding=\"async\" width=\"16\" height=\"16\" alt=\"Loading\" src=\"https:\/\/temucotelevision.cl\/web\/wp-content\/plugins\/page-views-count\/ajax-loader-2x.gif\" border=0 \/><\/p>\n<div class=\"pvc_clear\"><\/div>\n<p style=\"text-align: justify;\">Durante el 2018, la Regi\u00f3n de La Araucan\u00eda registr\u00f3 un crecimiento de 6,5% respecto al a\u00f1o 2017, situ\u00e1ndose en cuarto lugar a nivel nacional. Este resultado fue producto de la incidencia positiva de nueve de los diez sectores que componen el indicador, destacando servicios sociales, personales y comunales, producto de administraci\u00f3n p\u00fablica; construcci\u00f3n, debido a una mayor superficie distribuida en edificaci\u00f3n habitacional; y silvoagropecuario influenciado por frut\u00edcola.<\/p>\n<p style=\"text-align: justify;\">Para el cuarto trimestre del 2018, la Regi\u00f3n de La Araucan\u00eda present\u00f3 un crecimiento en su actividad de 5,7%, considerando la tasa de variaci\u00f3n a igual trimestre del a\u00f1o anterior. El aumento de la actividad econ\u00f3mica regional fue impulsado por el crecimiento de siete de los diez sectores que componen el indicador. Los sectores de mayor incidencia positiva fueron: servicios sociales, personales y comunales, influenciado por el subsector de administraci\u00f3n p\u00fablica; construcci\u00f3n, producto principalmente a edificaci\u00f3n habitacional e industria manufacturera, impulsado por una mayor elaboraci\u00f3n de bebidas malteadas y de malta.<\/p>\n<p style=\"text-align: justify;\"><strong>An\u00e1lisis interregional<\/strong><\/p>\n<p style=\"text-align: justify;\"><strong>\u00a0<\/strong><\/p>\n<p style=\"text-align: justify;\">En el a\u00f1o 2018, las regiones que anotaron las mayores tasas de crecimiento en el Indicador de Actividad Econ\u00f3mica Regional (INACER), en comparaci\u00f3n con el a\u00f1o anterior, fueron Maule (11,5%), Magallanes (9,3%) y O\u00b4Higgins (8,0%).<\/p>\n<p style=\"text-align: justify;\">En el cuarto trimestre de 2018, en tanto, Maule (13,9%) y Arica y Parinacota (12,1%) mostraron los principales aumentos inter-anuales en la actividad econ\u00f3mica regional. En Maule los sectores que m\u00e1s contribuyeron al alza fueron servicios sociales, personales y comunales, e industria manufacturera. En Arica y Parinacota, el incremento interanual estuvo liderado por el crecimiento anotado por el sector construcci\u00f3n.<\/p>\n","protected":false},"excerpt":{"rendered":"<div class=\"pvc_clear\"><\/div>\n<p id=\"pvc_stats_1608\" class=\"pvc_stats total_only  \" data-element-id=\"1608\" style=\"\"><i class=\"pvc-stats-icon large\" aria-hidden=\"true\"><svg aria-hidden=\"true\" focusable=\"false\" data-prefix=\"far\" data-icon=\"chart-bar\" role=\"img\" xmlns=\"http:\/\/www.w3.org\/2000\/svg\" viewBox=\"0 0 512 512\" class=\"svg-inline--fa fa-chart-bar fa-w-16 fa-2x\"><path fill=\"currentColor\" d=\"M396.8 352h22.4c6.4 0 12.8-6.4 12.8-12.8V108.8c0-6.4-6.4-12.8-12.8-12.8h-22.4c-6.4 0-12.8 6.4-12.8 12.8v230.4c0 6.4 6.4 12.8 12.8 12.8zm-192 0h22.4c6.4 0 12.8-6.4 12.8-12.8V140.8c0-6.4-6.4-12.8-12.8-12.8h-22.4c-6.4 0-12.8 6.4-12.8 12.8v198.4c0 6.4 6.4 12.8 12.8 12.8zm96 0h22.4c6.4 0 12.8-6.4 12.8-12.8V204.8c0-6.4-6.4-12.8-12.8-12.8h-22.4c-6.4 0-12.8 6.4-12.8 12.8v134.4c0 6.4 6.4 12.8 12.8 12.8zM496 400H48V80c0-8.84-7.16-16-16-16H16C7.16 64 0 71.16 0 80v336c0 17.67 14.33 32 32 32h464c8.84 0 16-7.16 16-16v-16c0-8.84-7.16-16-16-16zm-387.2-48h22.4c6.4 0 12.8-6.4 12.8-12.8v-70.4c0-6.4-6.4-12.8-12.8-12.8h-22.4c-6.4 0-12.8 6.4-12.8 12.8v70.4c0 6.4 6.4 12.8 12.8 12.8z\" class=\"\"><\/path><\/svg><\/i> <img loading=\"lazy\" decoding=\"async\" width=\"16\" height=\"16\" alt=\"Loading\" src=\"https:\/\/temucotelevision.cl\/web\/wp-content\/plugins\/page-views-count\/ajax-loader-2x.gif\" border=0 \/><\/p>\n<div class=\"pvc_clear\"><\/div>\n<p>Durante el 2018, la Regi\u00f3n de La Araucan\u00eda registr\u00f3 un crecimiento de 6,5% respecto al a\u00f1o 2017, situ\u00e1ndose en cuarto<\/p>\n","protected":false},"author":1,"featured_media":1609,"comment_status":"open","ping_status":"open","sticky":false,"template":"","format":"standard","meta":{"colormag_page_container_layout":"default_layout","colormag_page_sidebar_layout":"default_layout","footnotes":""},"categories":[15],"tags":[575,116],"class_list":["post-1608","post","type-post","status-publish","format-standard","has-post-thumbnail","hentry","category-la-araucania","tag-inacer","tag-la-araucania"],"a3_pvc":{"activated":true,"total_views":54,"today_views":0},"_links":{"self":[{"href":"https:\/\/temucotelevision.cl\/web\/wp-json\/wp\/v2\/posts\/1608","targetHints":{"allow":["GET"]}}],"collection":[{"href":"https:\/\/temucotelevision.cl\/web\/wp-json\/wp\/v2\/posts"}],"about":[{"href":"https:\/\/temucotelevision.cl\/web\/wp-json\/wp\/v2\/types\/post"}],"author":[{"embeddable":true,"href":"https:\/\/temucotelevision.cl\/web\/wp-json\/wp\/v2\/users\/1"}],"replies":[{"embeddable":true,"href":"https:\/\/temucotelevision.cl\/web\/wp-json\/wp\/v2\/comments?post=1608"}],"version-history":[{"count":1,"href":"https:\/\/temucotelevision.cl\/web\/wp-json\/wp\/v2\/posts\/1608\/revisions"}],"predecessor-version":[{"id":1610,"href":"https:\/\/temucotelevision.cl\/web\/wp-json\/wp\/v2\/posts\/1608\/revisions\/1610"}],"wp:featuredmedia":[{"embeddable":true,"href":"https:\/\/temucotelevision.cl\/web\/wp-json\/wp\/v2\/media\/1609"}],"wp:attachment":[{"href":"https:\/\/temucotelevision.cl\/web\/wp-json\/wp\/v2\/media?parent=1608"}],"wp:term":[{"taxonomy":"category","embeddable":true,"href":"https:\/\/temucotelevision.cl\/web\/wp-json\/wp\/v2\/categories?post=1608"},{"taxonomy":"post_tag","embeddable":true,"href":"https:\/\/temucotelevision.cl\/web\/wp-json\/wp\/v2\/tags?post=1608"}],"curies":[{"name":"wp","href":"https:\/\/api.w.org\/{rel}","templated":true}]}}