{"id":16061,"date":"2020-11-12T19:31:46","date_gmt":"2020-11-12T22:31:46","guid":{"rendered":"https:\/\/temucotelevision.cl\/web\/?p=16061"},"modified":"2020-11-12T19:31:48","modified_gmt":"2020-11-12T22:31:48","slug":"federacion-regionalista-verde-de-temuco-padre-las-casas-piden-un-ife-para-comunas-en-cuarentena%ef%bb%bf","status":"publish","type":"post","link":"https:\/\/temucotelevision.cl\/web\/2020\/11\/12\/federacion-regionalista-verde-de-temuco-padre-las-casas-piden-un-ife-para-comunas-en-cuarentena%ef%bb%bf\/","title":{"rendered":"Federaci\u00f3n Regionalista Verde de Temuco-Padre Las Casas piden un IFE para comunas en Cuarentena\ufeff"},"content":{"rendered":"<div class=\"pvc_clear\"><\/div><p id=\"pvc_stats_16061\" class=\"pvc_stats total_only  \" data-element-id=\"16061\" style=\"\"><i class=\"pvc-stats-icon large\" aria-hidden=\"true\"><svg aria-hidden=\"true\" focusable=\"false\" data-prefix=\"far\" data-icon=\"chart-bar\" role=\"img\" xmlns=\"http:\/\/www.w3.org\/2000\/svg\" viewBox=\"0 0 512 512\" class=\"svg-inline--fa fa-chart-bar fa-w-16 fa-2x\"><path fill=\"currentColor\" d=\"M396.8 352h22.4c6.4 0 12.8-6.4 12.8-12.8V108.8c0-6.4-6.4-12.8-12.8-12.8h-22.4c-6.4 0-12.8 6.4-12.8 12.8v230.4c0 6.4 6.4 12.8 12.8 12.8zm-192 0h22.4c6.4 0 12.8-6.4 12.8-12.8V140.8c0-6.4-6.4-12.8-12.8-12.8h-22.4c-6.4 0-12.8 6.4-12.8 12.8v198.4c0 6.4 6.4 12.8 12.8 12.8zm96 0h22.4c6.4 0 12.8-6.4 12.8-12.8V204.8c0-6.4-6.4-12.8-12.8-12.8h-22.4c-6.4 0-12.8 6.4-12.8 12.8v134.4c0 6.4 6.4 12.8 12.8 12.8zM496 400H48V80c0-8.84-7.16-16-16-16H16C7.16 64 0 71.16 0 80v336c0 17.67 14.33 32 32 32h464c8.84 0 16-7.16 16-16v-16c0-8.84-7.16-16-16-16zm-387.2-48h22.4c6.4 0 12.8-6.4 12.8-12.8v-70.4c0-6.4-6.4-12.8-12.8-12.8h-22.4c-6.4 0-12.8 6.4-12.8 12.8v70.4c0 6.4 6.4 12.8 12.8 12.8z\" class=\"\"><\/path><\/svg><\/i> <img loading=\"lazy\" decoding=\"async\" width=\"16\" height=\"16\" alt=\"Loading\" src=\"https:\/\/temucotelevision.cl\/web\/wp-content\/plugins\/page-views-count\/ajax-loader-2x.gif\" border=0 \/><\/p><div class=\"pvc_clear\"><\/div>\n<p><strong><em>Comunas con movilidad reducida cuentan con la mayor cantidad de trabajadores informales afectados por este segundo confinamiento.<\/em><\/strong><\/p>\n\n\n\n<p>La Federaci\u00f3n Regionalista Verde Social (FREVS) de las comunas de Temuco y Padre Las Casas llamaron al Gobierno a implementar un IFE territorial en las comunas que se encuentran en cuarentena debido a que el confinamiento est\u00e1 afectando duramente a las familias y trabajadores informales que viven de una actividad econ\u00f3mica de subsistencia.<\/p>\n\n\n\n<p>As\u00ed lo formul\u00f3 la FREVS desde la intercomuna, quienes expresaron que \u201cesta crisis sanitaria est\u00e1 profundizando las desigualdades y la precarizaci\u00f3n laboral de estas comunas de La Araucan\u00eda, por lo que es necesario que los parlamentarios abran di\u00e1logo con Hacienda para que pueda activarse un Ingreso Familiar de Emergencia (IFE) por territorios y comunas en cuarentena, sobre todo en nuestra regi\u00f3n donde el desempleo alcanz\u00f3 un 13.0%, 5,6% puntos m\u00e1s que en el mismo periodo del a\u00f1o anterior y regi\u00f3n donde m\u00e1s se ha utilizado la ley de protecci\u00f3n al empleo\u201d.<\/p>\n\n\n\n<p>&nbsp;\u201cNo podemos esperar que todo el pa\u00eds est\u00e9 en cuarentena para abrir esta medida, sino que se debe ir territorializando, ya que cada regi\u00f3n y comunas en cuarentena tienen su propia realidad local, la idea es que combatamos el Covid no solo con medidas sanitarias de confinamiento, sino que la cuarentena debe ir de la mano de apoyo econ\u00f3mico estatal para que las personas no salgan sin salvoconductos a vender o comercializar. El tema es urgente, se requiere seguridad alimentaria y econ\u00f3mica\u201d, comentaron desde la Federaci\u00f3n Regionalista de Temuco y Padre Las Casas<\/p>\n\n\n\n<p>En tanto el Core Daniel Sandoval (FREVS) coment\u00f3 que \u201chay mucha destrucci\u00f3n de empleos, la gravedad econ\u00f3mica de esta crisis sanitaria es profunda, por lo que se requiere apoyo del Estado, donde las mujeres tambi\u00e9n est\u00e1n siendo fuertemente afectadas en sus rubros agr\u00edcolas, comercio y construcci\u00f3n. Como jefas de hogar, hortaliceras, emprendedoras, artesanas, jornaleras, etc, ya no dan m\u00e1s\u201d<\/p>\n\n\n\n<p>Por \u00faltimo, la FREVS de Temuco y Padre Las Casas esperan que \u201cfrente a las deficientes medidas y plan econ\u00f3mico del gobierno, esta medida debe ser abordada con urgencia ya que la pobreza y la crisis sanitaria tiene sin duda rostro de mujer, debemos ir en apoyo de la mujer trabajadora que hoy no tiene c\u00f3mo obtener ingresos por cuarentena\u201d, concluyeron.<\/p>\n","protected":false},"excerpt":{"rendered":"<div class=\"pvc_clear\"><\/div>\n<p id=\"pvc_stats_16061\" class=\"pvc_stats total_only  \" data-element-id=\"16061\" style=\"\"><i class=\"pvc-stats-icon large\" aria-hidden=\"true\"><svg aria-hidden=\"true\" focusable=\"false\" data-prefix=\"far\" data-icon=\"chart-bar\" role=\"img\" xmlns=\"http:\/\/www.w3.org\/2000\/svg\" viewBox=\"0 0 512 512\" class=\"svg-inline--fa fa-chart-bar fa-w-16 fa-2x\"><path fill=\"currentColor\" d=\"M396.8 352h22.4c6.4 0 12.8-6.4 12.8-12.8V108.8c0-6.4-6.4-12.8-12.8-12.8h-22.4c-6.4 0-12.8 6.4-12.8 12.8v230.4c0 6.4 6.4 12.8 12.8 12.8zm-192 0h22.4c6.4 0 12.8-6.4 12.8-12.8V140.8c0-6.4-6.4-12.8-12.8-12.8h-22.4c-6.4 0-12.8 6.4-12.8 12.8v198.4c0 6.4 6.4 12.8 12.8 12.8zm96 0h22.4c6.4 0 12.8-6.4 12.8-12.8V204.8c0-6.4-6.4-12.8-12.8-12.8h-22.4c-6.4 0-12.8 6.4-12.8 12.8v134.4c0 6.4 6.4 12.8 12.8 12.8zM496 400H48V80c0-8.84-7.16-16-16-16H16C7.16 64 0 71.16 0 80v336c0 17.67 14.33 32 32 32h464c8.84 0 16-7.16 16-16v-16c0-8.84-7.16-16-16-16zm-387.2-48h22.4c6.4 0 12.8-6.4 12.8-12.8v-70.4c0-6.4-6.4-12.8-12.8-12.8h-22.4c-6.4 0-12.8 6.4-12.8 12.8v70.4c0 6.4 6.4 12.8 12.8 12.8z\" class=\"\"><\/path><\/svg><\/i> <img loading=\"lazy\" decoding=\"async\" width=\"16\" height=\"16\" alt=\"Loading\" src=\"https:\/\/temucotelevision.cl\/web\/wp-content\/plugins\/page-views-count\/ajax-loader-2x.gif\" border=0 \/><\/p>\n<div class=\"pvc_clear\"><\/div>\n<p>Comunas con movilidad reducida cuentan con la mayor cantidad de trabajadores informales afectados por este segundo confinamiento. La Federaci\u00f3n Regionalista<\/p>\n","protected":false},"author":1,"featured_media":16062,"comment_status":"open","ping_status":"open","sticky":false,"template":"","format":"standard","meta":{"colormag_page_container_layout":"default_layout","colormag_page_sidebar_layout":"default_layout","footnotes":""},"categories":[84],"tags":[2322,1725],"class_list":["post-16061","post","type-post","status-publish","format-standard","has-post-thumbnail","hentry","category-politica","tag-cuarentena","tag-federacion"],"a3_pvc":{"activated":true,"total_views":21,"today_views":0},"_links":{"self":[{"href":"https:\/\/temucotelevision.cl\/web\/wp-json\/wp\/v2\/posts\/16061","targetHints":{"allow":["GET"]}}],"collection":[{"href":"https:\/\/temucotelevision.cl\/web\/wp-json\/wp\/v2\/posts"}],"about":[{"href":"https:\/\/temucotelevision.cl\/web\/wp-json\/wp\/v2\/types\/post"}],"author":[{"embeddable":true,"href":"https:\/\/temucotelevision.cl\/web\/wp-json\/wp\/v2\/users\/1"}],"replies":[{"embeddable":true,"href":"https:\/\/temucotelevision.cl\/web\/wp-json\/wp\/v2\/comments?post=16061"}],"version-history":[{"count":1,"href":"https:\/\/temucotelevision.cl\/web\/wp-json\/wp\/v2\/posts\/16061\/revisions"}],"predecessor-version":[{"id":16063,"href":"https:\/\/temucotelevision.cl\/web\/wp-json\/wp\/v2\/posts\/16061\/revisions\/16063"}],"wp:featuredmedia":[{"embeddable":true,"href":"https:\/\/temucotelevision.cl\/web\/wp-json\/wp\/v2\/media\/16062"}],"wp:attachment":[{"href":"https:\/\/temucotelevision.cl\/web\/wp-json\/wp\/v2\/media?parent=16061"}],"wp:term":[{"taxonomy":"category","embeddable":true,"href":"https:\/\/temucotelevision.cl\/web\/wp-json\/wp\/v2\/categories?post=16061"},{"taxonomy":"post_tag","embeddable":true,"href":"https:\/\/temucotelevision.cl\/web\/wp-json\/wp\/v2\/tags?post=16061"}],"curies":[{"name":"wp","href":"https:\/\/api.w.org\/{rel}","templated":true}]}}