{"id":16058,"date":"2020-11-12T19:00:58","date_gmt":"2020-11-12T22:00:58","guid":{"rendered":"https:\/\/temucotelevision.cl\/web\/?p=16058"},"modified":"2020-11-12T19:00:59","modified_gmt":"2020-11-12T22:00:59","slug":"diputado-celis-pide-un-ano-de-plazo-para-pago-de-patentes-comerciales-para-pequenos-emprendedores","status":"publish","type":"post","link":"https:\/\/temucotelevision.cl\/web\/2020\/11\/12\/diputado-celis-pide-un-ano-de-plazo-para-pago-de-patentes-comerciales-para-pequenos-emprendedores\/","title":{"rendered":"Diputado Celis pide un a\u00f1o de plazo para pago de patentes comerciales para peque\u00f1os emprendedores"},"content":{"rendered":"<div class=\"pvc_clear\"><\/div><p id=\"pvc_stats_16058\" class=\"pvc_stats total_only  \" data-element-id=\"16058\" style=\"\"><i class=\"pvc-stats-icon large\" aria-hidden=\"true\"><svg aria-hidden=\"true\" focusable=\"false\" data-prefix=\"far\" data-icon=\"chart-bar\" role=\"img\" xmlns=\"http:\/\/www.w3.org\/2000\/svg\" viewBox=\"0 0 512 512\" class=\"svg-inline--fa fa-chart-bar fa-w-16 fa-2x\"><path fill=\"currentColor\" d=\"M396.8 352h22.4c6.4 0 12.8-6.4 12.8-12.8V108.8c0-6.4-6.4-12.8-12.8-12.8h-22.4c-6.4 0-12.8 6.4-12.8 12.8v230.4c0 6.4 6.4 12.8 12.8 12.8zm-192 0h22.4c6.4 0 12.8-6.4 12.8-12.8V140.8c0-6.4-6.4-12.8-12.8-12.8h-22.4c-6.4 0-12.8 6.4-12.8 12.8v198.4c0 6.4 6.4 12.8 12.8 12.8zm96 0h22.4c6.4 0 12.8-6.4 12.8-12.8V204.8c0-6.4-6.4-12.8-12.8-12.8h-22.4c-6.4 0-12.8 6.4-12.8 12.8v134.4c0 6.4 6.4 12.8 12.8 12.8zM496 400H48V80c0-8.84-7.16-16-16-16H16C7.16 64 0 71.16 0 80v336c0 17.67 14.33 32 32 32h464c8.84 0 16-7.16 16-16v-16c0-8.84-7.16-16-16-16zm-387.2-48h22.4c6.4 0 12.8-6.4 12.8-12.8v-70.4c0-6.4-6.4-12.8-12.8-12.8h-22.4c-6.4 0-12.8 6.4-12.8 12.8v70.4c0 6.4 6.4 12.8 12.8 12.8z\" class=\"\"><\/path><\/svg><\/i> <img loading=\"lazy\" decoding=\"async\" width=\"16\" height=\"16\" alt=\"Loading\" src=\"https:\/\/temucotelevision.cl\/web\/wp-content\/plugins\/page-views-count\/ajax-loader-2x.gif\" border=0 \/><\/p><div class=\"pvc_clear\"><\/div>\n<p>\u00b7&nbsp;&nbsp;&nbsp;&nbsp;&nbsp;&nbsp;&nbsp;&nbsp;&nbsp;Situaci\u00f3n econ\u00f3mica producto de pandemia requiere flexibilizar pagos para peque\u00f1os emprendedores<\/p>\n\n\n\n<p>\u00b7&nbsp;&nbsp;&nbsp;&nbsp;&nbsp;&nbsp;&nbsp;&nbsp;&nbsp;Locatarios del turismo y emprendedores necesitan ayuda<\/p>\n\n\n\n<p>\u00b7&nbsp;&nbsp;&nbsp;&nbsp;&nbsp;&nbsp;&nbsp;&nbsp;&nbsp;Se debe ayudar a comercio local y darle una mano al negocio peque\u00f1o que est\u00e1 muy endeudado<\/p>\n\n\n\n<p>Como una manera de ayudar al comercio local y a los peque\u00f1os emprendedores fue presentado en horas de esta ma\u00f1ana un proyecto de ley que busca prorrogar en un a\u00f1o el pago de patentes comerciales para peque\u00f1os emprendedores.<\/p>\n\n\n\n<p>\u201cUn grupo de diputados escuchamos a los comerciantes quienes nos han se\u00f1alado que a ra\u00edz de las medidas que se han tomado a causa del estado de excepci\u00f3n constitucional por la pandemia (medidas sanitarias, toque de queda, etc.) han tenido detrimentos en sus ingresos que les provocaron un retraso en el pago de sus patentes comerciales que vencen en diciembre de este a\u00f1o, por lo cual hemos ingresado un proyecto de reforma constitucional para que se extienda al menos un a\u00f1o el pago de estas patentes sin multas ni intereses\u201d declar\u00f3 el parlamentario.<\/p>\n\n\n\n<p>Celis, quien se ha reunido con locatarios y peque\u00f1os emprendedores de Puerto Saavedra, Villarrica y Temuco ha se\u00f1alado que la econom\u00eda local est\u00e1 muy complicada producto de la pandemia, la cual ha dejado en la regi\u00f3n preocupantes indicadores en la tasa de desempleo de un 11,3% de los cual los j\u00f3venes son los m\u00e1s perjudicados, y que los ingresos que reporta el sector de comercio, restaurantes y hoteles abarcan el 10% del PIB regional por tanto es imperativo apoyar su rendimiento.<\/p>\n\n\n\n<p>\u201cPermanentemente me estoy reuniendo con distintos locatarios y emprendedores, tanto de la zona lacustre como de la zona costera, donde me comparten su preocupaci\u00f3n por la situaci\u00f3n que viven, la cual repercute en todo \u00e1mbito, ya que al disminuir sus ingresos disminuye el empleo que generan, afectando a la econom\u00eda local. Entonces por esta v\u00eda s\u00e9 que se le puede dar una mano al comercio instalado. No a los grandes negocios o grandes empresas, sino al negocio de barrio, al negocio peque\u00f1o que est\u00e1 muy endeudado y que no ve forma de c\u00f3mo resolver esto durante el presente a\u00f1o\u201d<\/p>\n\n\n\n<p>La reforma constitucional ingresada por la v\u00eda de un transitorio se extender\u00eda al menos por un a\u00f1o, para que se pueda postergar el pago de patentes municipales sin implicar multas ni intereses, y que quede en manos del Presidente de la Rep\u00fablica la modalidad de resarcir la deuda de los locatarios.<\/p>\n","protected":false},"excerpt":{"rendered":"<div class=\"pvc_clear\"><\/div>\n<p id=\"pvc_stats_16058\" class=\"pvc_stats total_only  \" data-element-id=\"16058\" style=\"\"><i class=\"pvc-stats-icon large\" aria-hidden=\"true\"><svg aria-hidden=\"true\" focusable=\"false\" data-prefix=\"far\" data-icon=\"chart-bar\" role=\"img\" xmlns=\"http:\/\/www.w3.org\/2000\/svg\" viewBox=\"0 0 512 512\" class=\"svg-inline--fa fa-chart-bar fa-w-16 fa-2x\"><path fill=\"currentColor\" d=\"M396.8 352h22.4c6.4 0 12.8-6.4 12.8-12.8V108.8c0-6.4-6.4-12.8-12.8-12.8h-22.4c-6.4 0-12.8 6.4-12.8 12.8v230.4c0 6.4 6.4 12.8 12.8 12.8zm-192 0h22.4c6.4 0 12.8-6.4 12.8-12.8V140.8c0-6.4-6.4-12.8-12.8-12.8h-22.4c-6.4 0-12.8 6.4-12.8 12.8v198.4c0 6.4 6.4 12.8 12.8 12.8zm96 0h22.4c6.4 0 12.8-6.4 12.8-12.8V204.8c0-6.4-6.4-12.8-12.8-12.8h-22.4c-6.4 0-12.8 6.4-12.8 12.8v134.4c0 6.4 6.4 12.8 12.8 12.8zM496 400H48V80c0-8.84-7.16-16-16-16H16C7.16 64 0 71.16 0 80v336c0 17.67 14.33 32 32 32h464c8.84 0 16-7.16 16-16v-16c0-8.84-7.16-16-16-16zm-387.2-48h22.4c6.4 0 12.8-6.4 12.8-12.8v-70.4c0-6.4-6.4-12.8-12.8-12.8h-22.4c-6.4 0-12.8 6.4-12.8 12.8v70.4c0 6.4 6.4 12.8 12.8 12.8z\" class=\"\"><\/path><\/svg><\/i> <img loading=\"lazy\" decoding=\"async\" width=\"16\" height=\"16\" alt=\"Loading\" src=\"https:\/\/temucotelevision.cl\/web\/wp-content\/plugins\/page-views-count\/ajax-loader-2x.gif\" border=0 \/><\/p>\n<div class=\"pvc_clear\"><\/div>\n<p>\u00b7&nbsp;&nbsp;&nbsp;&nbsp;&nbsp;&nbsp;&nbsp;&nbsp;&nbsp;Situaci\u00f3n econ\u00f3mica producto de pandemia requiere flexibilizar pagos para peque\u00f1os emprendedores \u00b7&nbsp;&nbsp;&nbsp;&nbsp;&nbsp;&nbsp;&nbsp;&nbsp;&nbsp;Locatarios del turismo y emprendedores necesitan ayuda \u00b7&nbsp;&nbsp;&nbsp;&nbsp;&nbsp;&nbsp;&nbsp;&nbsp;&nbsp;Se debe<\/p>\n","protected":false},"author":1,"featured_media":16059,"comment_status":"open","ping_status":"open","sticky":false,"template":"","format":"standard","meta":{"colormag_page_container_layout":"default_layout","colormag_page_sidebar_layout":"default_layout","footnotes":""},"categories":[84],"tags":[384,810],"class_list":["post-16058","post","type-post","status-publish","format-standard","has-post-thumbnail","hentry","category-politica","tag-emprendedores","tag-pago"],"a3_pvc":{"activated":true,"total_views":24,"today_views":0},"_links":{"self":[{"href":"https:\/\/temucotelevision.cl\/web\/wp-json\/wp\/v2\/posts\/16058","targetHints":{"allow":["GET"]}}],"collection":[{"href":"https:\/\/temucotelevision.cl\/web\/wp-json\/wp\/v2\/posts"}],"about":[{"href":"https:\/\/temucotelevision.cl\/web\/wp-json\/wp\/v2\/types\/post"}],"author":[{"embeddable":true,"href":"https:\/\/temucotelevision.cl\/web\/wp-json\/wp\/v2\/users\/1"}],"replies":[{"embeddable":true,"href":"https:\/\/temucotelevision.cl\/web\/wp-json\/wp\/v2\/comments?post=16058"}],"version-history":[{"count":1,"href":"https:\/\/temucotelevision.cl\/web\/wp-json\/wp\/v2\/posts\/16058\/revisions"}],"predecessor-version":[{"id":16060,"href":"https:\/\/temucotelevision.cl\/web\/wp-json\/wp\/v2\/posts\/16058\/revisions\/16060"}],"wp:featuredmedia":[{"embeddable":true,"href":"https:\/\/temucotelevision.cl\/web\/wp-json\/wp\/v2\/media\/16059"}],"wp:attachment":[{"href":"https:\/\/temucotelevision.cl\/web\/wp-json\/wp\/v2\/media?parent=16058"}],"wp:term":[{"taxonomy":"category","embeddable":true,"href":"https:\/\/temucotelevision.cl\/web\/wp-json\/wp\/v2\/categories?post=16058"},{"taxonomy":"post_tag","embeddable":true,"href":"https:\/\/temucotelevision.cl\/web\/wp-json\/wp\/v2\/tags?post=16058"}],"curies":[{"name":"wp","href":"https:\/\/api.w.org\/{rel}","templated":true}]}}