{"id":16056,"date":"2020-11-12T18:32:43","date_gmt":"2020-11-12T21:32:43","guid":{"rendered":"https:\/\/temucotelevision.cl\/web\/?p=16056"},"modified":"2020-11-12T18:32:46","modified_gmt":"2020-11-12T21:32:46","slug":"tragico-asesinato-de-parcelero-en-collipulli-indigna-a-parlamentarios%ef%bb%bf-de-evopoli-quienes-exigen-un-delegado-presidencial-en-la-zona%ef%bb%bf","status":"publish","type":"post","link":"https:\/\/temucotelevision.cl\/web\/2020\/11\/12\/tragico-asesinato-de-parcelero-en-collipulli-indigna-a-parlamentarios%ef%bb%bf-de-evopoli-quienes-exigen-un-delegado-presidencial-en-la-zona%ef%bb%bf\/","title":{"rendered":"Tr\u00e1gico asesinato de Parcelero en Collipulli indigna a parlamentarios\ufeff de Ev\u00f3poli quienes exigen un Delegado Presidencial en la zona\ufeff"},"content":{"rendered":"<div class=\"pvc_clear\"><\/div><p id=\"pvc_stats_16056\" class=\"pvc_stats total_only  \" data-element-id=\"16056\" style=\"\"><i class=\"pvc-stats-icon large\" aria-hidden=\"true\"><svg aria-hidden=\"true\" focusable=\"false\" data-prefix=\"far\" data-icon=\"chart-bar\" role=\"img\" xmlns=\"http:\/\/www.w3.org\/2000\/svg\" viewBox=\"0 0 512 512\" class=\"svg-inline--fa fa-chart-bar fa-w-16 fa-2x\"><path fill=\"currentColor\" d=\"M396.8 352h22.4c6.4 0 12.8-6.4 12.8-12.8V108.8c0-6.4-6.4-12.8-12.8-12.8h-22.4c-6.4 0-12.8 6.4-12.8 12.8v230.4c0 6.4 6.4 12.8 12.8 12.8zm-192 0h22.4c6.4 0 12.8-6.4 12.8-12.8V140.8c0-6.4-6.4-12.8-12.8-12.8h-22.4c-6.4 0-12.8 6.4-12.8 12.8v198.4c0 6.4 6.4 12.8 12.8 12.8zm96 0h22.4c6.4 0 12.8-6.4 12.8-12.8V204.8c0-6.4-6.4-12.8-12.8-12.8h-22.4c-6.4 0-12.8 6.4-12.8 12.8v134.4c0 6.4 6.4 12.8 12.8 12.8zM496 400H48V80c0-8.84-7.16-16-16-16H16C7.16 64 0 71.16 0 80v336c0 17.67 14.33 32 32 32h464c8.84 0 16-7.16 16-16v-16c0-8.84-7.16-16-16-16zm-387.2-48h22.4c6.4 0 12.8-6.4 12.8-12.8v-70.4c0-6.4-6.4-12.8-12.8-12.8h-22.4c-6.4 0-12.8 6.4-12.8 12.8v70.4c0 6.4 6.4 12.8 12.8 12.8z\" class=\"\"><\/path><\/svg><\/i> <img loading=\"lazy\" decoding=\"async\" width=\"16\" height=\"16\" alt=\"Loading\" src=\"https:\/\/temucotelevision.cl\/web\/wp-content\/plugins\/page-views-count\/ajax-loader-2x.gif\" border=0 \/><\/p><div class=\"pvc_clear\"><\/div>\n<p>Sobre la tragedia el senador&nbsp;<strong>Felipe Kast<\/strong>&nbsp; indic\u00f3: \u201cUna vez m\u00e1s llegamos tarde, otra familia destrozada por la ausencia del Estado en La Araucan\u00eda. El gobierno debe nombrar en forma urgente a un ministro encargado, para construir una estrategia que permita enfrentar en forma contundente y decidida al crimen organizado en la regi\u00f3n\u201d.<\/p>\n\n\n\n<p>El presidente nacional de Ev\u00f3poli, diputado&nbsp;<strong>Andr\u00e9s Molina<\/strong>, indic\u00f3: \u201cEstamos hablando de un adulto mayor, un parcelero, un trabajador quien estaba sumamente comprometido con la seguridad de su comunidad, siendo el presidente de&nbsp; la junta de vigilancia local; un hecho atroz que nuevamente enluta a la Araucan\u00eda y confirma al gobierno la urgencia con que se necesita en la zona el trabajo de un ministro encargado que se ocupe exclusivamente de la violencia. No s\u00e9 qu\u00e9 est\u00e1n esperando para que ello ocurra, no podemos entender tanta demora, si hasta el presidente de la Rep\u00fablica lo confirm\u00f3 en Temuco, junto al ministro del interior&nbsp;<strong>Eugenio Delgado<\/strong>&nbsp;y aun no pasa nada\u2026 es incomprensible\u201d.<\/p>\n\n\n\n<p>Por su parte el diputado&nbsp;<strong>Sebasti\u00e1n \u00c1lvarez<\/strong>, se\u00f1al\u00f3: \u201cLa triste demora en la decisi\u00f3n&nbsp; pol\u00edtica de nombrar un ministro encargado y dotarlo de recursos humanos y tecnol\u00f3gicos para liderar un m\u00e9todo de trabajo conjunto a ministerio p\u00fablico, polic\u00edas y estado con sentido de urgencia, nos muestra lo grave de lo que aqu\u00ed pasa; otra v\u00edctima fatal inocente producto de la vulneraci\u00f3n del estado de derecho. No saca nada en venir el presidente a la regi\u00f3n a anunciar cosas que no va a cumplir, porque esto genera m\u00e1s desconsuelo, frustraci\u00f3n y rabia\u201d.<\/p>\n","protected":false},"excerpt":{"rendered":"<div class=\"pvc_clear\"><\/div>\n<p id=\"pvc_stats_16056\" class=\"pvc_stats total_only  \" data-element-id=\"16056\" style=\"\"><i class=\"pvc-stats-icon large\" aria-hidden=\"true\"><svg aria-hidden=\"true\" focusable=\"false\" data-prefix=\"far\" data-icon=\"chart-bar\" role=\"img\" xmlns=\"http:\/\/www.w3.org\/2000\/svg\" viewBox=\"0 0 512 512\" class=\"svg-inline--fa fa-chart-bar fa-w-16 fa-2x\"><path fill=\"currentColor\" d=\"M396.8 352h22.4c6.4 0 12.8-6.4 12.8-12.8V108.8c0-6.4-6.4-12.8-12.8-12.8h-22.4c-6.4 0-12.8 6.4-12.8 12.8v230.4c0 6.4 6.4 12.8 12.8 12.8zm-192 0h22.4c6.4 0 12.8-6.4 12.8-12.8V140.8c0-6.4-6.4-12.8-12.8-12.8h-22.4c-6.4 0-12.8 6.4-12.8 12.8v198.4c0 6.4 6.4 12.8 12.8 12.8zm96 0h22.4c6.4 0 12.8-6.4 12.8-12.8V204.8c0-6.4-6.4-12.8-12.8-12.8h-22.4c-6.4 0-12.8 6.4-12.8 12.8v134.4c0 6.4 6.4 12.8 12.8 12.8zM496 400H48V80c0-8.84-7.16-16-16-16H16C7.16 64 0 71.16 0 80v336c0 17.67 14.33 32 32 32h464c8.84 0 16-7.16 16-16v-16c0-8.84-7.16-16-16-16zm-387.2-48h22.4c6.4 0 12.8-6.4 12.8-12.8v-70.4c0-6.4-6.4-12.8-12.8-12.8h-22.4c-6.4 0-12.8 6.4-12.8 12.8v70.4c0 6.4 6.4 12.8 12.8 12.8z\" class=\"\"><\/path><\/svg><\/i> <img loading=\"lazy\" decoding=\"async\" width=\"16\" height=\"16\" alt=\"Loading\" src=\"https:\/\/temucotelevision.cl\/web\/wp-content\/plugins\/page-views-count\/ajax-loader-2x.gif\" border=0 \/><\/p>\n<div class=\"pvc_clear\"><\/div>\n<p>Sobre la tragedia el senador&nbsp;Felipe Kast&nbsp; indic\u00f3: \u201cUna vez m\u00e1s llegamos tarde, otra familia destrozada por la ausencia del Estado<\/p>\n","protected":false},"author":1,"featured_media":16012,"comment_status":"open","ping_status":"open","sticky":false,"template":"","format":"standard","meta":{"colormag_page_container_layout":"default_layout","colormag_page_sidebar_layout":"default_layout","footnotes":""},"categories":[84],"tags":[3193,3192],"class_list":["post-16056","post","type-post","status-publish","format-standard","has-post-thumbnail","hentry","category-politica","tag-asesinato","tag-parcelero"],"a3_pvc":{"activated":true,"total_views":33,"today_views":0},"_links":{"self":[{"href":"https:\/\/temucotelevision.cl\/web\/wp-json\/wp\/v2\/posts\/16056","targetHints":{"allow":["GET"]}}],"collection":[{"href":"https:\/\/temucotelevision.cl\/web\/wp-json\/wp\/v2\/posts"}],"about":[{"href":"https:\/\/temucotelevision.cl\/web\/wp-json\/wp\/v2\/types\/post"}],"author":[{"embeddable":true,"href":"https:\/\/temucotelevision.cl\/web\/wp-json\/wp\/v2\/users\/1"}],"replies":[{"embeddable":true,"href":"https:\/\/temucotelevision.cl\/web\/wp-json\/wp\/v2\/comments?post=16056"}],"version-history":[{"count":1,"href":"https:\/\/temucotelevision.cl\/web\/wp-json\/wp\/v2\/posts\/16056\/revisions"}],"predecessor-version":[{"id":16057,"href":"https:\/\/temucotelevision.cl\/web\/wp-json\/wp\/v2\/posts\/16056\/revisions\/16057"}],"wp:featuredmedia":[{"embeddable":true,"href":"https:\/\/temucotelevision.cl\/web\/wp-json\/wp\/v2\/media\/16012"}],"wp:attachment":[{"href":"https:\/\/temucotelevision.cl\/web\/wp-json\/wp\/v2\/media?parent=16056"}],"wp:term":[{"taxonomy":"category","embeddable":true,"href":"https:\/\/temucotelevision.cl\/web\/wp-json\/wp\/v2\/categories?post=16056"},{"taxonomy":"post_tag","embeddable":true,"href":"https:\/\/temucotelevision.cl\/web\/wp-json\/wp\/v2\/tags?post=16056"}],"curies":[{"name":"wp","href":"https:\/\/api.w.org\/{rel}","templated":true}]}}