{"id":1605,"date":"2019-02-20T10:18:50","date_gmt":"2019-02-20T13:18:50","guid":{"rendered":"https:\/\/temucotelevision.cl\/web\/?p=1605"},"modified":"2019-02-20T10:18:50","modified_gmt":"2019-02-20T13:18:50","slug":"carabineros-saca-de-circulacion-mas-de-25-mil-dosis-de-marihuana-prensada-en-pucon","status":"publish","type":"post","link":"https:\/\/temucotelevision.cl\/web\/2019\/02\/20\/carabineros-saca-de-circulacion-mas-de-25-mil-dosis-de-marihuana-prensada-en-pucon\/","title":{"rendered":"Carabineros saca de circulaci\u00f3n m\u00e1s de 25 mil dosis de marihuana prensada en Puc\u00f3n"},"content":{"rendered":"<div class=\"pvc_clear\"><\/div>\n<p id=\"pvc_stats_1605\" class=\"pvc_stats total_only  \" data-element-id=\"1605\" style=\"\"><i class=\"pvc-stats-icon large\" aria-hidden=\"true\"><svg aria-hidden=\"true\" focusable=\"false\" data-prefix=\"far\" data-icon=\"chart-bar\" role=\"img\" xmlns=\"http:\/\/www.w3.org\/2000\/svg\" viewBox=\"0 0 512 512\" class=\"svg-inline--fa fa-chart-bar fa-w-16 fa-2x\"><path fill=\"currentColor\" d=\"M396.8 352h22.4c6.4 0 12.8-6.4 12.8-12.8V108.8c0-6.4-6.4-12.8-12.8-12.8h-22.4c-6.4 0-12.8 6.4-12.8 12.8v230.4c0 6.4 6.4 12.8 12.8 12.8zm-192 0h22.4c6.4 0 12.8-6.4 12.8-12.8V140.8c0-6.4-6.4-12.8-12.8-12.8h-22.4c-6.4 0-12.8 6.4-12.8 12.8v198.4c0 6.4 6.4 12.8 12.8 12.8zm96 0h22.4c6.4 0 12.8-6.4 12.8-12.8V204.8c0-6.4-6.4-12.8-12.8-12.8h-22.4c-6.4 0-12.8 6.4-12.8 12.8v134.4c0 6.4 6.4 12.8 12.8 12.8zM496 400H48V80c0-8.84-7.16-16-16-16H16C7.16 64 0 71.16 0 80v336c0 17.67 14.33 32 32 32h464c8.84 0 16-7.16 16-16v-16c0-8.84-7.16-16-16-16zm-387.2-48h22.4c6.4 0 12.8-6.4 12.8-12.8v-70.4c0-6.4-6.4-12.8-12.8-12.8h-22.4c-6.4 0-12.8 6.4-12.8 12.8v70.4c0 6.4 6.4 12.8 12.8 12.8z\" class=\"\"><\/path><\/svg><\/i> <img loading=\"lazy\" decoding=\"async\" width=\"16\" height=\"16\" alt=\"Loading\" src=\"https:\/\/temucotelevision.cl\/web\/wp-content\/plugins\/page-views-count\/ajax-loader-2x.gif\" border=0 \/><\/p>\n<div class=\"pvc_clear\"><\/div>\n<p style=\"text-align: justify;\">Desde la ciudad de Santiago hasta Puc\u00f3n se traslad\u00f3 con un importante cantidad de droga un sujeto identificado como P.V.O.R. de 24 a\u00f1os de edad, quien fue detenido en medio de una investigaci\u00f3n realizada por el OS-7 de Carabineros, en conjunto con personal de la 9na. Comisar\u00eda de Puc\u00f3n y la Fiscal\u00eda.<\/p>\n<p style=\"text-align: justify;\">El trabajo en conjunto, arroj\u00f3 importantes resultados en beneficio de la comunidad ya que tras conseguir las autorizaciones legales respectivas, en una entrada y registro al domicilio del imputado se lograron incautar 25 mil dosis de marihuana prensada.<\/p>\n<p style=\"text-align: justify;\">Se trata de alrededor de 5 kilos de la droga distribuido en seis paquetes, los que se encontraban ocultos en la vivienda, \u00a0avaluados en m\u00e1s de $20 millones.<\/p>\n<p style=\"text-align: justify;\">El Teniente Walter Quezada, del OS-7 \u201cAraucan\u00eda\u201d confirm\u00f3 la informaci\u00f3n \u201cpersonal especializado sostuvo vigilancia a un individuo que trasladar\u00eda desde la cuidad de Santiago hasta la comuna de Puc\u00f3n una cantidad indeterminada de droga. El fiscal de turno requiri\u00f3 orden de entrada y registro al inmueble que arrendaba en esta comuna, la cual fue autorizada por el magistrado, incautando casi 5 kilos de marihuana prensada, sacando de circulaci\u00f3n m\u00e1s de 25 mil dosis de esta droga\u201d.<\/p>\n<p style=\"text-align: justify;\">Por instrucci\u00f3n de la Fiscal\u00eda, el detenido quien cuenta con antecedentes anteriores por varios delitos de robo, ser\u00e1 presentado al Juzgado de Garant\u00eda de Puc\u00f3n para el correspondiente control de la detenci\u00f3n.<\/p>\n","protected":false},"excerpt":{"rendered":"<div class=\"pvc_clear\"><\/div>\n<p id=\"pvc_stats_1605\" class=\"pvc_stats total_only  \" data-element-id=\"1605\" style=\"\"><i class=\"pvc-stats-icon large\" aria-hidden=\"true\"><svg aria-hidden=\"true\" focusable=\"false\" data-prefix=\"far\" data-icon=\"chart-bar\" role=\"img\" xmlns=\"http:\/\/www.w3.org\/2000\/svg\" viewBox=\"0 0 512 512\" class=\"svg-inline--fa fa-chart-bar fa-w-16 fa-2x\"><path fill=\"currentColor\" d=\"M396.8 352h22.4c6.4 0 12.8-6.4 12.8-12.8V108.8c0-6.4-6.4-12.8-12.8-12.8h-22.4c-6.4 0-12.8 6.4-12.8 12.8v230.4c0 6.4 6.4 12.8 12.8 12.8zm-192 0h22.4c6.4 0 12.8-6.4 12.8-12.8V140.8c0-6.4-6.4-12.8-12.8-12.8h-22.4c-6.4 0-12.8 6.4-12.8 12.8v198.4c0 6.4 6.4 12.8 12.8 12.8zm96 0h22.4c6.4 0 12.8-6.4 12.8-12.8V204.8c0-6.4-6.4-12.8-12.8-12.8h-22.4c-6.4 0-12.8 6.4-12.8 12.8v134.4c0 6.4 6.4 12.8 12.8 12.8zM496 400H48V80c0-8.84-7.16-16-16-16H16C7.16 64 0 71.16 0 80v336c0 17.67 14.33 32 32 32h464c8.84 0 16-7.16 16-16v-16c0-8.84-7.16-16-16-16zm-387.2-48h22.4c6.4 0 12.8-6.4 12.8-12.8v-70.4c0-6.4-6.4-12.8-12.8-12.8h-22.4c-6.4 0-12.8 6.4-12.8 12.8v70.4c0 6.4 6.4 12.8 12.8 12.8z\" class=\"\"><\/path><\/svg><\/i> <img loading=\"lazy\" decoding=\"async\" width=\"16\" height=\"16\" alt=\"Loading\" src=\"https:\/\/temucotelevision.cl\/web\/wp-content\/plugins\/page-views-count\/ajax-loader-2x.gif\" border=0 \/><\/p>\n<div class=\"pvc_clear\"><\/div>\n<p>Desde la ciudad de Santiago hasta Puc\u00f3n se traslad\u00f3 con un importante cantidad de droga un sujeto identificado como P.V.O.R.<\/p>\n","protected":false},"author":1,"featured_media":1606,"comment_status":"open","ping_status":"open","sticky":false,"template":"","format":"standard","meta":{"colormag_page_container_layout":"default_layout","colormag_page_sidebar_layout":"default_layout","footnotes":""},"categories":[16],"tags":[125,77,161],"class_list":["post-1605","post","type-post","status-publish","format-standard","has-post-thumbnail","hentry","category-policial","tag-carabineros","tag-drogas","tag-pucon"],"a3_pvc":{"activated":true,"total_views":40,"today_views":0},"_links":{"self":[{"href":"https:\/\/temucotelevision.cl\/web\/wp-json\/wp\/v2\/posts\/1605","targetHints":{"allow":["GET"]}}],"collection":[{"href":"https:\/\/temucotelevision.cl\/web\/wp-json\/wp\/v2\/posts"}],"about":[{"href":"https:\/\/temucotelevision.cl\/web\/wp-json\/wp\/v2\/types\/post"}],"author":[{"embeddable":true,"href":"https:\/\/temucotelevision.cl\/web\/wp-json\/wp\/v2\/users\/1"}],"replies":[{"embeddable":true,"href":"https:\/\/temucotelevision.cl\/web\/wp-json\/wp\/v2\/comments?post=1605"}],"version-history":[{"count":1,"href":"https:\/\/temucotelevision.cl\/web\/wp-json\/wp\/v2\/posts\/1605\/revisions"}],"predecessor-version":[{"id":1607,"href":"https:\/\/temucotelevision.cl\/web\/wp-json\/wp\/v2\/posts\/1605\/revisions\/1607"}],"wp:featuredmedia":[{"embeddable":true,"href":"https:\/\/temucotelevision.cl\/web\/wp-json\/wp\/v2\/media\/1606"}],"wp:attachment":[{"href":"https:\/\/temucotelevision.cl\/web\/wp-json\/wp\/v2\/media?parent=1605"}],"wp:term":[{"taxonomy":"category","embeddable":true,"href":"https:\/\/temucotelevision.cl\/web\/wp-json\/wp\/v2\/categories?post=1605"},{"taxonomy":"post_tag","embeddable":true,"href":"https:\/\/temucotelevision.cl\/web\/wp-json\/wp\/v2\/tags?post=1605"}],"curies":[{"name":"wp","href":"https:\/\/api.w.org\/{rel}","templated":true}]}}