{"id":1598,"date":"2019-02-20T10:05:58","date_gmt":"2019-02-20T13:05:58","guid":{"rendered":"https:\/\/temucotelevision.cl\/web\/?p=1598"},"modified":"2019-02-20T10:05:58","modified_gmt":"2019-02-20T13:05:58","slug":"peritaje-de-la-pdi-confirmo-que-disparo-que-mato-a-catrillanca-fue-directo","status":"publish","type":"post","link":"https:\/\/temucotelevision.cl\/web\/2019\/02\/20\/peritaje-de-la-pdi-confirmo-que-disparo-que-mato-a-catrillanca-fue-directo\/","title":{"rendered":"Peritaje de la PDI confirm\u00f3 que disparo que mat\u00f3 a Catrillanca fue directo"},"content":{"rendered":"<div class=\"pvc_clear\"><\/div>\n<p id=\"pvc_stats_1598\" class=\"pvc_stats total_only  \" data-element-id=\"1598\" style=\"\"><i class=\"pvc-stats-icon large\" aria-hidden=\"true\"><svg aria-hidden=\"true\" focusable=\"false\" data-prefix=\"far\" data-icon=\"chart-bar\" role=\"img\" xmlns=\"http:\/\/www.w3.org\/2000\/svg\" viewBox=\"0 0 512 512\" class=\"svg-inline--fa fa-chart-bar fa-w-16 fa-2x\"><path fill=\"currentColor\" d=\"M396.8 352h22.4c6.4 0 12.8-6.4 12.8-12.8V108.8c0-6.4-6.4-12.8-12.8-12.8h-22.4c-6.4 0-12.8 6.4-12.8 12.8v230.4c0 6.4 6.4 12.8 12.8 12.8zm-192 0h22.4c6.4 0 12.8-6.4 12.8-12.8V140.8c0-6.4-6.4-12.8-12.8-12.8h-22.4c-6.4 0-12.8 6.4-12.8 12.8v198.4c0 6.4 6.4 12.8 12.8 12.8zm96 0h22.4c6.4 0 12.8-6.4 12.8-12.8V204.8c0-6.4-6.4-12.8-12.8-12.8h-22.4c-6.4 0-12.8 6.4-12.8 12.8v134.4c0 6.4 6.4 12.8 12.8 12.8zM496 400H48V80c0-8.84-7.16-16-16-16H16C7.16 64 0 71.16 0 80v336c0 17.67 14.33 32 32 32h464c8.84 0 16-7.16 16-16v-16c0-8.84-7.16-16-16-16zm-387.2-48h22.4c6.4 0 12.8-6.4 12.8-12.8v-70.4c0-6.4-6.4-12.8-12.8-12.8h-22.4c-6.4 0-12.8 6.4-12.8 12.8v70.4c0 6.4 6.4 12.8 12.8 12.8z\" class=\"\"><\/path><\/svg><\/i> <img loading=\"lazy\" decoding=\"async\" width=\"16\" height=\"16\" alt=\"Loading\" src=\"https:\/\/temucotelevision.cl\/web\/wp-content\/plugins\/page-views-count\/ajax-loader-2x.gif\" border=0 \/><\/p>\n<div class=\"pvc_clear\"><\/div>\n<p style=\"text-align: justify;\">Peritajes bal\u00edsticos del Laboratorio de Criminal\u00edstica de la PDI\u00a0determinaron que\u00a0el disparo que mat\u00f3 a Camilo Catrillanca\u00a0el pasado 14 de noviembre en Ercilla, en la Regi\u00f3n de La Araucan\u00eda,\u00a0fue directo a su cabeza y no rebot\u00f3 en el tractor que conduc\u00eda, como sostienen los ex carabineros imputados por el crimen.<\/p>\n<p style=\"text-align: justify;\">Seg\u00fan informa\u00a0<em>El Mercurio<\/em>\u00a0este mi\u00e9rcoles, los an\u00e1lisis especializados confirmaron que\u00a0el 100 por ciento del encamisado de la bala que mat\u00f3 al comunero mapuche\u00a0se encontraba en su cr\u00e1neo, lo que echa por tierra la tesis del rebote o desv\u00edo, que tambi\u00e9n ha circulado a modo de rumor por redes sociales durante los \u00faltimos meses.<\/p>\n<p style=\"text-align: justify;\">&#8220;La masa total del encamisado y fragmentos de encamisado, contenidos en tres frascos, resulta ser de 1,19 gramos&#8221;, dice un informe del Lacrim -&#8220;N\u00b0 1160&#8221;- dirigido al\u00a0fiscal Roberto Garrido, quien indic\u00f3, basado en el mismo, que esto ratifica que\u00a0&#8220;el proyectil ingres\u00f3 completamente en la cabeza de la v\u00edctima&#8221;.<\/p>\n<p style=\"text-align: justify;\">Otro peritaje de la PDI mencionado por el matutino -&#8220;N\u00b0 210&#8221;- establece que &#8220;es posible indicar que las trazas de color rojo anaranjado encontradas en el resto bal\u00edstico no tienen correspondencia con las muestras de pintura de color rojo levantadas desde el tractor marca New Holland&#8221;.<\/p>\n<p style=\"text-align: justify;\">P\u00e9rdida del 20% del n\u00facleo<\/p>\n<p style=\"text-align: justify;\">El hallazgo del 100 por ciento del encamisado de la bala se da, sin embargo, en paralelo a la\u00a0p\u00e9rdida de la masa del n\u00facleo. Seg\u00fan Garrido, esto se debe a que &#8220;se divide en partes muy peque\u00f1as, y\u00a0lo que falta del proyectil total se podr\u00eda haber perdido a trav\u00e9s de la herida que la v\u00edctima presentaba, que era de grandes magnitudes&#8221;.<\/p>\n<p style=\"text-align: justify;\">No obstante, para el\u00a0abogado Javier Jara, defensor\u00a0del ex sargento Raul \u00c1vila, la p\u00e9rdida de parte del n\u00facleo -del que se recuper\u00f3 el 80 por ciento- da cuenta de que s\u00ed hubo un desv\u00edo. Indica adem\u00e1s que la autopsia arroj\u00f3 la presencia de trozos de metal en el cuero cabelludo de Catrillanca.<\/p>\n","protected":false},"excerpt":{"rendered":"<div class=\"pvc_clear\"><\/div>\n<p id=\"pvc_stats_1598\" class=\"pvc_stats total_only  \" data-element-id=\"1598\" style=\"\"><i class=\"pvc-stats-icon large\" aria-hidden=\"true\"><svg aria-hidden=\"true\" focusable=\"false\" data-prefix=\"far\" data-icon=\"chart-bar\" role=\"img\" xmlns=\"http:\/\/www.w3.org\/2000\/svg\" viewBox=\"0 0 512 512\" class=\"svg-inline--fa fa-chart-bar fa-w-16 fa-2x\"><path fill=\"currentColor\" d=\"M396.8 352h22.4c6.4 0 12.8-6.4 12.8-12.8V108.8c0-6.4-6.4-12.8-12.8-12.8h-22.4c-6.4 0-12.8 6.4-12.8 12.8v230.4c0 6.4 6.4 12.8 12.8 12.8zm-192 0h22.4c6.4 0 12.8-6.4 12.8-12.8V140.8c0-6.4-6.4-12.8-12.8-12.8h-22.4c-6.4 0-12.8 6.4-12.8 12.8v198.4c0 6.4 6.4 12.8 12.8 12.8zm96 0h22.4c6.4 0 12.8-6.4 12.8-12.8V204.8c0-6.4-6.4-12.8-12.8-12.8h-22.4c-6.4 0-12.8 6.4-12.8 12.8v134.4c0 6.4 6.4 12.8 12.8 12.8zM496 400H48V80c0-8.84-7.16-16-16-16H16C7.16 64 0 71.16 0 80v336c0 17.67 14.33 32 32 32h464c8.84 0 16-7.16 16-16v-16c0-8.84-7.16-16-16-16zm-387.2-48h22.4c6.4 0 12.8-6.4 12.8-12.8v-70.4c0-6.4-6.4-12.8-12.8-12.8h-22.4c-6.4 0-12.8 6.4-12.8 12.8v70.4c0 6.4 6.4 12.8 12.8 12.8z\" class=\"\"><\/path><\/svg><\/i> <img loading=\"lazy\" decoding=\"async\" width=\"16\" height=\"16\" alt=\"Loading\" src=\"https:\/\/temucotelevision.cl\/web\/wp-content\/plugins\/page-views-count\/ajax-loader-2x.gif\" border=0 \/><\/p>\n<div class=\"pvc_clear\"><\/div>\n<p>Peritajes bal\u00edsticos del Laboratorio de Criminal\u00edstica de la PDI\u00a0determinaron que\u00a0el disparo que mat\u00f3 a Camilo Catrillanca\u00a0el pasado 14 de noviembre<\/p>\n","protected":false},"author":1,"featured_media":1415,"comment_status":"open","ping_status":"open","sticky":false,"template":"","format":"standard","meta":{"colormag_page_container_layout":"default_layout","colormag_page_sidebar_layout":"default_layout","footnotes":""},"categories":[15],"tags":[572,116,76],"class_list":["post-1598","post","type-post","status-publish","format-standard","has-post-thumbnail","hentry","category-la-araucania","tag-catrillanca","tag-la-araucania","tag-pdi"],"a3_pvc":{"activated":true,"total_views":25,"today_views":0},"_links":{"self":[{"href":"https:\/\/temucotelevision.cl\/web\/wp-json\/wp\/v2\/posts\/1598","targetHints":{"allow":["GET"]}}],"collection":[{"href":"https:\/\/temucotelevision.cl\/web\/wp-json\/wp\/v2\/posts"}],"about":[{"href":"https:\/\/temucotelevision.cl\/web\/wp-json\/wp\/v2\/types\/post"}],"author":[{"embeddable":true,"href":"https:\/\/temucotelevision.cl\/web\/wp-json\/wp\/v2\/users\/1"}],"replies":[{"embeddable":true,"href":"https:\/\/temucotelevision.cl\/web\/wp-json\/wp\/v2\/comments?post=1598"}],"version-history":[{"count":1,"href":"https:\/\/temucotelevision.cl\/web\/wp-json\/wp\/v2\/posts\/1598\/revisions"}],"predecessor-version":[{"id":1599,"href":"https:\/\/temucotelevision.cl\/web\/wp-json\/wp\/v2\/posts\/1598\/revisions\/1599"}],"wp:featuredmedia":[{"embeddable":true,"href":"https:\/\/temucotelevision.cl\/web\/wp-json\/wp\/v2\/media\/1415"}],"wp:attachment":[{"href":"https:\/\/temucotelevision.cl\/web\/wp-json\/wp\/v2\/media?parent=1598"}],"wp:term":[{"taxonomy":"category","embeddable":true,"href":"https:\/\/temucotelevision.cl\/web\/wp-json\/wp\/v2\/categories?post=1598"},{"taxonomy":"post_tag","embeddable":true,"href":"https:\/\/temucotelevision.cl\/web\/wp-json\/wp\/v2\/tags?post=1598"}],"curies":[{"name":"wp","href":"https:\/\/api.w.org\/{rel}","templated":true}]}}