{"id":15430,"date":"2020-10-27T14:24:47","date_gmt":"2020-10-27T17:24:47","guid":{"rendered":"https:\/\/temucotelevision.cl\/web\/?p=15430"},"modified":"2020-10-27T15:29:15","modified_gmt":"2020-10-27T18:29:15","slug":"carabineros-nuevamente-detiene-a-el-cazuela-delincuente-que-suma-119-detenciones-en-temuco","status":"publish","type":"post","link":"https:\/\/temucotelevision.cl\/web\/2020\/10\/27\/carabineros-nuevamente-detiene-a-el-cazuela-delincuente-que-suma-119-detenciones-en-temuco\/","title":{"rendered":"Carabineros nuevamente detiene a \u201cel cazuela\u201d, delincuente que suma 119 detenciones en Temuco"},"content":{"rendered":"<div class=\"pvc_clear\"><\/div><p id=\"pvc_stats_15430\" class=\"pvc_stats total_only  \" data-element-id=\"15430\" style=\"\"><i class=\"pvc-stats-icon large\" aria-hidden=\"true\"><svg aria-hidden=\"true\" focusable=\"false\" data-prefix=\"far\" data-icon=\"chart-bar\" role=\"img\" xmlns=\"http:\/\/www.w3.org\/2000\/svg\" viewBox=\"0 0 512 512\" class=\"svg-inline--fa fa-chart-bar fa-w-16 fa-2x\"><path fill=\"currentColor\" d=\"M396.8 352h22.4c6.4 0 12.8-6.4 12.8-12.8V108.8c0-6.4-6.4-12.8-12.8-12.8h-22.4c-6.4 0-12.8 6.4-12.8 12.8v230.4c0 6.4 6.4 12.8 12.8 12.8zm-192 0h22.4c6.4 0 12.8-6.4 12.8-12.8V140.8c0-6.4-6.4-12.8-12.8-12.8h-22.4c-6.4 0-12.8 6.4-12.8 12.8v198.4c0 6.4 6.4 12.8 12.8 12.8zm96 0h22.4c6.4 0 12.8-6.4 12.8-12.8V204.8c0-6.4-6.4-12.8-12.8-12.8h-22.4c-6.4 0-12.8 6.4-12.8 12.8v134.4c0 6.4 6.4 12.8 12.8 12.8zM496 400H48V80c0-8.84-7.16-16-16-16H16C7.16 64 0 71.16 0 80v336c0 17.67 14.33 32 32 32h464c8.84 0 16-7.16 16-16v-16c0-8.84-7.16-16-16-16zm-387.2-48h22.4c6.4 0 12.8-6.4 12.8-12.8v-70.4c0-6.4-6.4-12.8-12.8-12.8h-22.4c-6.4 0-12.8 6.4-12.8 12.8v70.4c0 6.4 6.4 12.8 12.8 12.8z\" class=\"\"><\/path><\/svg><\/i> <img loading=\"lazy\" decoding=\"async\" width=\"16\" height=\"16\" alt=\"Loading\" src=\"https:\/\/temucotelevision.cl\/web\/wp-content\/plugins\/page-views-count\/ajax-loader-2x.gif\" border=0 \/><\/p><div class=\"pvc_clear\"><\/div>\n<p>Fue sorprendido junto a su compa\u00f1ero de delito tambi\u00e9n reincidente, intentando robar un local comercial, infringiendo el toque de queda y una medida cautelar de arresto domiciliario nocturno, recientemente decretada.<\/p>\n\n\n\n<p>Carabineros de la 2\u00aa Comisar\u00eda \u201cTemuco\u201d, detuvo nuevamente a un delincuente que sum\u00f3 su detenci\u00f3n 119, cuando esta madrugada junto a su compa\u00f1ero de delito tambi\u00e9n reincidente con 29 detenciones, intentaron robar en un local de arriendo de maquinaria ubicado en el sector Pueblo Nuevo. La r\u00e1pida acci\u00f3n de Carabineros, permiti\u00f3 frustrar el delito.<\/p>\n\n\n\n<p>Fue un llamado an\u00f3nimo al n\u00famero de emergencias 133 de Carabineros de Chile, que se alert\u00f3 sobre ambos sujetos, de 23 a\u00f1os de edad, merodeando el local comercial con intenciones de ingresar. Carabineros, junto a personal de Seguridad Ciudadana de la Municipalidad de Temuco, llegaron en tiempo r\u00e9cord al sitio del suceso.<\/p>\n\n\n\n<p>El Capit\u00e1n Claudio Plaza de los Reyes, Subcomisario de los Servicios de la 2\u00aa Comisar\u00eda \u201cTemuco\u201d precis\u00f3 que ambos sujetos fueron detenidos por los delitos de robo frustrado, da\u00f1os e infringir el toque de queda. Asimismo, el imputado con 119 detenciones apodado \u201cel cazuela\u201d, incumpl\u00eda una medida cautelar de arresto domiciliario nocturno, decretada recientemente, tras su \u00faltima detenci\u00f3n.<\/p>\n\n\n\n<p>\u201cEste sujeto es reincidente, mantiene su detenci\u00f3n 119 y andaba con un compa\u00f1ero de delito cuya detenci\u00f3n es la 29 (\u2026) fue un llamado an\u00f3nimo al nivel 133 y la r\u00e1pida acci\u00f3n policial que permite la detenci\u00f3n de ambos imputados. Como Carabineros, tenemos un mandato constitucional, siempre vamos a dar eficacia al Derecho y vamos a detener las veces que sea necesario, cuando exista un delito flagrante\u201d, se\u00f1al\u00f3 el Capit\u00e1n Plaza de los Reyes.<\/p>\n\n\n\n<p>En poder de los detenidos, se encontr\u00f3 una mochila en la que manten\u00edan guantes, destornillador, distintas herramientas para la comisi\u00f3n de delitos e incluso un arma a fogueo que ser\u00e1 periciada por Carabineros del Labocar \u201cTemuco\u201d para precisar si est\u00e1 adaptada para el disparo.<\/p>\n\n\n\n<p>Por instrucci\u00f3n de la Fiscal\u00eda, ambos detenidos pasar\u00e1n este martes a control de la detenci\u00f3n.<\/p>\n\n\n\n<p>Hay que precisar que \u201cel cazuela\u201d fue noticia en las \u00faltimas semanas, tras ser detenido por Carabineros en el robo a un conocido restaurant de carnes y d\u00edas despu\u00e9s en un caf\u00e9 en el sector poniente de Temuco, sumando nuevas detenciones a su ya abultado historial delictual.<\/p>\n","protected":false},"excerpt":{"rendered":"<div class=\"pvc_clear\"><\/div>\n<p id=\"pvc_stats_15430\" class=\"pvc_stats total_only  \" data-element-id=\"15430\" style=\"\"><i class=\"pvc-stats-icon large\" aria-hidden=\"true\"><svg aria-hidden=\"true\" focusable=\"false\" data-prefix=\"far\" data-icon=\"chart-bar\" role=\"img\" xmlns=\"http:\/\/www.w3.org\/2000\/svg\" viewBox=\"0 0 512 512\" class=\"svg-inline--fa fa-chart-bar fa-w-16 fa-2x\"><path fill=\"currentColor\" d=\"M396.8 352h22.4c6.4 0 12.8-6.4 12.8-12.8V108.8c0-6.4-6.4-12.8-12.8-12.8h-22.4c-6.4 0-12.8 6.4-12.8 12.8v230.4c0 6.4 6.4 12.8 12.8 12.8zm-192 0h22.4c6.4 0 12.8-6.4 12.8-12.8V140.8c0-6.4-6.4-12.8-12.8-12.8h-22.4c-6.4 0-12.8 6.4-12.8 12.8v198.4c0 6.4 6.4 12.8 12.8 12.8zm96 0h22.4c6.4 0 12.8-6.4 12.8-12.8V204.8c0-6.4-6.4-12.8-12.8-12.8h-22.4c-6.4 0-12.8 6.4-12.8 12.8v134.4c0 6.4 6.4 12.8 12.8 12.8zM496 400H48V80c0-8.84-7.16-16-16-16H16C7.16 64 0 71.16 0 80v336c0 17.67 14.33 32 32 32h464c8.84 0 16-7.16 16-16v-16c0-8.84-7.16-16-16-16zm-387.2-48h22.4c6.4 0 12.8-6.4 12.8-12.8v-70.4c0-6.4-6.4-12.8-12.8-12.8h-22.4c-6.4 0-12.8 6.4-12.8 12.8v70.4c0 6.4 6.4 12.8 12.8 12.8z\" class=\"\"><\/path><\/svg><\/i> <img loading=\"lazy\" decoding=\"async\" width=\"16\" height=\"16\" alt=\"Loading\" src=\"https:\/\/temucotelevision.cl\/web\/wp-content\/plugins\/page-views-count\/ajax-loader-2x.gif\" border=0 \/><\/p>\n<div class=\"pvc_clear\"><\/div>\n<p>Fue sorprendido junto a su compa\u00f1ero de delito tambi\u00e9n reincidente, intentando robar un local comercial, infringiendo el toque de queda<\/p>\n","protected":false},"author":1,"featured_media":15432,"comment_status":"open","ping_status":"open","sticky":false,"template":"","format":"standard","meta":{"colormag_page_container_layout":"default_layout","colormag_page_sidebar_layout":"default_layout","footnotes":""},"categories":[16],"tags":[1085],"class_list":["post-15430","post","type-post","status-publish","format-standard","has-post-thumbnail","hentry","category-policial","tag-delincuente"],"a3_pvc":{"activated":true,"total_views":102,"today_views":0},"_links":{"self":[{"href":"https:\/\/temucotelevision.cl\/web\/wp-json\/wp\/v2\/posts\/15430","targetHints":{"allow":["GET"]}}],"collection":[{"href":"https:\/\/temucotelevision.cl\/web\/wp-json\/wp\/v2\/posts"}],"about":[{"href":"https:\/\/temucotelevision.cl\/web\/wp-json\/wp\/v2\/types\/post"}],"author":[{"embeddable":true,"href":"https:\/\/temucotelevision.cl\/web\/wp-json\/wp\/v2\/users\/1"}],"replies":[{"embeddable":true,"href":"https:\/\/temucotelevision.cl\/web\/wp-json\/wp\/v2\/comments?post=15430"}],"version-history":[{"count":1,"href":"https:\/\/temucotelevision.cl\/web\/wp-json\/wp\/v2\/posts\/15430\/revisions"}],"predecessor-version":[{"id":15433,"href":"https:\/\/temucotelevision.cl\/web\/wp-json\/wp\/v2\/posts\/15430\/revisions\/15433"}],"wp:featuredmedia":[{"embeddable":true,"href":"https:\/\/temucotelevision.cl\/web\/wp-json\/wp\/v2\/media\/15432"}],"wp:attachment":[{"href":"https:\/\/temucotelevision.cl\/web\/wp-json\/wp\/v2\/media?parent=15430"}],"wp:term":[{"taxonomy":"category","embeddable":true,"href":"https:\/\/temucotelevision.cl\/web\/wp-json\/wp\/v2\/categories?post=15430"},{"taxonomy":"post_tag","embeddable":true,"href":"https:\/\/temucotelevision.cl\/web\/wp-json\/wp\/v2\/tags?post=15430"}],"curies":[{"name":"wp","href":"https:\/\/api.w.org\/{rel}","templated":true}]}}