{"id":15425,"date":"2020-10-27T13:36:20","date_gmt":"2020-10-27T16:36:20","guid":{"rendered":"https:\/\/temucotelevision.cl\/web\/?p=15425"},"modified":"2020-10-27T13:36:22","modified_gmt":"2020-10-27T16:36:22","slug":"informacion-de-salud-responde-para-poblacion-sorda","status":"publish","type":"post","link":"https:\/\/temucotelevision.cl\/web\/2020\/10\/27\/informacion-de-salud-responde-para-poblacion-sorda\/","title":{"rendered":"Informaci\u00f3n de Salud responde para poblaci\u00f3n Sorda"},"content":{"rendered":"<div class=\"pvc_clear\"><\/div><p id=\"pvc_stats_15425\" class=\"pvc_stats total_only  \" data-element-id=\"15425\" style=\"\"><i class=\"pvc-stats-icon large\" aria-hidden=\"true\"><svg aria-hidden=\"true\" focusable=\"false\" data-prefix=\"far\" data-icon=\"chart-bar\" role=\"img\" xmlns=\"http:\/\/www.w3.org\/2000\/svg\" viewBox=\"0 0 512 512\" class=\"svg-inline--fa fa-chart-bar fa-w-16 fa-2x\"><path fill=\"currentColor\" d=\"M396.8 352h22.4c6.4 0 12.8-6.4 12.8-12.8V108.8c0-6.4-6.4-12.8-12.8-12.8h-22.4c-6.4 0-12.8 6.4-12.8 12.8v230.4c0 6.4 6.4 12.8 12.8 12.8zm-192 0h22.4c6.4 0 12.8-6.4 12.8-12.8V140.8c0-6.4-6.4-12.8-12.8-12.8h-22.4c-6.4 0-12.8 6.4-12.8 12.8v198.4c0 6.4 6.4 12.8 12.8 12.8zm96 0h22.4c6.4 0 12.8-6.4 12.8-12.8V204.8c0-6.4-6.4-12.8-12.8-12.8h-22.4c-6.4 0-12.8 6.4-12.8 12.8v134.4c0 6.4 6.4 12.8 12.8 12.8zM496 400H48V80c0-8.84-7.16-16-16-16H16C7.16 64 0 71.16 0 80v336c0 17.67 14.33 32 32 32h464c8.84 0 16-7.16 16-16v-16c0-8.84-7.16-16-16-16zm-387.2-48h22.4c6.4 0 12.8-6.4 12.8-12.8v-70.4c0-6.4-6.4-12.8-12.8-12.8h-22.4c-6.4 0-12.8 6.4-12.8 12.8v70.4c0 6.4 6.4 12.8 12.8 12.8z\" class=\"\"><\/path><\/svg><\/i> <img loading=\"lazy\" decoding=\"async\" width=\"16\" height=\"16\" alt=\"Loading\" src=\"https:\/\/temucotelevision.cl\/web\/wp-content\/plugins\/page-views-count\/ajax-loader-2x.gif\" border=0 \/><\/p><div class=\"pvc_clear\"><\/div>\n<p><strong>A trav\u00e9s de WhatsApp, las personas en esta condici\u00f3n podr\u00e1n acceder a la informaci\u00f3n mediante una videollamada en que se comunicar\u00e1n mediante lengua de se\u00f1as<\/strong><\/p>\n\n\n\n<p>A fin de llegar a la mayor cantidad de personas con el servicio de informaci\u00f3n \u201cSalud Responde\u201d, la plataforma del MINSAL disponible para los usuarios de manera gratuita, ha incorporado un nuevo servicio de atenci\u00f3n dirigido a las personas sordas.<\/p>\n\n\n\n<p>De esta manera, quienes se comunican por lengua de se\u00f1as podr\u00e1n acceder a los temas propios de la plataforma como orientaciones en caso de urgencias, consultas respecto de problemas de salud y consultas de tipo administrativo con un funcionario capacitado en este tipo de comunicaci\u00f3n.&nbsp;<\/p>\n\n\n\n<p>Para acceder a este servicio los usuarios s\u00f3lo deben contar con un tel\u00e9fono m\u00f3vil con conexi\u00f3n a internet y la aplicaci\u00f3n WhatsApp instalada<\/p>\n\n\n\n<p>Es importante se\u00f1alar que es un servicio exclusivo para la comunidad sorda, que se comunica a trav\u00e9s de Lengua de Se\u00f1as Chilena, por lo que se solicita a la poblaci\u00f3n a tener respeto y no hacer uso del servicio si no lo requiere y s\u00f3lo llamar por la v\u00eda regular a trav\u00e9s del 600 360 7777 o a trav\u00e9s de los canales de redes sociales si tiene alguna consulta de salud.<\/p>\n\n\n\n<p>El horario de atenci\u00f3n para las personas sordas que requieran de este nuevo servicio es de lunes a viernes de 09:00 a 18:00 hrs. s\u00e1bado y domingo de 09:00 a 13:00 hrs. Ingresando al sitio web&nbsp;<a href=\"http:\/\/www.saludresponde.minsal.cl\/\">www.saludresponde.minsal.cl<\/a>&nbsp;&nbsp;donde podr\u00e1 solicitar su videollamada.<\/p>\n","protected":false},"excerpt":{"rendered":"<div class=\"pvc_clear\"><\/div>\n<p id=\"pvc_stats_15425\" class=\"pvc_stats total_only  \" data-element-id=\"15425\" style=\"\"><i class=\"pvc-stats-icon large\" aria-hidden=\"true\"><svg aria-hidden=\"true\" focusable=\"false\" data-prefix=\"far\" data-icon=\"chart-bar\" role=\"img\" xmlns=\"http:\/\/www.w3.org\/2000\/svg\" viewBox=\"0 0 512 512\" class=\"svg-inline--fa fa-chart-bar fa-w-16 fa-2x\"><path fill=\"currentColor\" d=\"M396.8 352h22.4c6.4 0 12.8-6.4 12.8-12.8V108.8c0-6.4-6.4-12.8-12.8-12.8h-22.4c-6.4 0-12.8 6.4-12.8 12.8v230.4c0 6.4 6.4 12.8 12.8 12.8zm-192 0h22.4c6.4 0 12.8-6.4 12.8-12.8V140.8c0-6.4-6.4-12.8-12.8-12.8h-22.4c-6.4 0-12.8 6.4-12.8 12.8v198.4c0 6.4 6.4 12.8 12.8 12.8zm96 0h22.4c6.4 0 12.8-6.4 12.8-12.8V204.8c0-6.4-6.4-12.8-12.8-12.8h-22.4c-6.4 0-12.8 6.4-12.8 12.8v134.4c0 6.4 6.4 12.8 12.8 12.8zM496 400H48V80c0-8.84-7.16-16-16-16H16C7.16 64 0 71.16 0 80v336c0 17.67 14.33 32 32 32h464c8.84 0 16-7.16 16-16v-16c0-8.84-7.16-16-16-16zm-387.2-48h22.4c6.4 0 12.8-6.4 12.8-12.8v-70.4c0-6.4-6.4-12.8-12.8-12.8h-22.4c-6.4 0-12.8 6.4-12.8 12.8v70.4c0 6.4 6.4 12.8 12.8 12.8z\" class=\"\"><\/path><\/svg><\/i> <img loading=\"lazy\" decoding=\"async\" width=\"16\" height=\"16\" alt=\"Loading\" src=\"https:\/\/temucotelevision.cl\/web\/wp-content\/plugins\/page-views-count\/ajax-loader-2x.gif\" border=0 \/><\/p>\n<div class=\"pvc_clear\"><\/div>\n<p>A trav\u00e9s de WhatsApp, las personas en esta condici\u00f3n podr\u00e1n acceder a la informaci\u00f3n mediante una videollamada en que se<\/p>\n","protected":false},"author":1,"featured_media":15426,"comment_status":"open","ping_status":"open","sticky":false,"template":"","format":"standard","meta":{"colormag_page_container_layout":"default_layout","colormag_page_sidebar_layout":"default_layout","footnotes":""},"categories":[101],"tags":[1090],"class_list":["post-15425","post","type-post","status-publish","format-standard","has-post-thumbnail","hentry","category-actualidad","tag-app"],"a3_pvc":{"activated":true,"total_views":59,"today_views":0},"_links":{"self":[{"href":"https:\/\/temucotelevision.cl\/web\/wp-json\/wp\/v2\/posts\/15425","targetHints":{"allow":["GET"]}}],"collection":[{"href":"https:\/\/temucotelevision.cl\/web\/wp-json\/wp\/v2\/posts"}],"about":[{"href":"https:\/\/temucotelevision.cl\/web\/wp-json\/wp\/v2\/types\/post"}],"author":[{"embeddable":true,"href":"https:\/\/temucotelevision.cl\/web\/wp-json\/wp\/v2\/users\/1"}],"replies":[{"embeddable":true,"href":"https:\/\/temucotelevision.cl\/web\/wp-json\/wp\/v2\/comments?post=15425"}],"version-history":[{"count":1,"href":"https:\/\/temucotelevision.cl\/web\/wp-json\/wp\/v2\/posts\/15425\/revisions"}],"predecessor-version":[{"id":15427,"href":"https:\/\/temucotelevision.cl\/web\/wp-json\/wp\/v2\/posts\/15425\/revisions\/15427"}],"wp:featuredmedia":[{"embeddable":true,"href":"https:\/\/temucotelevision.cl\/web\/wp-json\/wp\/v2\/media\/15426"}],"wp:attachment":[{"href":"https:\/\/temucotelevision.cl\/web\/wp-json\/wp\/v2\/media?parent=15425"}],"wp:term":[{"taxonomy":"category","embeddable":true,"href":"https:\/\/temucotelevision.cl\/web\/wp-json\/wp\/v2\/categories?post=15425"},{"taxonomy":"post_tag","embeddable":true,"href":"https:\/\/temucotelevision.cl\/web\/wp-json\/wp\/v2\/tags?post=15425"}],"curies":[{"name":"wp","href":"https:\/\/api.w.org\/{rel}","templated":true}]}}