{"id":15423,"date":"2020-10-27T12:29:48","date_gmt":"2020-10-27T15:29:48","guid":{"rendered":"https:\/\/temucotelevision.cl\/web\/?p=15423"},"modified":"2020-10-27T12:29:49","modified_gmt":"2020-10-27T15:29:49","slug":"ministro-alvaro-mesa-procesa-a-militar-r-por-homicidio-calificado-a-orillas-del-lago-villarrica-en-1974","status":"publish","type":"post","link":"https:\/\/temucotelevision.cl\/web\/2020\/10\/27\/ministro-alvaro-mesa-procesa-a-militar-r-por-homicidio-calificado-a-orillas-del-lago-villarrica-en-1974\/","title":{"rendered":"Ministro \u00c1lvaro Mesa procesa a militar (r) por homicidio calificado a orillas del lago Villarrica en 1974"},"content":{"rendered":"<div class=\"pvc_clear\"><\/div><p id=\"pvc_stats_15423\" class=\"pvc_stats total_only  \" data-element-id=\"15423\" style=\"\"><i class=\"pvc-stats-icon large\" aria-hidden=\"true\"><svg aria-hidden=\"true\" focusable=\"false\" data-prefix=\"far\" data-icon=\"chart-bar\" role=\"img\" xmlns=\"http:\/\/www.w3.org\/2000\/svg\" viewBox=\"0 0 512 512\" class=\"svg-inline--fa fa-chart-bar fa-w-16 fa-2x\"><path fill=\"currentColor\" d=\"M396.8 352h22.4c6.4 0 12.8-6.4 12.8-12.8V108.8c0-6.4-6.4-12.8-12.8-12.8h-22.4c-6.4 0-12.8 6.4-12.8 12.8v230.4c0 6.4 6.4 12.8 12.8 12.8zm-192 0h22.4c6.4 0 12.8-6.4 12.8-12.8V140.8c0-6.4-6.4-12.8-12.8-12.8h-22.4c-6.4 0-12.8 6.4-12.8 12.8v198.4c0 6.4 6.4 12.8 12.8 12.8zm96 0h22.4c6.4 0 12.8-6.4 12.8-12.8V204.8c0-6.4-6.4-12.8-12.8-12.8h-22.4c-6.4 0-12.8 6.4-12.8 12.8v134.4c0 6.4 6.4 12.8 12.8 12.8zM496 400H48V80c0-8.84-7.16-16-16-16H16C7.16 64 0 71.16 0 80v336c0 17.67 14.33 32 32 32h464c8.84 0 16-7.16 16-16v-16c0-8.84-7.16-16-16-16zm-387.2-48h22.4c6.4 0 12.8-6.4 12.8-12.8v-70.4c0-6.4-6.4-12.8-12.8-12.8h-22.4c-6.4 0-12.8 6.4-12.8 12.8v70.4c0 6.4 6.4 12.8 12.8 12.8z\" class=\"\"><\/path><\/svg><\/i> <img loading=\"lazy\" decoding=\"async\" width=\"16\" height=\"16\" alt=\"Loading\" src=\"https:\/\/temucotelevision.cl\/web\/wp-content\/plugins\/page-views-count\/ajax-loader-2x.gif\" border=0 \/><\/p><div class=\"pvc_clear\"><\/div>\n<p>El ministro en visita extraordinaria para causas por violaciones a los derechos humanos de las jurisdicciones Temuco, Valdivia, Puerto Montt y Coyhaique, \u00c1lvaro Mesa Latorre, someti\u00f3 a proceso al suboficial de Ej\u00e9rcito en retiro Benjam\u00edn Rodemil Far\u00edas Lav\u00edn en calidad de autor del delito de homicidio calificado de v\u00edctima &#8220;NN&#8221;, conocida por testigos de los hechos como el telefonista o el nortino. <\/p>\n\n\n\n<p>Il\u00edcito perpetrado en la comuna de Villarrica, en 1974.\u00a0En la resoluci\u00f3n (causa rol 39.296), el ministro instructor dio orden de ingreso del procesado al regimiento de Polic\u00eda Militar N\u00b0 1 de Santiago, ubicado en calle Las Perdices N\u00b0 700, comuna de Pe\u00f1alol\u00e9n. Adem\u00e1s, neg\u00f3 el beneficio de la libertad bajo fianza de Far\u00edas Lav\u00edn, por considerar que su libertad constituye un peligro para la seguridad de la sociedad.\u00a0<\/p>\n\n\n\n<p>En la etapa de investigaci\u00f3n de la causa, el ministro Mesa Latorre logr\u00f3 establecer los siguientes hechos:\u00a0<\/p>\n\n\n\n<p>&#8220;A.- Que inmediatamente ocurrido el pronunciamiento militar del 11 de septiembre de 1973, las fuerzas armadas y de orden tomaron el control de la ciudad de Temuco, erigi\u00e9ndose como Intendente el coronel comandante del regimiento \u2018La Concepci\u00f3n&#8217; de Lautaro, Hern\u00e1n Jer\u00f3nimo Ram\u00edrez Ram\u00edrez y como gobernador de Temuco, el coronel Pablo Iturriaga Marchesse, comandante del regimiento de infanter\u00eda N\u00b0 8 \u2018Tucapel&#8217; de esta ciudad, quien adem\u00e1s qued\u00f3 como jefe de la guarnici\u00f3n de Temuco.<\/p>\n\n\n\n<p>B.- Que la mencionada unidad militar se conformaba de distintas compa\u00f1\u00edas, las que estaban compuestas por oficiales, clases y soldados conscriptos que formaban parte del regimiento de infanter\u00eda N\u00b0 8 \u2018Tucapel&#8217; de Temuco. Estas compa\u00f1\u00edas, a su vez, formaban patrullas de efectivos militares que eran apostadas en distintos lugares de la ciudad para los efectos de control de toque de queda y custodia de lugares calificados como estrat\u00e9gicos por el mando militar.\u00a0\u00a0<\/p>\n\n\n\n<p>C.- Que asimismo, estas compa\u00f1\u00edas eran enviadas, en ocasiones, a distintos lugares de la regi\u00f3n con el fin de realizar patrullajes y campa\u00f1as militares. Es as\u00ed que la compa\u00f1\u00eda contraguerrillas, al mando del teniente Vel\u00e1squez, quien era comando y que lleg\u00f3 en fecha posterior al 11 de septiembre de 1973 a Temuco, y que, adem\u00e1s, la conformaban los clases Heraldo Espinoza Elgueta, Manuel Segundo Mora Torres, Rafael Lizama Sald\u00edas y el cabo Benjam\u00edn Rodemil Far\u00edas Lav\u00edn, reci\u00e9n llegado de la escuela de formaci\u00f3n, entre otros, y una dotaci\u00f3n de entre 30 a 40 soldados conscriptos, seleccionados de diferentes compa\u00f1\u00edas, fue enviada a instrucci\u00f3n militar a la ciudad de Villarrica en los primeros meses del a\u00f1o 1974.\u00a0\u00a0<\/p>\n\n\n\n<p>D.- Que contempor\u00e1neamente, hubo en el regimiento de infanter\u00eda N\u00b0 8 \u2018Tucapel&#8217; de Temuco, un detenido que permaneci\u00f3 por alrededor de dos meses en custodia del servicio de guardia del regimiento, en una dependencia anexa denominada \u2018prevenci\u00f3n&#8217;. Las caracter\u00edsticas f\u00edsicas de esta persona eran: contextura delgada, tez morena, 1.70 m. de estatura aproximadamente; adem\u00e1s, de las conversaciones que testigos sostuvieron con ella, se observaba bastante conocimiento de la ideolog\u00eda de izquierda, muy instruido, y que, al parecer, ocupaba un alto cargo dentro de la militancia que ostentaba; su rostro era delgado, no de cara muy larga, no era ni gordo ni flaco, de una contextura deportiva; su edad estimada era entre los 25 y 35 a\u00f1os, seg\u00fan testimonios de Manuel Segundo Mora Torres, de Heraldo Valent\u00edn Espinoza Elgueta, de Eduardo Gast\u00f3n Z\u00fa\u00f1iga D\u00edaz y de Ricardo Guillermo Gayoso Molina.\u00a0<\/p>\n\n\n\n<p>E.-Que siguiendo con lo anterior, lo pudieron ver varios soldados, entre los que se encuentran Manuel Segundo Mora Torres y Heraldo Valent\u00edn Espinoza Elgueta, quienes seg\u00fan declaraci\u00f3n se\u00f1alan que nunca recibi\u00f3 visitas, no teniendo claro si era de Temuco o de otra ciudad; se le apod\u00f3 en el regimiento como el \u2018telefonista&#8217; o el \u2018nortino&#8217;. Igualmente fue visto por Ricardo Guillermo Gayoso Molina y por Eduardo Gast\u00f3n Z\u00fa\u00f1iga D\u00edaz, seg\u00fan declaraciones.\u00a0<\/p>\n\n\n\n<p>F.- Que mientras se encontraba la compa\u00f1\u00eda contraguerrillas de instrucci\u00f3n en Villarrica, a orillas del lago del mismo nombre, un d\u00eda de los meses de enero o febrero del a\u00f1o 1974, lleg\u00f3 un cami\u00f3n militar con un detenido con su vista vendada, siendo reconocido por Manuel Segundo Mora Torres y por Heraldo Valent\u00edn Espinoza Elgueta, como aquella persona que hab\u00eda estado en la sala denominada \u2018prevenci\u00f3n&#8217; en el regimiento de infanter\u00eda N\u00b0 8 Tucapel de Temuco.\u00a0<\/p>\n\n\n\n<p>G.- Que el detenido fue entregado al teniente Vel\u00e1squez por parte del chofer del cami\u00f3n, d\u00e1ndole a entender que aqu\u00e9l deb\u00eda ser eliminado. Acto seguido, el teniente Vel\u00e1squez procede a realizar un sorteo con papeles doblados, uno con la palabra SI y los dem\u00e1s con la palabra NO, tomando los clases y el oficial un papel, y qui\u00e9n tomara el papel con la palabra SI deb\u00eda ser quien ejecutara al detenido, resultando elegido el clase Lizama Sald\u00eda para la ejecuci\u00f3n, ante lo cual se neg\u00f3, ofreci\u00e9ndose para tal encargo el cabo reci\u00e9n llegado de la escuela de formaci\u00f3n Benjam\u00edn Rodemil Far\u00edas Lav\u00edn quien se\u00f1al\u00f3 que ser\u00eda el n\u00famero 24 en su lista de ejecuciones, seg\u00fan declaraciones de Manuel Segundo Mora Torres y de Heraldo Valent\u00edn Espinoza Elgueta.\u00a0<\/p>\n\n\n\n<p>H.- Que luego, comenzando el atardecer, el teniente Vel\u00e1squez orden\u00f3 a los soldados conscriptos retirarse de las orillas del lago Villarrica unos cuantos metros hacia atr\u00e1s para que no observaran la ejecuci\u00f3n, pero igualmente todos se percataron de que \u00e9sta la iba a concretar el cabo reci\u00e9n llegado Benjam\u00edn Rodemil Far\u00edas Lav\u00edn, seg\u00fan declaraciones de Manuel Segundo Mora Torres y Heraldo Valent\u00edn Espinoza Elgueta.\u00a0<\/p>\n\n\n\n<p>I.- Que el detenido fue puesto sentado y con su vista vendada a las orillas del lago Villarrica, mirando hacia el lago, mientras que el teniente Vel\u00e1squez, Espinoza, Lizama y Mora se posicionaron detr\u00e1s del detenido a un metro de distancia. Posteriormente, el cabo reci\u00e9n llegado Benjam\u00edn Rodemil Far\u00edas Lav\u00edn sac\u00f3 su pistola Stagger 9 mm y puso el ca\u00f1\u00f3n en la parte que une la cervical con el cuello, procediendo a disparar el arma, provoc\u00e1ndole la muerte inmediatamente. Luego, se le amarr\u00f3 una cuerda al cuerpo con la finalidad de que hiciera peso y quedara en la profundidad del lago, por lo que el teniente Vel\u00e1squez y el cabo Benjam\u00edn Rodemil Far\u00edas Lav\u00edn trasladaron el cuerpo en un bote hasta una parte profunda del lago, donde lo lanzaron para que se hundiera. A su regreso, el cabo Benjam\u00edn Rodemil Far\u00edas Lav\u00edn coment\u00f3 que el teniente Vel\u00e1squez, con un corvo, abri\u00f3 el vientre de la v\u00edctima, y, asimismo, le hab\u00eda cortado el pene y se lo coloc\u00f3 en la boca, y de esta forma lo arrojaron a las profundidades del lago Villarrica, seg\u00fan declaraciones de Manuel Segundo Mora Torres y de Heraldo Valent\u00edn Espinoza Elgueta&#8221;.<\/p>\n","protected":false},"excerpt":{"rendered":"<div class=\"pvc_clear\"><\/div>\n<p id=\"pvc_stats_15423\" class=\"pvc_stats total_only  \" data-element-id=\"15423\" style=\"\"><i class=\"pvc-stats-icon large\" aria-hidden=\"true\"><svg aria-hidden=\"true\" focusable=\"false\" data-prefix=\"far\" data-icon=\"chart-bar\" role=\"img\" xmlns=\"http:\/\/www.w3.org\/2000\/svg\" viewBox=\"0 0 512 512\" class=\"svg-inline--fa fa-chart-bar fa-w-16 fa-2x\"><path fill=\"currentColor\" d=\"M396.8 352h22.4c6.4 0 12.8-6.4 12.8-12.8V108.8c0-6.4-6.4-12.8-12.8-12.8h-22.4c-6.4 0-12.8 6.4-12.8 12.8v230.4c0 6.4 6.4 12.8 12.8 12.8zm-192 0h22.4c6.4 0 12.8-6.4 12.8-12.8V140.8c0-6.4-6.4-12.8-12.8-12.8h-22.4c-6.4 0-12.8 6.4-12.8 12.8v198.4c0 6.4 6.4 12.8 12.8 12.8zm96 0h22.4c6.4 0 12.8-6.4 12.8-12.8V204.8c0-6.4-6.4-12.8-12.8-12.8h-22.4c-6.4 0-12.8 6.4-12.8 12.8v134.4c0 6.4 6.4 12.8 12.8 12.8zM496 400H48V80c0-8.84-7.16-16-16-16H16C7.16 64 0 71.16 0 80v336c0 17.67 14.33 32 32 32h464c8.84 0 16-7.16 16-16v-16c0-8.84-7.16-16-16-16zm-387.2-48h22.4c6.4 0 12.8-6.4 12.8-12.8v-70.4c0-6.4-6.4-12.8-12.8-12.8h-22.4c-6.4 0-12.8 6.4-12.8 12.8v70.4c0 6.4 6.4 12.8 12.8 12.8z\" class=\"\"><\/path><\/svg><\/i> <img loading=\"lazy\" decoding=\"async\" width=\"16\" height=\"16\" alt=\"Loading\" src=\"https:\/\/temucotelevision.cl\/web\/wp-content\/plugins\/page-views-count\/ajax-loader-2x.gif\" border=0 \/><\/p>\n<div class=\"pvc_clear\"><\/div>\n<p>El ministro en visita extraordinaria para causas por violaciones a los derechos humanos de las jurisdicciones Temuco, Valdivia, Puerto Montt<\/p>\n","protected":false},"author":1,"featured_media":11509,"comment_status":"open","ping_status":"open","sticky":false,"template":"","format":"standard","meta":{"colormag_page_container_layout":"default_layout","colormag_page_sidebar_layout":"default_layout","footnotes":""},"categories":[14],"tags":[779],"class_list":["post-15423","post","type-post","status-publish","format-standard","has-post-thumbnail","hentry","category-temuco","tag-militar"],"a3_pvc":{"activated":true,"total_views":30,"today_views":0},"_links":{"self":[{"href":"https:\/\/temucotelevision.cl\/web\/wp-json\/wp\/v2\/posts\/15423","targetHints":{"allow":["GET"]}}],"collection":[{"href":"https:\/\/temucotelevision.cl\/web\/wp-json\/wp\/v2\/posts"}],"about":[{"href":"https:\/\/temucotelevision.cl\/web\/wp-json\/wp\/v2\/types\/post"}],"author":[{"embeddable":true,"href":"https:\/\/temucotelevision.cl\/web\/wp-json\/wp\/v2\/users\/1"}],"replies":[{"embeddable":true,"href":"https:\/\/temucotelevision.cl\/web\/wp-json\/wp\/v2\/comments?post=15423"}],"version-history":[{"count":1,"href":"https:\/\/temucotelevision.cl\/web\/wp-json\/wp\/v2\/posts\/15423\/revisions"}],"predecessor-version":[{"id":15424,"href":"https:\/\/temucotelevision.cl\/web\/wp-json\/wp\/v2\/posts\/15423\/revisions\/15424"}],"wp:featuredmedia":[{"embeddable":true,"href":"https:\/\/temucotelevision.cl\/web\/wp-json\/wp\/v2\/media\/11509"}],"wp:attachment":[{"href":"https:\/\/temucotelevision.cl\/web\/wp-json\/wp\/v2\/media?parent=15423"}],"wp:term":[{"taxonomy":"category","embeddable":true,"href":"https:\/\/temucotelevision.cl\/web\/wp-json\/wp\/v2\/categories?post=15423"},{"taxonomy":"post_tag","embeddable":true,"href":"https:\/\/temucotelevision.cl\/web\/wp-json\/wp\/v2\/tags?post=15423"}],"curies":[{"name":"wp","href":"https:\/\/api.w.org\/{rel}","templated":true}]}}