{"id":15420,"date":"2020-10-27T12:23:27","date_gmt":"2020-10-27T15:23:27","guid":{"rendered":"https:\/\/temucotelevision.cl\/web\/?p=15420"},"modified":"2020-10-27T12:23:29","modified_gmt":"2020-10-27T15:23:29","slug":"autoridades-reiteran-medidas-de-seguridad-en-el-volcan-villarrica","status":"publish","type":"post","link":"https:\/\/temucotelevision.cl\/web\/2020\/10\/27\/autoridades-reiteran-medidas-de-seguridad-en-el-volcan-villarrica\/","title":{"rendered":"Autoridades reiteran medidas de seguridad en el Volc\u00e1n Villarrica"},"content":{"rendered":"<div class=\"pvc_clear\"><\/div><p id=\"pvc_stats_15420\" class=\"pvc_stats total_only  \" data-element-id=\"15420\" style=\"\"><i class=\"pvc-stats-icon large\" aria-hidden=\"true\"><svg aria-hidden=\"true\" focusable=\"false\" data-prefix=\"far\" data-icon=\"chart-bar\" role=\"img\" xmlns=\"http:\/\/www.w3.org\/2000\/svg\" viewBox=\"0 0 512 512\" class=\"svg-inline--fa fa-chart-bar fa-w-16 fa-2x\"><path fill=\"currentColor\" d=\"M396.8 352h22.4c6.4 0 12.8-6.4 12.8-12.8V108.8c0-6.4-6.4-12.8-12.8-12.8h-22.4c-6.4 0-12.8 6.4-12.8 12.8v230.4c0 6.4 6.4 12.8 12.8 12.8zm-192 0h22.4c6.4 0 12.8-6.4 12.8-12.8V140.8c0-6.4-6.4-12.8-12.8-12.8h-22.4c-6.4 0-12.8 6.4-12.8 12.8v198.4c0 6.4 6.4 12.8 12.8 12.8zm96 0h22.4c6.4 0 12.8-6.4 12.8-12.8V204.8c0-6.4-6.4-12.8-12.8-12.8h-22.4c-6.4 0-12.8 6.4-12.8 12.8v134.4c0 6.4 6.4 12.8 12.8 12.8zM496 400H48V80c0-8.84-7.16-16-16-16H16C7.16 64 0 71.16 0 80v336c0 17.67 14.33 32 32 32h464c8.84 0 16-7.16 16-16v-16c0-8.84-7.16-16-16-16zm-387.2-48h22.4c6.4 0 12.8-6.4 12.8-12.8v-70.4c0-6.4-6.4-12.8-12.8-12.8h-22.4c-6.4 0-12.8 6.4-12.8 12.8v70.4c0 6.4 6.4 12.8 12.8 12.8z\" class=\"\"><\/path><\/svg><\/i> <img loading=\"lazy\" decoding=\"async\" width=\"16\" height=\"16\" alt=\"Loading\" src=\"https:\/\/temucotelevision.cl\/web\/wp-content\/plugins\/page-views-count\/ajax-loader-2x.gif\" border=0 \/><\/p><div class=\"pvc_clear\"><\/div>\n<ul class=\"wp-block-list\"><li>Actualmente el macizo se encuentra con Alerta Amarilla y el Sistema de Protecci\u00f3n Civil recomienda mantener preventivamente restricciones al acceso en torno al cr\u00e1ter activo con un radio de 500 metros.<\/li><\/ul>\n\n\n\n<p>Este martes,<strong>\u00a0<\/strong>el Intendente V\u00edctor Manoli, junto al Jefe de la Red Nacional de Viligancia Volc\u00e1nica de Sernageomin, \u00c1lvaro Amigo, visit\u00f3 el Observatorio Volcanol\u00f3gico de los Andes del Sur\u00a0\u00a0(OVDAS) para verificar el estado actual de los volcanes de la regi\u00f3n.<\/p>\n\n\n\n<p>En la oportunidad, las autoridades se\u00f1alaron que la actividad que presenta actualmente el volc\u00e1n Villarrica, es propia del macizo, considerado el m\u00e1s activo del pa\u00eds y el de mayor peligrosidad. Al respecto, Amigo dijo \u201cEl volc\u00e1n Villarrica, en nuestro ranking de riesgo, de todos los volcanes de Chile, es el n\u00famero uno y por lo tanto merece la mayor de las atenciones desde el punto de vista instrumental como de la evaluaci\u00f3n de los peligros, entonces es un volc\u00e1n que seguimos de cerca. Ahora bien, el volc\u00e1n Villarrica cuenta con una de las mejores Redes instrumentales vulcanol\u00f3gicas del pa\u00eds, es una red multiparam\u00e9trica, es decir, que mide distintos tipos de se\u00f1ales que ofrece el volc\u00e1n, las cuales son recibidas en tiempo real en el OVDAS\u201d.&nbsp;<\/p>\n\n\n\n<p>En tanto, el Director Nacional de Sernageomin, Alfonso Domeyko hizo hincapi\u00e9 en la importancia de respetar y cumplir las recomendaciones que entrega Sernageomin en el contexto de la realidad volc\u00e1nica del pa\u00eds. \u201cNo se descartan futuras explosiones menores, por lo tanto, se reafirma, tal como se declara en los Reportes de Actividad Volc\u00e1nica (RAV), que la zona de potencial impacto es de 500 metros en torno al cr\u00e1ter\u201d, concluy\u00f3 Domeyko.<\/p>\n\n\n\n<p>As\u00ed tambi\u00e9n lo reiter\u00f3 el Intendente V\u00edctor Manoli, \u201cEs riesgoso llegar a la cima, pero no se puede prohibir, pero si alguien quiere hacerlo, que lo haga totalmente informado. El monitoreo permanente y las recomendaciones que hace la oficina del OVDAS, van a tener que tomarlas en cuenta quienes quieran ascender a la cima del volc\u00e1n. La recomendaci\u00f3n de la autoridad es no acceder, pero si lo hacen, que lo hagan absolutamente informados\u201d.<\/p>\n\n\n\n<p>Quien tambi\u00e9n particip\u00f3 de esta reuni\u00f3n de coordinaci\u00f3n y monitoreo, fue la Directora Regional de Onemi, Janet Medrano se\u00f1al\u00f3 que \u201cEs importante recordar que el Volc\u00e1n se encuentra con una alerta amarilla para las comunas de Villarrica, Puc\u00f3n, Curarrehue y Panguipulli en la regi\u00f3n de Los R\u00edos, desde el mes de septiembre del a\u00f1o pasado. Durante todo este per\u00edodo se mantiene el monitoreo permanente, la recomendaci\u00f3n es no acceder a la zona pr\u00f3xima al cr\u00e1ter. Los \u00faltimos 500 metros son una zona de seguridad que se ha recomendado mantener producto de que estas peque\u00f1as explosiones pudieran generar la expulsi\u00f3n de algunos materiales que pudieran afectar a las personas que se encuentren en esa zona, por lo mismo es fundamental reiterar la recomendaci\u00f3n a la responsabilidad de las personas a no exponerse innecesariamente y sobre todo poder prevenir situaciones que pudieran afectar su integridad personal.&nbsp;<\/p>\n","protected":false},"excerpt":{"rendered":"<div class=\"pvc_clear\"><\/div>\n<p id=\"pvc_stats_15420\" class=\"pvc_stats total_only  \" data-element-id=\"15420\" style=\"\"><i class=\"pvc-stats-icon large\" aria-hidden=\"true\"><svg aria-hidden=\"true\" focusable=\"false\" data-prefix=\"far\" data-icon=\"chart-bar\" role=\"img\" xmlns=\"http:\/\/www.w3.org\/2000\/svg\" viewBox=\"0 0 512 512\" class=\"svg-inline--fa fa-chart-bar fa-w-16 fa-2x\"><path fill=\"currentColor\" d=\"M396.8 352h22.4c6.4 0 12.8-6.4 12.8-12.8V108.8c0-6.4-6.4-12.8-12.8-12.8h-22.4c-6.4 0-12.8 6.4-12.8 12.8v230.4c0 6.4 6.4 12.8 12.8 12.8zm-192 0h22.4c6.4 0 12.8-6.4 12.8-12.8V140.8c0-6.4-6.4-12.8-12.8-12.8h-22.4c-6.4 0-12.8 6.4-12.8 12.8v198.4c0 6.4 6.4 12.8 12.8 12.8zm96 0h22.4c6.4 0 12.8-6.4 12.8-12.8V204.8c0-6.4-6.4-12.8-12.8-12.8h-22.4c-6.4 0-12.8 6.4-12.8 12.8v134.4c0 6.4 6.4 12.8 12.8 12.8zM496 400H48V80c0-8.84-7.16-16-16-16H16C7.16 64 0 71.16 0 80v336c0 17.67 14.33 32 32 32h464c8.84 0 16-7.16 16-16v-16c0-8.84-7.16-16-16-16zm-387.2-48h22.4c6.4 0 12.8-6.4 12.8-12.8v-70.4c0-6.4-6.4-12.8-12.8-12.8h-22.4c-6.4 0-12.8 6.4-12.8 12.8v70.4c0 6.4 6.4 12.8 12.8 12.8z\" class=\"\"><\/path><\/svg><\/i> <img loading=\"lazy\" decoding=\"async\" width=\"16\" height=\"16\" alt=\"Loading\" src=\"https:\/\/temucotelevision.cl\/web\/wp-content\/plugins\/page-views-count\/ajax-loader-2x.gif\" border=0 \/><\/p>\n<div class=\"pvc_clear\"><\/div>\n<p>Actualmente el macizo se encuentra con Alerta Amarilla y el Sistema de Protecci\u00f3n Civil recomienda mantener preventivamente restricciones al acceso<\/p>\n","protected":false},"author":1,"featured_media":15421,"comment_status":"open","ping_status":"open","sticky":false,"template":"","format":"standard","meta":{"colormag_page_container_layout":"default_layout","colormag_page_sidebar_layout":"default_layout","footnotes":""},"categories":[14],"tags":[745,399,1510],"class_list":["post-15420","post","type-post","status-publish","format-standard","has-post-thumbnail","hentry","category-temuco","tag-autoridades","tag-seguridad","tag-volcan"],"a3_pvc":{"activated":true,"total_views":37,"today_views":0},"_links":{"self":[{"href":"https:\/\/temucotelevision.cl\/web\/wp-json\/wp\/v2\/posts\/15420","targetHints":{"allow":["GET"]}}],"collection":[{"href":"https:\/\/temucotelevision.cl\/web\/wp-json\/wp\/v2\/posts"}],"about":[{"href":"https:\/\/temucotelevision.cl\/web\/wp-json\/wp\/v2\/types\/post"}],"author":[{"embeddable":true,"href":"https:\/\/temucotelevision.cl\/web\/wp-json\/wp\/v2\/users\/1"}],"replies":[{"embeddable":true,"href":"https:\/\/temucotelevision.cl\/web\/wp-json\/wp\/v2\/comments?post=15420"}],"version-history":[{"count":1,"href":"https:\/\/temucotelevision.cl\/web\/wp-json\/wp\/v2\/posts\/15420\/revisions"}],"predecessor-version":[{"id":15422,"href":"https:\/\/temucotelevision.cl\/web\/wp-json\/wp\/v2\/posts\/15420\/revisions\/15422"}],"wp:featuredmedia":[{"embeddable":true,"href":"https:\/\/temucotelevision.cl\/web\/wp-json\/wp\/v2\/media\/15421"}],"wp:attachment":[{"href":"https:\/\/temucotelevision.cl\/web\/wp-json\/wp\/v2\/media?parent=15420"}],"wp:term":[{"taxonomy":"category","embeddable":true,"href":"https:\/\/temucotelevision.cl\/web\/wp-json\/wp\/v2\/categories?post=15420"},{"taxonomy":"post_tag","embeddable":true,"href":"https:\/\/temucotelevision.cl\/web\/wp-json\/wp\/v2\/tags?post=15420"}],"curies":[{"name":"wp","href":"https:\/\/api.w.org\/{rel}","templated":true}]}}