{"id":15414,"date":"2020-10-27T11:11:52","date_gmt":"2020-10-27T14:11:52","guid":{"rendered":"https:\/\/temucotelevision.cl\/web\/?p=15414"},"modified":"2020-10-27T11:11:54","modified_gmt":"2020-10-27T14:11:54","slug":"equipos-medicos-del-caplc-avanzan-en-complejidad-de-la-actividad-quirurgica-con-primera-prostatectomia-y-linfadenectomia%ef%bb%bf","status":"publish","type":"post","link":"https:\/\/temucotelevision.cl\/web\/2020\/10\/27\/equipos-medicos-del-caplc-avanzan-en-complejidad-de-la-actividad-quirurgica-con-primera-prostatectomia-y-linfadenectomia%ef%bb%bf\/","title":{"rendered":"Equipos m\u00e9dicos del CAPLC avanzan en complejidad de la actividad quir\u00fargica con primera prostatectom\u00eda y linfadenectom\u00eda\ufeff"},"content":{"rendered":"<div class=\"pvc_clear\"><\/div><p id=\"pvc_stats_15414\" class=\"pvc_stats total_only  \" data-element-id=\"15414\" style=\"\"><i class=\"pvc-stats-icon large\" aria-hidden=\"true\"><svg aria-hidden=\"true\" focusable=\"false\" data-prefix=\"far\" data-icon=\"chart-bar\" role=\"img\" xmlns=\"http:\/\/www.w3.org\/2000\/svg\" viewBox=\"0 0 512 512\" class=\"svg-inline--fa fa-chart-bar fa-w-16 fa-2x\"><path fill=\"currentColor\" d=\"M396.8 352h22.4c6.4 0 12.8-6.4 12.8-12.8V108.8c0-6.4-6.4-12.8-12.8-12.8h-22.4c-6.4 0-12.8 6.4-12.8 12.8v230.4c0 6.4 6.4 12.8 12.8 12.8zm-192 0h22.4c6.4 0 12.8-6.4 12.8-12.8V140.8c0-6.4-6.4-12.8-12.8-12.8h-22.4c-6.4 0-12.8 6.4-12.8 12.8v198.4c0 6.4 6.4 12.8 12.8 12.8zm96 0h22.4c6.4 0 12.8-6.4 12.8-12.8V204.8c0-6.4-6.4-12.8-12.8-12.8h-22.4c-6.4 0-12.8 6.4-12.8 12.8v134.4c0 6.4 6.4 12.8 12.8 12.8zM496 400H48V80c0-8.84-7.16-16-16-16H16C7.16 64 0 71.16 0 80v336c0 17.67 14.33 32 32 32h464c8.84 0 16-7.16 16-16v-16c0-8.84-7.16-16-16-16zm-387.2-48h22.4c6.4 0 12.8-6.4 12.8-12.8v-70.4c0-6.4-6.4-12.8-12.8-12.8h-22.4c-6.4 0-12.8 6.4-12.8 12.8v70.4c0 6.4 6.4 12.8 12.8 12.8z\" class=\"\"><\/path><\/svg><\/i> <img loading=\"lazy\" decoding=\"async\" width=\"16\" height=\"16\" alt=\"Loading\" src=\"https:\/\/temucotelevision.cl\/web\/wp-content\/plugins\/page-views-count\/ajax-loader-2x.gif\" border=0 \/><\/p><div class=\"pvc_clear\"><\/div>\n<p><strong>Con s\u00f3lo dos de sus pabellones activos ante la contingencia sanitaria, el nuevo establecimiento de mediana complejidad de la Red Araucan\u00eda Sur destaca avances para dar respuesta a patolog\u00edas cada vez m\u00e1s complejas en la poblaci\u00f3n.<\/strong><\/p>\n\n\n\n<p>En poco m\u00e1s de dos meses desde el inicio de la actividad quir\u00fargica en el Complejo Asistencial Padre Las Casas, son m\u00e1s de 400 los procedimientos realizados en los primeros dos pabellones habilitados, donde los equipos m\u00e9dicos destacan el aumento en la complejidad de los procedimientos con la primera prostatectom\u00eda radical y linfadenectom\u00eda extendida realizada a un paciente.<\/p>\n\n\n\n<p>Al respecto, el ur\u00f3logo a cargo de la cirug\u00eda, Dr. Roberto Ch\u00e1vez, destac\u00f3 el trabajo realizado que marca un avance en la capacidad de los equipos de resolver problemas de la poblaci\u00f3n que atiende el establecimiento, principalmente de las comunas de Padre Las Casas, Temuco, Cunco y Melipeuco.<\/p>\n\n\n\n<p>\u201cComo equipo de urolog\u00eda junto al equipo de cirug\u00eda, realizamos esta prostatectom\u00eda radical m\u00e1s una linfadenectom\u00eda extendida y adem\u00e1s una reparaci\u00f3n de la hernia umbilical. Es primera vez que realizamos una cirug\u00eda tan grande en nuestro establecimiento y de esta complejidad, y es un logro para el CAPLC. Esperamos seguir trabajando as\u00ed con los equipos de cirug\u00eda cuando as\u00ed se requiera\u201d, valor\u00f3 el m\u00e9dico.<\/p>\n\n\n\n<p>El procedimiento que consisti\u00f3 en extirpar la pr\u00f3stata junto ves\u00edculas seminales, ganglios p\u00e9lvicos y una reparaci\u00f3n de hernia umbilical, se aplic\u00f3 a un paciente con diagn\u00f3stico de c\u00e1ncer de pr\u00f3stata de alto riesgo localizado, adem\u00e1s de la hernia umbilical. Trabajo en el que participaron adem\u00e1s los ur\u00f3logos Juan Francisco Araneda y Felipe Ibieta, y por parte del equipo de cirug\u00eda las doctoras Carmen Torrijos y Ximena Vargas.<\/p>\n\n\n\n<p>Considerando el estado de emergencia sanitaria por COVID-19, el CAPLC comenz\u00f3 desde el 12 de agosto a realizar cirug\u00edas en dos de sus ocho pabellones, sumando en poco m\u00e1s de dos meses m\u00e1s de 400 cirug\u00edas que permiten resolver problemas de salud de un sector importante de habitantes de La Araucan\u00eda, bajo un estricto protocolo de seguridad para prevenir contagios en usuarios y equipos de salud.<\/p>\n","protected":false},"excerpt":{"rendered":"<div class=\"pvc_clear\"><\/div>\n<p id=\"pvc_stats_15414\" class=\"pvc_stats total_only  \" data-element-id=\"15414\" style=\"\"><i class=\"pvc-stats-icon large\" aria-hidden=\"true\"><svg aria-hidden=\"true\" focusable=\"false\" data-prefix=\"far\" data-icon=\"chart-bar\" role=\"img\" xmlns=\"http:\/\/www.w3.org\/2000\/svg\" viewBox=\"0 0 512 512\" class=\"svg-inline--fa fa-chart-bar fa-w-16 fa-2x\"><path fill=\"currentColor\" d=\"M396.8 352h22.4c6.4 0 12.8-6.4 12.8-12.8V108.8c0-6.4-6.4-12.8-12.8-12.8h-22.4c-6.4 0-12.8 6.4-12.8 12.8v230.4c0 6.4 6.4 12.8 12.8 12.8zm-192 0h22.4c6.4 0 12.8-6.4 12.8-12.8V140.8c0-6.4-6.4-12.8-12.8-12.8h-22.4c-6.4 0-12.8 6.4-12.8 12.8v198.4c0 6.4 6.4 12.8 12.8 12.8zm96 0h22.4c6.4 0 12.8-6.4 12.8-12.8V204.8c0-6.4-6.4-12.8-12.8-12.8h-22.4c-6.4 0-12.8 6.4-12.8 12.8v134.4c0 6.4 6.4 12.8 12.8 12.8zM496 400H48V80c0-8.84-7.16-16-16-16H16C7.16 64 0 71.16 0 80v336c0 17.67 14.33 32 32 32h464c8.84 0 16-7.16 16-16v-16c0-8.84-7.16-16-16-16zm-387.2-48h22.4c6.4 0 12.8-6.4 12.8-12.8v-70.4c0-6.4-6.4-12.8-12.8-12.8h-22.4c-6.4 0-12.8 6.4-12.8 12.8v70.4c0 6.4 6.4 12.8 12.8 12.8z\" class=\"\"><\/path><\/svg><\/i> <img loading=\"lazy\" decoding=\"async\" width=\"16\" height=\"16\" alt=\"Loading\" src=\"https:\/\/temucotelevision.cl\/web\/wp-content\/plugins\/page-views-count\/ajax-loader-2x.gif\" border=0 \/><\/p>\n<div class=\"pvc_clear\"><\/div>\n<p>Con s\u00f3lo dos de sus pabellones activos ante la contingencia sanitaria, el nuevo establecimiento de mediana complejidad de la Red<\/p>\n","protected":false},"author":1,"featured_media":15415,"comment_status":"open","ping_status":"open","sticky":false,"template":"","format":"standard","meta":{"colormag_page_container_layout":"default_layout","colormag_page_sidebar_layout":"default_layout","footnotes":""},"categories":[101],"tags":[294],"class_list":["post-15414","post","type-post","status-publish","format-standard","has-post-thumbnail","hentry","category-actualidad","tag-medicos"],"a3_pvc":{"activated":true,"total_views":25,"today_views":0},"_links":{"self":[{"href":"https:\/\/temucotelevision.cl\/web\/wp-json\/wp\/v2\/posts\/15414","targetHints":{"allow":["GET"]}}],"collection":[{"href":"https:\/\/temucotelevision.cl\/web\/wp-json\/wp\/v2\/posts"}],"about":[{"href":"https:\/\/temucotelevision.cl\/web\/wp-json\/wp\/v2\/types\/post"}],"author":[{"embeddable":true,"href":"https:\/\/temucotelevision.cl\/web\/wp-json\/wp\/v2\/users\/1"}],"replies":[{"embeddable":true,"href":"https:\/\/temucotelevision.cl\/web\/wp-json\/wp\/v2\/comments?post=15414"}],"version-history":[{"count":1,"href":"https:\/\/temucotelevision.cl\/web\/wp-json\/wp\/v2\/posts\/15414\/revisions"}],"predecessor-version":[{"id":15416,"href":"https:\/\/temucotelevision.cl\/web\/wp-json\/wp\/v2\/posts\/15414\/revisions\/15416"}],"wp:featuredmedia":[{"embeddable":true,"href":"https:\/\/temucotelevision.cl\/web\/wp-json\/wp\/v2\/media\/15415"}],"wp:attachment":[{"href":"https:\/\/temucotelevision.cl\/web\/wp-json\/wp\/v2\/media?parent=15414"}],"wp:term":[{"taxonomy":"category","embeddable":true,"href":"https:\/\/temucotelevision.cl\/web\/wp-json\/wp\/v2\/categories?post=15414"},{"taxonomy":"post_tag","embeddable":true,"href":"https:\/\/temucotelevision.cl\/web\/wp-json\/wp\/v2\/tags?post=15414"}],"curies":[{"name":"wp","href":"https:\/\/api.w.org\/{rel}","templated":true}]}}