{"id":15407,"date":"2020-10-27T01:30:03","date_gmt":"2020-10-27T04:30:03","guid":{"rendered":"https:\/\/temucotelevision.cl\/web\/?p=15407"},"modified":"2020-10-26T20:37:22","modified_gmt":"2020-10-26T23:37:22","slug":"collipulli-juzgado-deja-en-prision-preventiva-a-imputada-por-homicidio-calificado-de-werken-alejandro-treuquil","status":"publish","type":"post","link":"https:\/\/temucotelevision.cl\/web\/2020\/10\/27\/collipulli-juzgado-deja-en-prision-preventiva-a-imputada-por-homicidio-calificado-de-werken-alejandro-treuquil\/","title":{"rendered":"Collipulli: Juzgado deja en prisi\u00f3n preventiva a imputada por homicidio calificado de werk\u00e9n Alejandro Treuquil"},"content":{"rendered":"<div class=\"pvc_clear\"><\/div><p id=\"pvc_stats_15407\" class=\"pvc_stats total_only  \" data-element-id=\"15407\" style=\"\"><i class=\"pvc-stats-icon large\" aria-hidden=\"true\"><svg aria-hidden=\"true\" focusable=\"false\" data-prefix=\"far\" data-icon=\"chart-bar\" role=\"img\" xmlns=\"http:\/\/www.w3.org\/2000\/svg\" viewBox=\"0 0 512 512\" class=\"svg-inline--fa fa-chart-bar fa-w-16 fa-2x\"><path fill=\"currentColor\" d=\"M396.8 352h22.4c6.4 0 12.8-6.4 12.8-12.8V108.8c0-6.4-6.4-12.8-12.8-12.8h-22.4c-6.4 0-12.8 6.4-12.8 12.8v230.4c0 6.4 6.4 12.8 12.8 12.8zm-192 0h22.4c6.4 0 12.8-6.4 12.8-12.8V140.8c0-6.4-6.4-12.8-12.8-12.8h-22.4c-6.4 0-12.8 6.4-12.8 12.8v198.4c0 6.4 6.4 12.8 12.8 12.8zm96 0h22.4c6.4 0 12.8-6.4 12.8-12.8V204.8c0-6.4-6.4-12.8-12.8-12.8h-22.4c-6.4 0-12.8 6.4-12.8 12.8v134.4c0 6.4 6.4 12.8 12.8 12.8zM496 400H48V80c0-8.84-7.16-16-16-16H16C7.16 64 0 71.16 0 80v336c0 17.67 14.33 32 32 32h464c8.84 0 16-7.16 16-16v-16c0-8.84-7.16-16-16-16zm-387.2-48h22.4c6.4 0 12.8-6.4 12.8-12.8v-70.4c0-6.4-6.4-12.8-12.8-12.8h-22.4c-6.4 0-12.8 6.4-12.8 12.8v70.4c0 6.4 6.4 12.8 12.8 12.8z\" class=\"\"><\/path><\/svg><\/i> <img loading=\"lazy\" decoding=\"async\" width=\"16\" height=\"16\" alt=\"Loading\" src=\"https:\/\/temucotelevision.cl\/web\/wp-content\/plugins\/page-views-count\/ajax-loader-2x.gif\" border=0 \/><\/p><div class=\"pvc_clear\"><\/div>\n<p>El Juzgado de Garant\u00eda de Collipulli dej\u00f3 ayer \u2013lunes 26 de octubre\u2013 sujeta a la medida cautelar de prisi\u00f3n preventiva a\u00a0<strong><em>Ana Karen Loayza Mu\u00f1oz<\/em><\/strong>, imputada por el Ministerio P\u00fablico como autora de los delitos consumados de homicidio calificado\u00a0y\u00a0lesiones graves. Il\u00edcitos perpetrados en junio pasado, en la comuna.<\/p>\n\n\n\n<p>En la audiencia de formalizaci\u00f3n de la investigaci\u00f3n, la magistrada Mar\u00eda Fernanda Lagos Lepe orden\u00f3 el ingreso de Loayza Mu\u00f1oz al\u00a0Centro de Detenci\u00f3n Preventiva\u00a0\u00a0de Angol, por considerar que la libertad de la imputada constituye un peligro para la seguridad de la sociedad,\u00a0de las v\u00edctimas y para el \u00e9xito de la investigaci\u00f3n. Adem\u00e1s, fij\u00f3 en\u00a0dos meses el plazo de investigaci\u00f3n.\u00a0<\/p>\n\n\n\n<p>Seg\u00fan el ente persecutor, alrededor de las 22.30 horas del 4 de junio de 2020,&nbsp;<strong><em>Alberto Alejandro Treuquil Treuquil<\/em><\/strong>, C.M.I., C.C.C. y el adolescente C.H.S., salieron de la comunidad We Newen, comuna de Collipulli, en direcci\u00f3n a un sitio eriazo aleda\u00f1o en busca de unos caballos extraviados. En dicho contexto, fueron emboscados por un grupo de sujetos que portaban armas de fuego de diversos calibres, entre los que se encontraba la imputada Loayza Mu\u00f1oz y Carlos Cristopher Mu\u00f1oz Salamanca (en prisi\u00f3n preventiva) quienes coordinadamente, previo concierto y actuando con premeditaci\u00f3n y sobre seguro, procedieron a efectuar disparos en contra de las v\u00edctimas, resultando&nbsp;Treuquil Treuquil&nbsp;fallecido, producto de un traumatismo faceo craneal por herida de bala de car\u00e1cter homicida, de acuerdo a informe de autopsia del SML.<\/p>\n\n\n\n<p>En tanto, C.M.I. result\u00f3 con un herida de bala supraescapular derecha, de car\u00e1cter grave. Adem\u00e1s, el grupo atacante procedi\u00f3 a golpear con los pies y las armas que portaban a las v\u00edctimas. Tras la agresi\u00f3n, los agresores se retiraron del lugar y las v\u00edctimas fueron derivadas al hospital local para recibir atenci\u00f3n m\u00e9dica.<\/p>\n","protected":false},"excerpt":{"rendered":"<div class=\"pvc_clear\"><\/div>\n<p id=\"pvc_stats_15407\" class=\"pvc_stats total_only  \" data-element-id=\"15407\" style=\"\"><i class=\"pvc-stats-icon large\" aria-hidden=\"true\"><svg aria-hidden=\"true\" focusable=\"false\" data-prefix=\"far\" data-icon=\"chart-bar\" role=\"img\" xmlns=\"http:\/\/www.w3.org\/2000\/svg\" viewBox=\"0 0 512 512\" class=\"svg-inline--fa fa-chart-bar fa-w-16 fa-2x\"><path fill=\"currentColor\" d=\"M396.8 352h22.4c6.4 0 12.8-6.4 12.8-12.8V108.8c0-6.4-6.4-12.8-12.8-12.8h-22.4c-6.4 0-12.8 6.4-12.8 12.8v230.4c0 6.4 6.4 12.8 12.8 12.8zm-192 0h22.4c6.4 0 12.8-6.4 12.8-12.8V140.8c0-6.4-6.4-12.8-12.8-12.8h-22.4c-6.4 0-12.8 6.4-12.8 12.8v198.4c0 6.4 6.4 12.8 12.8 12.8zm96 0h22.4c6.4 0 12.8-6.4 12.8-12.8V204.8c0-6.4-6.4-12.8-12.8-12.8h-22.4c-6.4 0-12.8 6.4-12.8 12.8v134.4c0 6.4 6.4 12.8 12.8 12.8zM496 400H48V80c0-8.84-7.16-16-16-16H16C7.16 64 0 71.16 0 80v336c0 17.67 14.33 32 32 32h464c8.84 0 16-7.16 16-16v-16c0-8.84-7.16-16-16-16zm-387.2-48h22.4c6.4 0 12.8-6.4 12.8-12.8v-70.4c0-6.4-6.4-12.8-12.8-12.8h-22.4c-6.4 0-12.8 6.4-12.8 12.8v70.4c0 6.4 6.4 12.8 12.8 12.8z\" class=\"\"><\/path><\/svg><\/i> <img loading=\"lazy\" decoding=\"async\" width=\"16\" height=\"16\" alt=\"Loading\" src=\"https:\/\/temucotelevision.cl\/web\/wp-content\/plugins\/page-views-count\/ajax-loader-2x.gif\" border=0 \/><\/p>\n<div class=\"pvc_clear\"><\/div>\n<p>El Juzgado de Garant\u00eda de Collipulli dej\u00f3 ayer \u2013lunes 26 de octubre\u2013 sujeta a la medida cautelar de prisi\u00f3n preventiva<\/p>\n","protected":false},"author":1,"featured_media":15408,"comment_status":"open","ping_status":"open","sticky":false,"template":"","format":"standard","meta":{"colormag_page_container_layout":"default_layout","colormag_page_sidebar_layout":"default_layout","footnotes":""},"categories":[15],"tags":[363,3137],"class_list":["post-15407","post","type-post","status-publish","format-standard","has-post-thumbnail","hentry","category-la-araucania","tag-homicidio","tag-werken"],"a3_pvc":{"activated":true,"total_views":43,"today_views":0},"_links":{"self":[{"href":"https:\/\/temucotelevision.cl\/web\/wp-json\/wp\/v2\/posts\/15407","targetHints":{"allow":["GET"]}}],"collection":[{"href":"https:\/\/temucotelevision.cl\/web\/wp-json\/wp\/v2\/posts"}],"about":[{"href":"https:\/\/temucotelevision.cl\/web\/wp-json\/wp\/v2\/types\/post"}],"author":[{"embeddable":true,"href":"https:\/\/temucotelevision.cl\/web\/wp-json\/wp\/v2\/users\/1"}],"replies":[{"embeddable":true,"href":"https:\/\/temucotelevision.cl\/web\/wp-json\/wp\/v2\/comments?post=15407"}],"version-history":[{"count":2,"href":"https:\/\/temucotelevision.cl\/web\/wp-json\/wp\/v2\/posts\/15407\/revisions"}],"predecessor-version":[{"id":15410,"href":"https:\/\/temucotelevision.cl\/web\/wp-json\/wp\/v2\/posts\/15407\/revisions\/15410"}],"wp:featuredmedia":[{"embeddable":true,"href":"https:\/\/temucotelevision.cl\/web\/wp-json\/wp\/v2\/media\/15408"}],"wp:attachment":[{"href":"https:\/\/temucotelevision.cl\/web\/wp-json\/wp\/v2\/media?parent=15407"}],"wp:term":[{"taxonomy":"category","embeddable":true,"href":"https:\/\/temucotelevision.cl\/web\/wp-json\/wp\/v2\/categories?post=15407"},{"taxonomy":"post_tag","embeddable":true,"href":"https:\/\/temucotelevision.cl\/web\/wp-json\/wp\/v2\/tags?post=15407"}],"curies":[{"name":"wp","href":"https:\/\/api.w.org\/{rel}","templated":true}]}}