{"id":15404,"date":"2020-10-26T20:26:51","date_gmt":"2020-10-26T23:26:51","guid":{"rendered":"https:\/\/temucotelevision.cl\/web\/?p=15404"},"modified":"2020-10-26T20:26:54","modified_gmt":"2020-10-26T23:26:54","slug":"concluye-mes-del-cancer-de-mama-con-llamado-al-autocuidado%ef%bb%bf","status":"publish","type":"post","link":"https:\/\/temucotelevision.cl\/web\/2020\/10\/26\/concluye-mes-del-cancer-de-mama-con-llamado-al-autocuidado%ef%bb%bf\/","title":{"rendered":"Concluye mes del c\u00e1ncer de mama con llamado al autocuidado\ufeff"},"content":{"rendered":"<div class=\"pvc_clear\"><\/div><p id=\"pvc_stats_15404\" class=\"pvc_stats total_only  \" data-element-id=\"15404\" style=\"\"><i class=\"pvc-stats-icon large\" aria-hidden=\"true\"><svg aria-hidden=\"true\" focusable=\"false\" data-prefix=\"far\" data-icon=\"chart-bar\" role=\"img\" xmlns=\"http:\/\/www.w3.org\/2000\/svg\" viewBox=\"0 0 512 512\" class=\"svg-inline--fa fa-chart-bar fa-w-16 fa-2x\"><path fill=\"currentColor\" d=\"M396.8 352h22.4c6.4 0 12.8-6.4 12.8-12.8V108.8c0-6.4-6.4-12.8-12.8-12.8h-22.4c-6.4 0-12.8 6.4-12.8 12.8v230.4c0 6.4 6.4 12.8 12.8 12.8zm-192 0h22.4c6.4 0 12.8-6.4 12.8-12.8V140.8c0-6.4-6.4-12.8-12.8-12.8h-22.4c-6.4 0-12.8 6.4-12.8 12.8v198.4c0 6.4 6.4 12.8 12.8 12.8zm96 0h22.4c6.4 0 12.8-6.4 12.8-12.8V204.8c0-6.4-6.4-12.8-12.8-12.8h-22.4c-6.4 0-12.8 6.4-12.8 12.8v134.4c0 6.4 6.4 12.8 12.8 12.8zM496 400H48V80c0-8.84-7.16-16-16-16H16C7.16 64 0 71.16 0 80v336c0 17.67 14.33 32 32 32h464c8.84 0 16-7.16 16-16v-16c0-8.84-7.16-16-16-16zm-387.2-48h22.4c6.4 0 12.8-6.4 12.8-12.8v-70.4c0-6.4-6.4-12.8-12.8-12.8h-22.4c-6.4 0-12.8 6.4-12.8 12.8v70.4c0 6.4 6.4 12.8 12.8 12.8z\" class=\"\"><\/path><\/svg><\/i> <img loading=\"lazy\" decoding=\"async\" width=\"16\" height=\"16\" alt=\"Loading\" src=\"https:\/\/temucotelevision.cl\/web\/wp-content\/plugins\/page-views-count\/ajax-loader-2x.gif\" border=0 \/><\/p><div class=\"pvc_clear\"><\/div>\n<p><strong>Diversas actividades e iniciativas se desarrollaron, en los distintos establecimientos y centros de salud, dependientes del Servicio de Salud Araucan\u00eda Sur, durante el mes de octubre para conmemorar el mes del C\u00e1ncer de Mama, iniciativa que busca contribuir a aumentar la detecci\u00f3n precoz de esta patolog\u00eda en la poblaci\u00f3n.<\/strong><\/p>\n\n\n\n<p>Charlas virtuales, env\u00edo de c\u00e1psulas a redes sociales, tele reuniones con usuarios y confecci\u00f3n de videos promocionales y de autocuidado, han sido parte de las diversas actividades que este a\u00f1o los funcionarios de los diversos centros prestadores de salud, han desarrollado para recordar y sensibilizar a la poblaci\u00f3n respecto del c\u00e1ncer de mamas.&nbsp;<\/p>\n\n\n\n<p>El C\u00e1ncer de Mamas es una enfermedad en la cual las c\u00e9lulas se multiplican sin control, puede comenzar en cualquier parte de la mama y en muchos casos no dar signos de alerta y s\u00f3lo detectarse con una mamograf\u00eda de control, siendo por ello clave el auto examen f\u00edsico de mamas para pesquisar y reconocer eventuales se\u00f1ales de manera oportuna. As\u00ed lo inform\u00f3 la matrona, Referente del Programa de Salud de La Mujer, del Servicio de Salud, Marisol de Celis.<\/p>\n\n\n\n<p>Algunos signos que puede detectar la mujer al autoexamen f\u00edsico de mamas: cambio del tama\u00f1o o de la forma de la mama, bultos en la axila o en la mama, aumento del grosor o hinchaz\u00f3n de alguna zona de la mama, irritaci\u00f3n y humedecimiento de la piel, enrojecimiento o descamaci\u00f3n de alg\u00fan \u00e1rea de la mama o del pez\u00f3n y secreci\u00f3n distinta de leche.&nbsp;&nbsp;<\/p>\n\n\n\n<p>De acuerdo a la profesional, si una mujer constata una de estas se\u00f1ales, al hacer su autoexamen de mamas, \u201cdebe dirigirse a alg\u00fan centro de salud para que el profesional matr\u00f3n o matrona pueda complementar este examen f\u00edsico y de ser necesario derive a mamograf\u00eda o eco mamaria, seg\u00fan la edad que de la usuaria tenga, dado que&nbsp; de acuerdo a eso es la pertinencia del tipo de examen para confirmar el diagn\u00f3stico y seguir el flujo que corresponda de acuerdo a los hallazgos de estos ex\u00e1menes\u201d.<\/p>\n\n\n\n<p>Existen factores de riesgo que pueden sumarse en el transcurso de la vida de una mujer, como los factores gen\u00e9ticos, y la edad. Estos factores no se pueden impedir, pero existen conductas que pueden disminuir los riesgos, como mantener un peso saludable, hacer ejercicios de manera regular, evitar el consumo de alcohol y de si es posible amamantar a los hijos. Seg\u00fan la matrona \u201ces muy importante, de ser posible, amamantar, porque permite que la mama complete su ciclo de maduraci\u00f3n y eso es un factor protector\u201d. Se\u00f1al\u00f3 que sobre todas las cosas, lo principal es mantener una buena salud siempre para disminuir el riesgo de c\u00e1ncer de mama y mejorar la calidad de vida de las mujeres.&nbsp;<\/p>\n\n\n\n<p>Seg\u00fan el Dr. Marcelo Zarzar, jefe de la Unidad de Oncolog\u00eda Mamaria del Centro de Responsabilidad de la Mujer del Hospital de Temuco, el c\u00e1ncer de mam\u00e1s se ha hecho cada vez m\u00e1s importante y m\u00e1s relevante. Agrega que, 1 de cada 8 a 9 mujeres presentar\u00e1n un c\u00e1ncer de mama durante su vida, ya que el riesgo&nbsp; est\u00e1 alrededor de un 13% en todas las mujeres, por lo que es primordial un tratamiento precoz a trav\u00e9s de mamograf\u00eda, de ecograf\u00eda y a trav\u00e9s de examen cl\u00ednico.&nbsp;<\/p>\n\n\n\n<p>Indic\u00f3 que&nbsp; lo principal es encontrarlo incluso antes de tocarse y \u201cla mamograf\u00eda es fundamental, especialmente en mujeres sobre los 40 a\u00f1os, una mamograf\u00eda idealmente por a\u00f1o, y no una mamograf\u00eda ocasional. Una ecograf\u00eda en mujeres menores de 35 a\u00f1os, y a veces la combinaci\u00f3n tanto de mamograf\u00eda y ecograf\u00eda en algunos casos particulares\u201d.&nbsp;&nbsp;&nbsp;<\/p>\n\n\n\n<p>Agrega que mientras m\u00e1s peque\u00f1o se encuentra el c\u00e1ncer de mamas,&nbsp; la posibilidad de sobrevida de las mujeres aumenta a 95% a 10 a\u00f1os. Por ello, cuando m\u00e1s pronto se encuentre, se logra un mejor tratamiento y provocar\u00e1 un menor da\u00f1o del punto de vista de la salud de las mujeres.&nbsp;&nbsp;&nbsp;&nbsp;&nbsp;&nbsp;<\/p>\n\n\n\n<p>\u201cLa detecci\u00f3n oportuna aumenta las posibilidades de curaci\u00f3n y sobrevida\u201d<\/p>\n\n\n\n<p>\u201cExpl\u00f3rate, con\u00f3cete y cu\u00eddate\u201d<\/p>\n","protected":false},"excerpt":{"rendered":"<div class=\"pvc_clear\"><\/div>\n<p id=\"pvc_stats_15404\" class=\"pvc_stats total_only  \" data-element-id=\"15404\" style=\"\"><i class=\"pvc-stats-icon large\" aria-hidden=\"true\"><svg aria-hidden=\"true\" focusable=\"false\" data-prefix=\"far\" data-icon=\"chart-bar\" role=\"img\" xmlns=\"http:\/\/www.w3.org\/2000\/svg\" viewBox=\"0 0 512 512\" class=\"svg-inline--fa fa-chart-bar fa-w-16 fa-2x\"><path fill=\"currentColor\" d=\"M396.8 352h22.4c6.4 0 12.8-6.4 12.8-12.8V108.8c0-6.4-6.4-12.8-12.8-12.8h-22.4c-6.4 0-12.8 6.4-12.8 12.8v230.4c0 6.4 6.4 12.8 12.8 12.8zm-192 0h22.4c6.4 0 12.8-6.4 12.8-12.8V140.8c0-6.4-6.4-12.8-12.8-12.8h-22.4c-6.4 0-12.8 6.4-12.8 12.8v198.4c0 6.4 6.4 12.8 12.8 12.8zm96 0h22.4c6.4 0 12.8-6.4 12.8-12.8V204.8c0-6.4-6.4-12.8-12.8-12.8h-22.4c-6.4 0-12.8 6.4-12.8 12.8v134.4c0 6.4 6.4 12.8 12.8 12.8zM496 400H48V80c0-8.84-7.16-16-16-16H16C7.16 64 0 71.16 0 80v336c0 17.67 14.33 32 32 32h464c8.84 0 16-7.16 16-16v-16c0-8.84-7.16-16-16-16zm-387.2-48h22.4c6.4 0 12.8-6.4 12.8-12.8v-70.4c0-6.4-6.4-12.8-12.8-12.8h-22.4c-6.4 0-12.8 6.4-12.8 12.8v70.4c0 6.4 6.4 12.8 12.8 12.8z\" class=\"\"><\/path><\/svg><\/i> <img loading=\"lazy\" decoding=\"async\" width=\"16\" height=\"16\" alt=\"Loading\" src=\"https:\/\/temucotelevision.cl\/web\/wp-content\/plugins\/page-views-count\/ajax-loader-2x.gif\" border=0 \/><\/p>\n<div class=\"pvc_clear\"><\/div>\n<p>Diversas actividades e iniciativas se desarrollaron, en los distintos establecimientos y centros de salud, dependientes del Servicio de Salud Araucan\u00eda<\/p>\n","protected":false},"author":1,"featured_media":15405,"comment_status":"open","ping_status":"open","sticky":false,"template":"","format":"standard","meta":{"colormag_page_container_layout":"default_layout","colormag_page_sidebar_layout":"default_layout","footnotes":""},"categories":[14],"tags":[1072,131],"class_list":["post-15404","post","type-post","status-publish","format-standard","has-post-thumbnail","hentry","category-temuco","tag-mes","tag-salud"],"a3_pvc":{"activated":true,"total_views":51,"today_views":0},"_links":{"self":[{"href":"https:\/\/temucotelevision.cl\/web\/wp-json\/wp\/v2\/posts\/15404","targetHints":{"allow":["GET"]}}],"collection":[{"href":"https:\/\/temucotelevision.cl\/web\/wp-json\/wp\/v2\/posts"}],"about":[{"href":"https:\/\/temucotelevision.cl\/web\/wp-json\/wp\/v2\/types\/post"}],"author":[{"embeddable":true,"href":"https:\/\/temucotelevision.cl\/web\/wp-json\/wp\/v2\/users\/1"}],"replies":[{"embeddable":true,"href":"https:\/\/temucotelevision.cl\/web\/wp-json\/wp\/v2\/comments?post=15404"}],"version-history":[{"count":1,"href":"https:\/\/temucotelevision.cl\/web\/wp-json\/wp\/v2\/posts\/15404\/revisions"}],"predecessor-version":[{"id":15406,"href":"https:\/\/temucotelevision.cl\/web\/wp-json\/wp\/v2\/posts\/15404\/revisions\/15406"}],"wp:featuredmedia":[{"embeddable":true,"href":"https:\/\/temucotelevision.cl\/web\/wp-json\/wp\/v2\/media\/15405"}],"wp:attachment":[{"href":"https:\/\/temucotelevision.cl\/web\/wp-json\/wp\/v2\/media?parent=15404"}],"wp:term":[{"taxonomy":"category","embeddable":true,"href":"https:\/\/temucotelevision.cl\/web\/wp-json\/wp\/v2\/categories?post=15404"},{"taxonomy":"post_tag","embeddable":true,"href":"https:\/\/temucotelevision.cl\/web\/wp-json\/wp\/v2\/tags?post=15404"}],"curies":[{"name":"wp","href":"https:\/\/api.w.org\/{rel}","templated":true}]}}