{"id":15397,"date":"2020-10-26T20:08:42","date_gmt":"2020-10-26T23:08:42","guid":{"rendered":"https:\/\/temucotelevision.cl\/web\/?p=15397"},"modified":"2020-10-26T20:18:56","modified_gmt":"2020-10-26T23:18:56","slug":"vecinos-realizan-intensa-busqueda-de-mujer-de-70-anos-desaparecida-en-pitrufquen-%ef%bb%bf","status":"publish","type":"post","link":"https:\/\/temucotelevision.cl\/web\/2020\/10\/26\/vecinos-realizan-intensa-busqueda-de-mujer-de-70-anos-desaparecida-en-pitrufquen-%ef%bb%bf\/","title":{"rendered":"Vecinos realizan intensa b\u00fasqueda de mujer de 70 a\u00f1os desaparecida en Pitrufqu\u00e9n \ufeff"},"content":{"rendered":"<div class=\"pvc_clear\"><\/div><p id=\"pvc_stats_15397\" class=\"pvc_stats total_only  \" data-element-id=\"15397\" style=\"\"><i class=\"pvc-stats-icon large\" aria-hidden=\"true\"><svg aria-hidden=\"true\" focusable=\"false\" data-prefix=\"far\" data-icon=\"chart-bar\" role=\"img\" xmlns=\"http:\/\/www.w3.org\/2000\/svg\" viewBox=\"0 0 512 512\" class=\"svg-inline--fa fa-chart-bar fa-w-16 fa-2x\"><path fill=\"currentColor\" d=\"M396.8 352h22.4c6.4 0 12.8-6.4 12.8-12.8V108.8c0-6.4-6.4-12.8-12.8-12.8h-22.4c-6.4 0-12.8 6.4-12.8 12.8v230.4c0 6.4 6.4 12.8 12.8 12.8zm-192 0h22.4c6.4 0 12.8-6.4 12.8-12.8V140.8c0-6.4-6.4-12.8-12.8-12.8h-22.4c-6.4 0-12.8 6.4-12.8 12.8v198.4c0 6.4 6.4 12.8 12.8 12.8zm96 0h22.4c6.4 0 12.8-6.4 12.8-12.8V204.8c0-6.4-6.4-12.8-12.8-12.8h-22.4c-6.4 0-12.8 6.4-12.8 12.8v134.4c0 6.4 6.4 12.8 12.8 12.8zM496 400H48V80c0-8.84-7.16-16-16-16H16C7.16 64 0 71.16 0 80v336c0 17.67 14.33 32 32 32h464c8.84 0 16-7.16 16-16v-16c0-8.84-7.16-16-16-16zm-387.2-48h22.4c6.4 0 12.8-6.4 12.8-12.8v-70.4c0-6.4-6.4-12.8-12.8-12.8h-22.4c-6.4 0-12.8 6.4-12.8 12.8v70.4c0 6.4 6.4 12.8 12.8 12.8z\" class=\"\"><\/path><\/svg><\/i> <img loading=\"lazy\" decoding=\"async\" width=\"16\" height=\"16\" alt=\"Loading\" src=\"https:\/\/temucotelevision.cl\/web\/wp-content\/plugins\/page-views-count\/ajax-loader-2x.gif\" border=0 \/><\/p><div class=\"pvc_clear\"><\/div>\n<p>Desapareci\u00f3 de su hogar la madrugada del 6 de agosto pasado<\/p>\n\n\n\n<p>&#8211;&nbsp; &nbsp; &nbsp;&nbsp;Afirman que ten\u00eda problemas para caminar y al parecer sufr\u00eda de depresi\u00f3n. Nadie se explica c\u00f3mo escap\u00f3 de su hogar.&nbsp;&nbsp;<\/p>\n\n\n\n<p>Intensos operativos de b\u00fasqueda realizan pobladores, voluntarios y funcionarios de la Polic\u00eda de Investigaciones de Chile, PDI, en el \u00e1rea urbano y rural de Pitrufqu\u00e9n, para dar con el paradero de Rosa Jaramillo Paillape, de 70 a\u00f1os, quien desapareci\u00f3 la madrugada del pasado 6 de agosto desde su domicilio ubicado en la poblaci\u00f3n Augusto Pinochet, aleda\u00f1o al Cesfam de esa comuna, sin que a la fecha existan pistas de su destino.&nbsp;<\/p>\n\n\n\n<p>La b\u00fasqueda de esta mujer adulta mayor, quien al parecer sufr\u00eda de depresi\u00f3n y tiene problemas f\u00edsicos para caminar, ha considerado diversas poblaciones, campos aleda\u00f1os, la Isla Municipal y hasta la ribera del R\u00edo Tolt\u00e9n sin que a la fecha existan resultados positivos.<\/p>\n\n\n\n<p>As\u00ed lo precisa, Milena Zunino, vecina y conocida de Rosa por muchos a\u00f1os quien afirma que esta due\u00f1a de casa, quien vive sola con su marido, \u201capenas pod\u00eda caminar, dependiendo siempre de terceros para movilizarse. De hecho, en los d\u00edas anteriores a su desaparici\u00f3n se le vio transitar en silla de ruedas con su marido; por lo que la posibilidad de que haya salido de su vivienda en la madrugada, en pleno invierno, por sus propios medios, sin que alguien la haya visto o sepa d\u00f3nde fue, es poco cre\u00edble\u201d, afirma.<\/p>\n\n\n\n<p>\u201cHemos realizado muchas gestiones para buscarla. Cuando supimos que desapareci\u00f3 reunimos amigos y vecinos para rastrear diferentes sectores, incluso con publicaciones en redes sociales, pero nada y estamos muy preocupados por su vida. No sabemos c\u00f3mo una persona de baja estatura, de avanzada edad y con problemas para caminar, se haya escapado y nadie la encuentre\u201d, afirma Zunino.&nbsp;<\/p>\n\n\n\n<p>La Polic\u00eda de Investigaciones hace varias semanas que est\u00e1 en la b\u00fasqueda luego que su marido interpusiera una denuncia por desaparici\u00f3n, sin que a la fecha existan rastros concretos de su paradero. Incluso videntes locales se han sumado a las pesquisa&nbsp;aportando datos.&nbsp;&nbsp;&nbsp;<\/p>\n\n\n\n<p>Para Zunino, \u201ccada d\u00eda que pasa, es un d\u00eda m\u00e1s que pensamos que lo peor pudo haber ocurrido y estamos haciendo hasta velatones o cadenas de oraci\u00f3n para poder hallarla con vida. Por eso es que le pedimos a todo quien pudiera haberla visto o conocer alg\u00fan dato de su paradero a que se comunique con nosotros o la PDI para poder ampliar la b\u00fasqueda\u201d.<\/p>\n\n\n\n<p>Una de las personas involucradas en esta b\u00fasqueda es la ex consejera regional, Jacqueline Romero, quien de manera voluntaria ha participado de estas acciones. \u201cEstamos muy preocupados. Junto a vecinos y amigos hemos acompa\u00f1ado la b\u00fasqueda incluso en la ribera del R\u00edo Tolt\u00e9n, pero no hay huellas; como que la tierra se la trag\u00f3 y eso nos preocupa, por eso que hago un llamado a las polic\u00edas, autoridades y a todo aquel que sienta la necesidad de ayudar a sumarse a los esfuerzos de esta campa\u00f1a por hallar el paradero de esta mujer\u201d, concluy\u00f3.&nbsp;&nbsp;<\/p>\n\n\n\n<p>Si Ud. tiene alguna pista de su paradero se puede comunicar directamente a la oficina de la PDI en la comuna de Pitrufqu\u00e9n o llamar al fono +56 9 76414678 con Milena Zunino.\u00a0\u00a0<\/p>\n\n\n\n<div class=\"wp-block-image\"><figure class=\"aligncenter\"><img loading=\"lazy\" decoding=\"async\" width=\"960\" height=\"960\" src=\"https:\/\/temucotelevision.cl\/web\/wp-content\/uploads\/2020\/10\/Desaparecida2.jpeg\" alt=\"\" class=\"wp-image-15402\" srcset=\"https:\/\/temucotelevision.cl\/web\/wp-content\/uploads\/2020\/10\/Desaparecida2.jpeg 960w, https:\/\/temucotelevision.cl\/web\/wp-content\/uploads\/2020\/10\/Desaparecida2-768x768.jpeg 768w\" sizes=\"auto, (max-width: 960px) 100vw, 960px\" \/><\/figure><\/div>\n","protected":false},"excerpt":{"rendered":"<div class=\"pvc_clear\"><\/div>\n<p id=\"pvc_stats_15397\" class=\"pvc_stats total_only  \" data-element-id=\"15397\" style=\"\"><i class=\"pvc-stats-icon large\" aria-hidden=\"true\"><svg aria-hidden=\"true\" focusable=\"false\" data-prefix=\"far\" data-icon=\"chart-bar\" role=\"img\" xmlns=\"http:\/\/www.w3.org\/2000\/svg\" viewBox=\"0 0 512 512\" class=\"svg-inline--fa fa-chart-bar fa-w-16 fa-2x\"><path fill=\"currentColor\" d=\"M396.8 352h22.4c6.4 0 12.8-6.4 12.8-12.8V108.8c0-6.4-6.4-12.8-12.8-12.8h-22.4c-6.4 0-12.8 6.4-12.8 12.8v230.4c0 6.4 6.4 12.8 12.8 12.8zm-192 0h22.4c6.4 0 12.8-6.4 12.8-12.8V140.8c0-6.4-6.4-12.8-12.8-12.8h-22.4c-6.4 0-12.8 6.4-12.8 12.8v198.4c0 6.4 6.4 12.8 12.8 12.8zm96 0h22.4c6.4 0 12.8-6.4 12.8-12.8V204.8c0-6.4-6.4-12.8-12.8-12.8h-22.4c-6.4 0-12.8 6.4-12.8 12.8v134.4c0 6.4 6.4 12.8 12.8 12.8zM496 400H48V80c0-8.84-7.16-16-16-16H16C7.16 64 0 71.16 0 80v336c0 17.67 14.33 32 32 32h464c8.84 0 16-7.16 16-16v-16c0-8.84-7.16-16-16-16zm-387.2-48h22.4c6.4 0 12.8-6.4 12.8-12.8v-70.4c0-6.4-6.4-12.8-12.8-12.8h-22.4c-6.4 0-12.8 6.4-12.8 12.8v70.4c0 6.4 6.4 12.8 12.8 12.8z\" class=\"\"><\/path><\/svg><\/i> <img loading=\"lazy\" decoding=\"async\" width=\"16\" height=\"16\" alt=\"Loading\" src=\"https:\/\/temucotelevision.cl\/web\/wp-content\/plugins\/page-views-count\/ajax-loader-2x.gif\" border=0 \/><\/p>\n<div class=\"pvc_clear\"><\/div>\n<p>Desapareci\u00f3 de su hogar la madrugada del 6 de agosto pasado &#8211;&nbsp; &nbsp; &nbsp;&nbsp;Afirman que ten\u00eda problemas para caminar y<\/p>\n","protected":false},"author":1,"featured_media":15398,"comment_status":"open","ping_status":"open","sticky":false,"template":"","format":"standard","meta":{"colormag_page_container_layout":"default_layout","colormag_page_sidebar_layout":"default_layout","footnotes":""},"categories":[15],"tags":[3136],"class_list":["post-15397","post","type-post","status-publish","format-standard","has-post-thumbnail","hentry","category-la-araucania","tag-desaparecida"],"a3_pvc":{"activated":true,"total_views":95,"today_views":0},"_links":{"self":[{"href":"https:\/\/temucotelevision.cl\/web\/wp-json\/wp\/v2\/posts\/15397","targetHints":{"allow":["GET"]}}],"collection":[{"href":"https:\/\/temucotelevision.cl\/web\/wp-json\/wp\/v2\/posts"}],"about":[{"href":"https:\/\/temucotelevision.cl\/web\/wp-json\/wp\/v2\/types\/post"}],"author":[{"embeddable":true,"href":"https:\/\/temucotelevision.cl\/web\/wp-json\/wp\/v2\/users\/1"}],"replies":[{"embeddable":true,"href":"https:\/\/temucotelevision.cl\/web\/wp-json\/wp\/v2\/comments?post=15397"}],"version-history":[{"count":3,"href":"https:\/\/temucotelevision.cl\/web\/wp-json\/wp\/v2\/posts\/15397\/revisions"}],"predecessor-version":[{"id":15403,"href":"https:\/\/temucotelevision.cl\/web\/wp-json\/wp\/v2\/posts\/15397\/revisions\/15403"}],"wp:featuredmedia":[{"embeddable":true,"href":"https:\/\/temucotelevision.cl\/web\/wp-json\/wp\/v2\/media\/15398"}],"wp:attachment":[{"href":"https:\/\/temucotelevision.cl\/web\/wp-json\/wp\/v2\/media?parent=15397"}],"wp:term":[{"taxonomy":"category","embeddable":true,"href":"https:\/\/temucotelevision.cl\/web\/wp-json\/wp\/v2\/categories?post=15397"},{"taxonomy":"post_tag","embeddable":true,"href":"https:\/\/temucotelevision.cl\/web\/wp-json\/wp\/v2\/tags?post=15397"}],"curies":[{"name":"wp","href":"https:\/\/api.w.org\/{rel}","templated":true}]}}