{"id":15388,"date":"2020-10-26T12:48:23","date_gmt":"2020-10-26T15:48:23","guid":{"rendered":"https:\/\/temucotelevision.cl\/web\/?p=15388"},"modified":"2020-10-26T12:52:27","modified_gmt":"2020-10-26T15:52:27","slug":"reporte-covid-19-para-hoy-suman-195-los-nuevos-casos-y-79-para-temuco-2-personas-fallecidas","status":"publish","type":"post","link":"https:\/\/temucotelevision.cl\/web\/2020\/10\/26\/reporte-covid-19-para-hoy-suman-195-los-nuevos-casos-y-79-para-temuco-2-personas-fallecidas\/","title":{"rendered":"Reporte Covid-19: Para hoy suman 195 los nuevos casos en La Araucan\u00eda y 79 para Temuco, 2 personas fallecidas"},"content":{"rendered":"<div class=\"pvc_clear\"><\/div><p id=\"pvc_stats_15388\" class=\"pvc_stats total_only  \" data-element-id=\"15388\" style=\"\"><i class=\"pvc-stats-icon large\" aria-hidden=\"true\"><svg aria-hidden=\"true\" focusable=\"false\" data-prefix=\"far\" data-icon=\"chart-bar\" role=\"img\" xmlns=\"http:\/\/www.w3.org\/2000\/svg\" viewBox=\"0 0 512 512\" class=\"svg-inline--fa fa-chart-bar fa-w-16 fa-2x\"><path fill=\"currentColor\" d=\"M396.8 352h22.4c6.4 0 12.8-6.4 12.8-12.8V108.8c0-6.4-6.4-12.8-12.8-12.8h-22.4c-6.4 0-12.8 6.4-12.8 12.8v230.4c0 6.4 6.4 12.8 12.8 12.8zm-192 0h22.4c6.4 0 12.8-6.4 12.8-12.8V140.8c0-6.4-6.4-12.8-12.8-12.8h-22.4c-6.4 0-12.8 6.4-12.8 12.8v198.4c0 6.4 6.4 12.8 12.8 12.8zm96 0h22.4c6.4 0 12.8-6.4 12.8-12.8V204.8c0-6.4-6.4-12.8-12.8-12.8h-22.4c-6.4 0-12.8 6.4-12.8 12.8v134.4c0 6.4 6.4 12.8 12.8 12.8zM496 400H48V80c0-8.84-7.16-16-16-16H16C7.16 64 0 71.16 0 80v336c0 17.67 14.33 32 32 32h464c8.84 0 16-7.16 16-16v-16c0-8.84-7.16-16-16-16zm-387.2-48h22.4c6.4 0 12.8-6.4 12.8-12.8v-70.4c0-6.4-6.4-12.8-12.8-12.8h-22.4c-6.4 0-12.8 6.4-12.8 12.8v70.4c0 6.4 6.4 12.8 12.8 12.8z\" class=\"\"><\/path><\/svg><\/i> <img loading=\"lazy\" decoding=\"async\" width=\"16\" height=\"16\" alt=\"Loading\" src=\"https:\/\/temucotelevision.cl\/web\/wp-content\/plugins\/page-views-count\/ajax-loader-2x.gif\" border=0 \/><\/p><div class=\"pvc_clear\"><\/div>\n<p><strong>11.556 son los casos confirmados de COVID- 19 en La Araucan\u00eda.<\/strong><\/p>\n\n\n\n<p>Durante el d\u00eda ayer fueron 195 los nuevos casos confirmados de COVID- 19 en la regi\u00f3n. Estos nuevos casos sumados a los confirmados anteriormente, nos entregan la siguiente distribuci\u00f3n comunal:<\/p>\n\n\n\n<table class=\"wp-block-table\"><tbody><tr><td><strong>Comuna de residencia *<\/strong><\/td><td><strong>N\u00b0 de casos<\/strong><\/td><td><strong>Casos nuevos<\/strong><\/td><td><strong>Casos activos<\/strong><\/td><\/tr><tr><td>Angol<\/td><td>880<\/td><td>&#8211;<\/td><td>17<\/td><\/tr><tr><td>Carahue<\/td><td>513<\/td><td>7<\/td><td>33<\/td><\/tr><tr><td>Chol-Chol<\/td><td>108<\/td><td>2<\/td><td>6<\/td><\/tr><tr><td>Collipulli<\/td><td>448<\/td><td>3<\/td><td>13<\/td><\/tr><tr><td>Cunco<\/td><td>213<\/td><td>1<\/td><td>19<\/td><\/tr><tr><td>Curacaut\u00edn<\/td><td>53<\/td><td>&#8211;<\/td><td>3<\/td><\/tr><tr><td>Curarrehue<\/td><td>11<\/td><td>&#8211;<\/td><td>&#8211;<\/td><\/tr><tr><td>Ercilla<\/td><td>285<\/td><td>&#8211;<\/td><td>3<\/td><\/tr><tr><td>Freire<\/td><td>254<\/td><td>6<\/td><td>39<\/td><\/tr><tr><td>Galvarino<\/td><td>330<\/td><td>2<\/td><td>43<\/td><\/tr><tr><td>Gorbea<\/td><td>108<\/td><td>15<\/td><td>20<\/td><\/tr><tr><td>Lautaro<\/td><td>393<\/td><td>9<\/td><td>34<\/td><\/tr><tr><td>Loncoche<\/td><td>277<\/td><td>&#8211;<\/td><td>1<\/td><\/tr><tr><td>Lonquimay<\/td><td>172<\/td><td>&#8211;<\/td><td>1<\/td><\/tr><tr><td>Los Sauces<\/td><td>83<\/td><td>1<\/td><td>1<\/td><\/tr><tr><td>Lumaco<\/td><td>83<\/td><td>&#8211;<\/td><td>5<\/td><\/tr><tr><td>Melipeuco<\/td><td>42<\/td><td>&#8211;<\/td><td>&#8211;<\/td><\/tr><tr><td>Nueva Imperial<\/td><td>346<\/td><td>7<\/td><td>35<\/td><\/tr><tr><td>Padre Las Casas<\/td><td>690<\/td><td>16<\/td><td>93<\/td><\/tr><tr><td>Perquenco<\/td><td>149<\/td><td>2<\/td><td>8<\/td><\/tr><tr><td>Pitrufqu\u00e9n<\/td><td>212<\/td><td>5<\/td><td>21<\/td><\/tr><tr><td>Puc\u00f3n<\/td><td>200<\/td><td>4<\/td><td>25<\/td><\/tr><tr><td>Pur\u00e9n<\/td><td>53<\/td><td>&#8211;<\/td><td>1<\/td><\/tr><tr><td>Renaico<\/td><td>185<\/td><td>&#8211;<\/td><td>4<\/td><\/tr><tr><td>Saavedra<\/td><td>224<\/td><td>6<\/td><td>15<\/td><\/tr><tr><td>Temuco<\/td><td>3.346<\/td><td>79<\/td><td>405<\/td><\/tr><tr><td>Teodoro Schmidt<\/td><td>231<\/td><td>&#8211;<\/td><td>3<\/td><\/tr><tr><td>Tolt\u00e9n<\/td><td>46<\/td><td>3<\/td><td>6<\/td><\/tr><tr><td>Traigu\u00e9n<\/td><td>103<\/td><td>1<\/td><td>6<\/td><\/tr><tr><td>Victoria<\/td><td>390<\/td><td>3<\/td><td>23<\/td><\/tr><tr><td>Vilc\u00fan<\/td><td>329<\/td><td>17<\/td><td>31<\/td><\/tr><tr><td>Villarrica<\/td><td>615<\/td><td>6<\/td><td>66<\/td><\/tr><tr><td><strong>Total General<\/strong><\/td><td><strong>11.372<\/strong><\/td><td><strong>&nbsp;&nbsp;&nbsp;&nbsp;&nbsp;&nbsp;&nbsp;&nbsp;&nbsp;&nbsp;&nbsp;&nbsp;&nbsp;&nbsp;195<\/strong><\/td><td><strong>980<\/strong><\/td><\/tr><tr><td>*Informaci\u00f3n susceptible de ser modificada, en relaci\u00f3n a los resultados de las investigaciones Epidemiol\u00f3gicas.<strong><\/strong><\/td><td>(Se extraen 183 casos del an\u00e1lisis, puesto que presentan residencia en otras regiones).&nbsp;&nbsp;<\/td><td>&nbsp;<\/td><td>** Se extraen 8 del total de activos que presentan domicilio en otra regi\u00f3n<\/td><\/tr><\/tbody><\/table>\n\n\n\n<table class=\"wp-block-table\"><tbody><tr><td><strong>Casos nuevos<\/strong><\/td><td><strong>Sintom\u00e1ticos&nbsp;<\/strong><\/td><td><strong>Asintom\u00e1ticos<\/strong><\/td><td><strong>Casos nuevos no notificados<\/strong><strong><\/strong><\/td><\/tr><tr><td><strong>195<\/strong><\/td><td><strong>132<\/strong><\/td><td><strong>62<\/strong><\/td><td><strong>1<\/strong><\/td><\/tr><\/tbody><\/table>\n\n\n\n<p><strong>Ex\u00e1menes PCR procesados en las \u00faltimas 24 hrs.<\/strong><\/p>\n\n\n\n<table class=\"wp-block-table\"><tbody><tr><td>N\u00b0 de Muestras procesadas (25.10.2020)<\/td><td>1.742<\/td><\/tr><\/tbody><\/table>\n\n\n\n<table class=\"wp-block-table\"><tbody><tr><td><strong>Activos<\/strong><\/td><td><strong>N\u00b0 de Casos&nbsp;<\/strong><\/td><td><strong>Porcentaje<\/strong><\/td><\/tr><tr><td>&nbsp;Si&nbsp;<\/td><td>&nbsp;980<\/td><td>&nbsp;8.7%<\/td><\/tr><tr><td>No<\/td><td>10.261<\/td><td>91.3%<\/td><\/tr><\/tbody><\/table>\n\n\n\n<p>*Se excluyen del an\u00e1lisis los pacientes fallecidos.<\/p>\n\n\n\n<table class=\"wp-block-table\"><tbody><tr><td><strong>Casos asignados en proceso de an\u00e1lisis<\/strong>(25.10.2020)<\/td><td><strong>1<\/strong><\/td><td><em>Estos casos en proceso de an\u00e1lisis se suman solo al total regional acumulado y no al detalle comunal.<\/em><strong><\/strong><\/td><\/tr><tr><td><strong>Casos asignados en proceso de an\u00e1lisis resueltos&nbsp;<\/strong>(25.10.2020)<\/td><td><strong>0<\/strong><\/td><td><em>Los casos resueltos se restan al total regional.<\/em><strong>&nbsp;<\/strong><\/td><\/tr><\/tbody><\/table>\n\n\n\n<p><strong>Casos confirmados por sexo<\/strong><\/p>\n\n\n\n<table class=\"wp-block-table\"><tbody><tr><td><strong>Sexo<\/strong><\/td><td><strong>N\u00b0 Casos<\/strong><\/td><td><strong>Porcentaje<\/strong><\/td><\/tr><tr><td>Hombre<\/td><td>5.670<\/td><td>49,9%<\/td><\/tr><tr><td>Mujer<\/td><td>5.702<\/td><td>50,1%<\/td><\/tr><\/tbody><\/table>\n\n\n\n<table class=\"wp-block-table\"><tbody><tr><td><strong>Fallecidos<\/strong><\/td><td>144<\/td><\/tr><\/tbody><\/table>\n\n\n\n<table class=\"wp-block-table\"><tbody><tr><td><strong>Sexo<\/strong><\/td><td><strong>Edad<\/strong><\/td><td><strong>Comuna<\/strong><\/td><td><strong>Fecha<\/strong><\/td><\/tr><tr><td>Femenino<\/td><td>77<\/td><td>Pitrufqu\u00e9n<\/td><td>12\/10<\/td><\/tr><tr><td>Masculino<\/td><td>66<\/td><td>Pitrufqu\u00e9n<\/td><td>15\/10<\/td><\/tr><\/tbody><\/table>\n\n\n\n<p>De la totalidad de casos, 135 se encuentran hospitalizados, de estos, 55 en Unidades de Paciente Cr\u00edtico (UTI 15 \u2013 UCI 40) y 34 conectados a ventilador mec\u00e1nico de los cuales 30 se encuentran en establecimientos de la red p\u00fablica y 04 en cl\u00ednicas privadas.<\/p>\n\n\n\n<p><a>\u2014\u2013<\/a>\u2014\u2014<br><strong>Unidad de Comunicaciones<\/strong><\/p>\n\n\n\n<p>Seremi de Salud<\/p>\n","protected":false},"excerpt":{"rendered":"<div class=\"pvc_clear\"><\/div>\n<p id=\"pvc_stats_15388\" class=\"pvc_stats total_only  \" data-element-id=\"15388\" style=\"\"><i class=\"pvc-stats-icon large\" aria-hidden=\"true\"><svg aria-hidden=\"true\" focusable=\"false\" data-prefix=\"far\" data-icon=\"chart-bar\" role=\"img\" xmlns=\"http:\/\/www.w3.org\/2000\/svg\" viewBox=\"0 0 512 512\" class=\"svg-inline--fa fa-chart-bar fa-w-16 fa-2x\"><path fill=\"currentColor\" d=\"M396.8 352h22.4c6.4 0 12.8-6.4 12.8-12.8V108.8c0-6.4-6.4-12.8-12.8-12.8h-22.4c-6.4 0-12.8 6.4-12.8 12.8v230.4c0 6.4 6.4 12.8 12.8 12.8zm-192 0h22.4c6.4 0 12.8-6.4 12.8-12.8V140.8c0-6.4-6.4-12.8-12.8-12.8h-22.4c-6.4 0-12.8 6.4-12.8 12.8v198.4c0 6.4 6.4 12.8 12.8 12.8zm96 0h22.4c6.4 0 12.8-6.4 12.8-12.8V204.8c0-6.4-6.4-12.8-12.8-12.8h-22.4c-6.4 0-12.8 6.4-12.8 12.8v134.4c0 6.4 6.4 12.8 12.8 12.8zM496 400H48V80c0-8.84-7.16-16-16-16H16C7.16 64 0 71.16 0 80v336c0 17.67 14.33 32 32 32h464c8.84 0 16-7.16 16-16v-16c0-8.84-7.16-16-16-16zm-387.2-48h22.4c6.4 0 12.8-6.4 12.8-12.8v-70.4c0-6.4-6.4-12.8-12.8-12.8h-22.4c-6.4 0-12.8 6.4-12.8 12.8v70.4c0 6.4 6.4 12.8 12.8 12.8z\" class=\"\"><\/path><\/svg><\/i> <img loading=\"lazy\" decoding=\"async\" width=\"16\" height=\"16\" alt=\"Loading\" src=\"https:\/\/temucotelevision.cl\/web\/wp-content\/plugins\/page-views-count\/ajax-loader-2x.gif\" border=0 \/><\/p>\n<div class=\"pvc_clear\"><\/div>\n<p>11.556 son los casos confirmados de COVID- 19 en La Araucan\u00eda. Durante el d\u00eda ayer fueron 195 los nuevos casos<\/p>\n","protected":false},"author":1,"featured_media":14616,"comment_status":"open","ping_status":"open","sticky":false,"template":"","format":"standard","meta":{"colormag_page_container_layout":"default_layout","colormag_page_sidebar_layout":"default_layout","footnotes":""},"categories":[15],"tags":[2347],"class_list":["post-15388","post","type-post","status-publish","format-standard","has-post-thumbnail","hentry","category-la-araucania","tag-contagios"],"a3_pvc":{"activated":true,"total_views":29,"today_views":0},"_links":{"self":[{"href":"https:\/\/temucotelevision.cl\/web\/wp-json\/wp\/v2\/posts\/15388","targetHints":{"allow":["GET"]}}],"collection":[{"href":"https:\/\/temucotelevision.cl\/web\/wp-json\/wp\/v2\/posts"}],"about":[{"href":"https:\/\/temucotelevision.cl\/web\/wp-json\/wp\/v2\/types\/post"}],"author":[{"embeddable":true,"href":"https:\/\/temucotelevision.cl\/web\/wp-json\/wp\/v2\/users\/1"}],"replies":[{"embeddable":true,"href":"https:\/\/temucotelevision.cl\/web\/wp-json\/wp\/v2\/comments?post=15388"}],"version-history":[{"count":2,"href":"https:\/\/temucotelevision.cl\/web\/wp-json\/wp\/v2\/posts\/15388\/revisions"}],"predecessor-version":[{"id":15390,"href":"https:\/\/temucotelevision.cl\/web\/wp-json\/wp\/v2\/posts\/15388\/revisions\/15390"}],"wp:featuredmedia":[{"embeddable":true,"href":"https:\/\/temucotelevision.cl\/web\/wp-json\/wp\/v2\/media\/14616"}],"wp:attachment":[{"href":"https:\/\/temucotelevision.cl\/web\/wp-json\/wp\/v2\/media?parent=15388"}],"wp:term":[{"taxonomy":"category","embeddable":true,"href":"https:\/\/temucotelevision.cl\/web\/wp-json\/wp\/v2\/categories?post=15388"},{"taxonomy":"post_tag","embeddable":true,"href":"https:\/\/temucotelevision.cl\/web\/wp-json\/wp\/v2\/tags?post=15388"}],"curies":[{"name":"wp","href":"https:\/\/api.w.org\/{rel}","templated":true}]}}