{"id":15384,"date":"2020-10-26T12:31:18","date_gmt":"2020-10-26T15:31:18","guid":{"rendered":"https:\/\/temucotelevision.cl\/web\/?p=15384"},"modified":"2020-10-26T12:31:21","modified_gmt":"2020-10-26T15:31:21","slug":"fundacion-corpartes-presenta-por-primera-vez-dos-obras-de-la-compania-teatrocinema-en-formato-digital%ef%bb%bf","status":"publish","type":"post","link":"https:\/\/temucotelevision.cl\/web\/2020\/10\/26\/fundacion-corpartes-presenta-por-primera-vez-dos-obras-de-la-compania-teatrocinema-en-formato-digital%ef%bb%bf\/","title":{"rendered":"Fundaci\u00f3n CorpArtes presenta por primera vez dos obras de la compa\u00f1\u00eda Teatrocinema en formato digital\ufeff"},"content":{"rendered":"<div class=\"pvc_clear\"><\/div><p id=\"pvc_stats_15384\" class=\"pvc_stats total_only  \" data-element-id=\"15384\" style=\"\"><i class=\"pvc-stats-icon large\" aria-hidden=\"true\"><svg aria-hidden=\"true\" focusable=\"false\" data-prefix=\"far\" data-icon=\"chart-bar\" role=\"img\" xmlns=\"http:\/\/www.w3.org\/2000\/svg\" viewBox=\"0 0 512 512\" class=\"svg-inline--fa fa-chart-bar fa-w-16 fa-2x\"><path fill=\"currentColor\" d=\"M396.8 352h22.4c6.4 0 12.8-6.4 12.8-12.8V108.8c0-6.4-6.4-12.8-12.8-12.8h-22.4c-6.4 0-12.8 6.4-12.8 12.8v230.4c0 6.4 6.4 12.8 12.8 12.8zm-192 0h22.4c6.4 0 12.8-6.4 12.8-12.8V140.8c0-6.4-6.4-12.8-12.8-12.8h-22.4c-6.4 0-12.8 6.4-12.8 12.8v198.4c0 6.4 6.4 12.8 12.8 12.8zm96 0h22.4c6.4 0 12.8-6.4 12.8-12.8V204.8c0-6.4-6.4-12.8-12.8-12.8h-22.4c-6.4 0-12.8 6.4-12.8 12.8v134.4c0 6.4 6.4 12.8 12.8 12.8zM496 400H48V80c0-8.84-7.16-16-16-16H16C7.16 64 0 71.16 0 80v336c0 17.67 14.33 32 32 32h464c8.84 0 16-7.16 16-16v-16c0-8.84-7.16-16-16-16zm-387.2-48h22.4c6.4 0 12.8-6.4 12.8-12.8v-70.4c0-6.4-6.4-12.8-12.8-12.8h-22.4c-6.4 0-12.8 6.4-12.8 12.8v70.4c0 6.4 6.4 12.8 12.8 12.8z\" class=\"\"><\/path><\/svg><\/i> <img loading=\"lazy\" decoding=\"async\" width=\"16\" height=\"16\" alt=\"Loading\" src=\"https:\/\/temucotelevision.cl\/web\/wp-content\/plugins\/page-views-count\/ajax-loader-2x.gif\" border=0 \/><\/p><div class=\"pvc_clear\"><\/div>\n<ul class=\"wp-block-list\"><li><strong>Ser\u00e1n las obras familiares&nbsp;<em>El sue\u00f1o de M\u00f3&nbsp;<\/em>-presentada junto a Nido Forticrece- y&nbsp;<em>Pato Patito<\/em>, las cuales estar\u00e1n disponibles en la p\u00e1gina web de Fundaci\u00f3n CorpArtes para que las personas puedan disfrutar de ellas desde sus casas. Ser\u00e1n exhibidas respectivamente entre el 30 de octubre y el 1 de noviembre, y entre el 20 y 29 de noviembre. M\u00e1s informaci\u00f3n en www.corpartes.cl<\/strong><strong><\/strong><\/li><\/ul>\n\n\n\n<p>Un ser llamado M\u00f3 se ve sorprendido por la repentina ca\u00edda de un cometa en la mitad del desierto que habita; desde all\u00ed, comienza un viaje on\u00edrico lleno de aventuras, que incluye una traves\u00eda por el oc\u00e9ano y el fondo marino, la exploraci\u00f3n de la ciudad e incluso del cielo. Este es el cautivante relato de&nbsp;<em>El sue\u00f1o de M\u00f3<\/em>, la primera obra que la destacada compa\u00f1\u00eda nacional Teatrocinema realiz\u00f3 para el p\u00fablico familiar en 2018, de forma presencial, y que ser\u00e1 asimismo una de las dos obras de la compa\u00f1\u00eda que Fundaci\u00f3n CorpArtes pondr\u00e1 a disposici\u00f3n por primera vez en formato digital.&nbsp;&nbsp;Presentada junto a Nido Forticrece, la obra sumergir\u00e1 a ni\u00f1os, ni\u00f1as y j\u00f3venes, junto a sus familias, en el impresionante lenguaje de esta destacada compa\u00f1\u00eda,&nbsp;la misma detr\u00e1s de&nbsp;producciones como&nbsp;<em>Sin sangre&nbsp;<\/em>y&nbsp;<em>La contadora de pel\u00edculas<\/em>, que combina el teatro, cine y c\u00f3mic en un solo espect\u00e1culo.<\/p>\n\n\n\n<p>\u201cDurante esta pandemia hemos visto la necesidad de acompa\u00f1ar a ni\u00f1os y ni\u00f1as a trav\u00e9s de las artes: ser un espacio que promueva la reflexi\u00f3n y la exploraci\u00f3n a trav\u00e9s de diversas experiencias que sean tambi\u00e9n educativas. Por eso junto a la compa\u00f1\u00eda Teatrocinema, con quienes hemos establecido una fruct\u00edfera relaci\u00f3n de ya varios a\u00f1os de trabajo conjunto, concretamos la posibilidad de presentar por primera vez sus obras familiares en formato digital, pensadas para los m\u00e1s peque\u00f1os.&nbsp;<em>El sue\u00f1o de M\u00f3,&nbsp;<\/em>que exhibimos tambi\u00e9n gracias al apoyo de Nido Forticrece, y&nbsp;<em>Pato Patito<\/em>, son ambos espect\u00e1culos que nos llevan a mundos \u00fanicos y que tienen detr\u00e1s un importante contenido que nos permite profundizar en tem\u00e1ticas socialmente relevantes, como lo son la igualdad y el descubrimiento de la propia identidad. A trav\u00e9s de ellos buscamos que ni\u00f1as y ni\u00f1os puedan conversar sobre nuevas tem\u00e1ticas, y que durante esta pandemia sigan desarrollando el pensamiento cr\u00edtico junto a sus padres, profesoras y profesores\u201d, expres\u00f3 Francisca Florenzano, Directora Ejecutiva de Fundaci\u00f3n CorpArtes.&nbsp;<\/p>\n\n\n\n<p>Junto con&nbsp;<em>El sue\u00f1o de M\u00f3,&nbsp;<\/em>tambi\u00e9n llegar\u00e1 por primera vez a la cartelera digital el&nbsp;espect\u00e1culo&nbsp;<em>Pato Patito&nbsp;<\/em>(2019),&nbsp;versi\u00f3n libre del cl\u00e1sico cuento&nbsp;<em>El&nbsp;patito feo<\/em>&nbsp;de Hans Christian Andersen en el que Teatrocinema cuenta las aventuras del patito a trav\u00e9s de las voces de dos mujeres abuelas y mellizas&nbsp;que, a partir de sus recuerdos de infancia, reviven la narraci\u00f3n oral con la historia de este&nbsp;entra\u00f1able personaje.&nbsp;Con el sello propio del lenguaje desarrollado por Teatrocinema, en donde elementos de la teatralidad&nbsp;se fusionan con elementos del mundo virtual y cinematogr\u00e1fico, esta obra invita a reflexionar sobre temas el respeto y aceptaci\u00f3n de la diferencia, as\u00ed como al descubrimiento y conocimiento de uno mismo, enmarcado en el rescate del&nbsp;mundo imaginario de los cuentos cl\u00e1sicos.<\/p>\n\n\n\n<p>Ambas obras se exhibir\u00e1n en la p\u00e1gina web de Fundaci\u00f3n CorpArtes. Primero ser\u00e1 el turno de&nbsp;<em>El sue\u00f1o de M\u00f3,&nbsp;<\/em>que estar\u00e1 disponible de forma gratuita -con cupos limitados- entre el 30 de octubre y el 1 de noviembre. A su vez,&nbsp;<em>Pato Patito&nbsp;<\/em>se exhibir\u00e1 entre el 20 y 29 de noviembre, y tendr\u00e1 tres precios opcionales a modo de contribuci\u00f3n:&nbsp;$2.200, $4.500 y $6.700.&nbsp;La venta estar\u00e1 habilitada para toda Latinoam\u00e9rica y con la entrada las personas podr\u00e1n ver la obra en el horario que m\u00e1s les acomode y las veces que quieran, durante los d\u00edas de duraci\u00f3n de cada temporada.<\/p>\n\n\n\n<p><strong>Sobre Teatrocinema<\/strong><\/p>\n\n\n\n<p><strong>\u201c<\/strong><strong>Una de las m\u00e1s destacadas agrupaciones teatrales de nuestro pa\u00eds<\/strong><strong>\u201d&nbsp;<\/strong><\/p>\n\n\n\n<p><strong>(El Mercurio)<\/strong><\/p>\n\n\n\n<p>Los fundadores de Teatrocinema, Juan Carlos Zagal y Laura Pizarro, comenzaron a realizar su oficio o lenguaje a fines de los a\u00f1os ochenta, cuando se constituye la compa\u00f1\u00eda&nbsp;La Troppa, motivada por la necesidad de iniciar la b\u00fasqueda y creaci\u00f3n de un lenguaje propio, dando inmediatos frutos a trav\u00e9s de creaciones como&nbsp;<em>Viaje al centro de la tierra<\/em>,&nbsp;<em>Pinocchio<\/em>,&nbsp;<em>Jes\u00fas Betz<\/em>&nbsp;y&nbsp;<em>Gemelos,<\/em>&nbsp;entre otras. Dada la calidad de sus montajes y novedad en la puesta en escena, sus obras han sido vistas por miles de espectadores en Am\u00e9rica, Europa y Asia.<\/p>\n\n\n\n<p>En 2005, y a prop\u00f3sito del cierre de un ciclo, nace la compa\u00f1\u00eda Teatrocinema, un colectivo art\u00edstico multidisciplinario a trav\u00e9s del cual se crea un nuevo lenguaje en el que se funden (o confunden) elementos esenciales del teatro, el cine y el c\u00f3mic. De esta nueva agrupaci\u00f3n surgen las obras&nbsp;<em>Sin sangre<\/em>&nbsp;(2007),&nbsp;<em>El hombre que daba de beber a las mariposas<\/em>&nbsp;(2010),&nbsp;<em>Historia de amor<\/em>&nbsp;(2013),&nbsp;<em>La contadora de pel\u00edculas<\/em>&nbsp;(2015), la puesta en escena de la sinfon\u00eda&nbsp;<em>La canci\u00f3n de la tierra (The Song of the Earth)<\/em>, de Gustav Mahler -con la Filarm\u00f3nica de Los \u00c1ngeles bajo la direcci\u00f3n de Gustavo Dudamel en el Walt Disney Concert Hall en abril de 2018-, y&nbsp;<em>Plata quemada&nbsp;<\/em>(2019).<\/p>\n\n\n\n<p>Teatrocinema se ha presentado en los teatros y festivales internacionales m\u00e1s destacados del circuito mundial, entre ellos el Festival de Edimburgo, Bogot\u00e1, Berl\u00edn, Madrid, Viena, Guanajuato, R\u00edo de Janeiro, Almada y teatros como Lincoln Center de Nueva York, Teatro de la Ville de Par\u00eds, Ode\u00f3n de Par\u00eds, Teatro de La Villette, Teatro San Mart\u00edn de Buenos Aires, Piccolo Teatro de Mil\u00e1n. Adem\u00e1s de sus presentaciones en Chile, destacan sus giras a Francia, Hong Kong, Corea del Sur, Macao, Taiw\u00e1n, Singapur, Israel, Holanda, B\u00e9lgica, Portugal, Reino Unido, Alemania, Espa\u00f1a, Suiza, Italia, M\u00e9xico, Brasil, Venezuela, Argentina, Estados Unidos, Canad\u00e1, Ecuador, Puerto Rico, Rep\u00fablica Dominicana y Colombia.<\/p>\n\n\n\n<p><strong>Sobre&nbsp;<em>El sue\u00f1o de M\u00f3&nbsp;<\/em><\/strong><\/p>\n\n\n\n<p>Duraci\u00f3n:&nbsp;50 min.&nbsp;<\/p>\n\n\n\n<p>Audiencia:&nbsp;+3<\/p>\n\n\n\n<p>Entrada liberada, cupos limitados.&nbsp;<\/p>\n\n\n\n<p>Disponible entre el 30 de octubre y el 1 de noviembre.<\/p>\n\n\n\n<p>Reserva de tickets:&nbsp;<a href=\"https:\/\/nido.corpartesdigital.cl\/\">https:\/\/nido.corpartesdigital.cl\/<\/a><\/p>\n\n\n\n<p>La primera obra dirigida a ni\u00f1os de la destacada compa\u00f1\u00eda chilena Teatrocinema, exhibida en el Centro Cultural de Fundaci\u00f3n CorpArtes en agosto de 2019, llega por primera vez en formato digital presentada por Fundaci\u00f3n CorpArtes y Nido Forticrece.&nbsp;<\/p>\n\n\n\n<p>La obra cuenta la historia de un M\u00f3, un ser que habita y recorre el desierto tocando su flauta a las estrellas. Una noche especial cae un cometa del cielo, con el cual M\u00f3 intentar\u00e1 relacionarse hasta que, rendido por el cansancio, se duerme junto a \u00e9l. Es ah\u00ed cuando comienza un sue\u00f1o lleno de aventuras, que lo llevar\u00e1 a conocer el oc\u00e9ano y el mundo submarino, recorrer una gran metr\u00f3polis y realizar una carrera hasta el cielo.&nbsp;<\/p>\n\n\n\n<p>Este l\u00fadico montaje invita a grandes y peque\u00f1os a vivir una experiencia teatral a trav\u00e9s de la sensorialidad, en un espect\u00e1culo donde el trabajo actoral basado en la pantomima y la gestualidad se entremezclan con la m\u00fasica y la escenograf\u00eda que emulan el mundo del c\u00f3mic, llevando al espectador a un viaje \u00fanico de iniciaci\u00f3n y sue\u00f1os.&nbsp;<\/p>\n\n\n\n<p><strong>Ficha art\u00edstica:<\/strong><\/p>\n\n\n\n<p><strong>Direcci\u00f3n general<\/strong>: Juan Carlos Zagal&nbsp;<\/p>\n\n\n\n<p><strong>Guion original:&nbsp;<\/strong>Juan Carlos Zagal, Laura Pizarro, Daniel Gallo, Christian Aguilera, Juli\u00e1n Marras, Sof\u00eda Zagal<\/p>\n\n\n\n<p><strong>Elenco:&nbsp;<\/strong>Daniel Gallo&nbsp;<\/p>\n\n\n\n<p><strong>M\u00fasica original:&nbsp;<\/strong>Juan Carlos Zagal&nbsp;<\/p>\n\n\n\n<p><strong>Animaci\u00f3n y postproducci\u00f3n:&nbsp;<\/strong>Francisco Jullian, Vittorio Meschi, Sebasti\u00e1n Pinto y Max Rosenthal&nbsp;<\/p>\n\n\n\n<p><strong>Manipuladores Esc\u00e9nicos:<\/strong>&nbsp;Laura Pizarro, Juli\u00e1n Marras y Christian Aguilera<\/p>\n\n\n\n<p><strong>Registro audiovisual:<\/strong>&nbsp;Vittorio Meschi<\/p>\n\n\n\n<p><strong>Sobre&nbsp;<em>Pato Patito&nbsp;<\/em><\/strong><\/p>\n\n\n\n<p>Duraci\u00f3n:&nbsp;45 min.&nbsp;<\/p>\n\n\n\n<p>Audiencia:&nbsp;+5<\/p>\n\n\n\n<p>Disponible entre el 20 y 29 de noviembre.<\/p>\n\n\n\n<p>Un viaje desde un cultivo de sand\u00edas hasta un pantano de granja, la experiencia de manejar un tractor e incluso el vuelo junto a una bandada de cisnes\u2026 En esta versi\u00f3n libre del cl\u00e1sico cuento&nbsp;<em>El&nbsp;patito feo<\/em>&nbsp;de Hans Christian Andersen, ni\u00f1as, ni\u00f1os y j\u00f3venes, junto a sus familias, podr\u00e1n sumergirse en las emocionantes aventuras del entra\u00f1able personaje del patito que, al no ser aceptado por el resto por ser diferente, atravesar\u00e1 dif\u00edciles y grandes momentos, alternando entre la vida y la muerte.<\/p>\n\n\n\n<p>&nbsp;La adaptaci\u00f3n de esta obra por parte de la destacada compa\u00f1\u00eda Teatrocinema es contada desde la perspectiva de dos mujeres abuelas y mellizas que, en el oto\u00f1o de sus vidas, evocan cuando su abuelita les contaba cuentos, reviviendo la tradici\u00f3n de la narraci\u00f3n oral. Ellas ser\u00e1n quienes acompa\u00f1ar\u00e1n al patito en su traves\u00eda, introduci\u00e9ndose en el cuento ilustrado de&nbsp;<em>El patito feo&nbsp;<\/em>para<em>&nbsp;<\/em>relatar este viaje \u00edntimo, que el protagonista necesita para encontrarse a s\u00ed mismo.<\/p>\n\n\n\n<p>Con el sello propio del lenguaje desarrollado por Teatrocinema, en donde elementos de la teatralidad&nbsp;se fusionan con elementos del mundo virtual y cinematogr\u00e1fico, esta obra nos invita a reflexionar sobre temas como la igualdad, el respeto y aceptaci\u00f3n de la diferencia, as\u00ed como al descubrimiento y conocimiento de uno mismo, enmarcado en el rescate del&nbsp;mundo imaginario de los cuentos cl\u00e1sicos.<\/p>\n\n\n\n<p>Estrenada de forma presencial en 2019,&nbsp;<em>Pato patito&nbsp;<\/em>ser\u00e1 una de las dos obras de la compa\u00f1\u00eda -junto a&nbsp;<em>El sue\u00f1o de M\u00f3-&nbsp;<\/em>que por primera vez estar\u00e1n disponibles en formato digital.&nbsp;<\/p>\n\n\n\n<p><strong>Ficha art\u00edstica:<\/strong><\/p>\n\n\n\n<p><strong>Ficha art\u00edstica:<\/strong><\/p>\n\n\n\n<p><strong>Gui\u00f3n Teatrocinema:<\/strong>&nbsp;Francisca Castillo, Laura Pizarro y&nbsp;Juan Carlos Zagal&nbsp;<\/p>\n\n\n\n<p><strong>Direcci\u00f3n General:<\/strong>&nbsp;Juan Carlos Zagal&nbsp;<\/p>\n\n\n\n<p><strong>Elenco:<\/strong>&nbsp;Laura Pizarro y Francisca Castillo&nbsp;<\/p>\n\n\n\n<p><strong>M\u00fasica Original:<\/strong>&nbsp;Juan Carlos Zagal&nbsp;<\/p>\n\n\n\n<p><strong>Canciones:<\/strong>&nbsp;Francisca Castillo&nbsp;<\/p>\n\n\n\n<p><strong>Direcci\u00f3n de Arte:<\/strong>&nbsp;Laura Pizarro y Montserrat Quezada&nbsp;<\/p>\n\n\n\n<p><strong>Direcci\u00f3n Multimedia:<\/strong>&nbsp;TEATROCINEMA&nbsp;<\/p>\n\n\n\n<p><strong>Direcci\u00f3n T\u00e9cnica:<\/strong>&nbsp;Luis Alcaide&nbsp;<\/p>\n\n\n\n<p><strong>Storyboard:<\/strong>&nbsp;Vittorio Meschi&nbsp;<\/p>\n\n\n\n<p><strong>Ilustraciones:<\/strong>&nbsp;Raquel Eche\u00f1ique&nbsp;<\/p>\n\n\n\n<p><strong>Animaci\u00f3n:<\/strong>&nbsp;Sebasti\u00e1n Pinto y Francisco Jullian&nbsp;<\/p>\n\n\n\n<p><strong>Post Producci\u00f3n:<\/strong>&nbsp;Sebasti\u00e1n Pinto y Francisco Jullian<\/p>\n\n\n\n<p><strong>Programaci\u00f3n Multimedia:<\/strong>&nbsp;Mirko Petrovich&nbsp;<\/p>\n\n\n\n<p><strong>Dise\u00f1o y Operador de Iluminaci\u00f3n:<\/strong>&nbsp;Luis Alcaide&nbsp;<\/p>\n\n\n\n<p><strong>Dise\u00f1o y Operador Banda Sonido:<\/strong>&nbsp;Juan Ignacio Morales&nbsp;<\/p>\n\n\n\n<p><strong>Operador de Video:<\/strong>&nbsp;Lucio Gonz\u00e1lez&nbsp;<\/p>\n\n\n\n<p><strong>Dise\u00f1o y Realizaci\u00f3n de Utiler\u00edas:<\/strong>&nbsp;Montserrat Quezada&nbsp;<\/p>\n\n\n\n<p><strong>Dise\u00f1o y Realizaci\u00f3n de Vestuario:<\/strong>&nbsp;Montserrat Quezada y Marta Bravo.<\/p>\n\n\n\n<p><strong>Producci\u00f3n General:<\/strong>&nbsp;TEATROCINEMA<\/p>\n\n\n\n<p><strong>Registro audiovisual:<\/strong>&nbsp;Montserrat Quezada<\/p>\n","protected":false},"excerpt":{"rendered":"<div class=\"pvc_clear\"><\/div>\n<p id=\"pvc_stats_15384\" class=\"pvc_stats total_only  \" data-element-id=\"15384\" style=\"\"><i class=\"pvc-stats-icon large\" aria-hidden=\"true\"><svg aria-hidden=\"true\" focusable=\"false\" data-prefix=\"far\" data-icon=\"chart-bar\" role=\"img\" xmlns=\"http:\/\/www.w3.org\/2000\/svg\" viewBox=\"0 0 512 512\" class=\"svg-inline--fa fa-chart-bar fa-w-16 fa-2x\"><path fill=\"currentColor\" d=\"M396.8 352h22.4c6.4 0 12.8-6.4 12.8-12.8V108.8c0-6.4-6.4-12.8-12.8-12.8h-22.4c-6.4 0-12.8 6.4-12.8 12.8v230.4c0 6.4 6.4 12.8 12.8 12.8zm-192 0h22.4c6.4 0 12.8-6.4 12.8-12.8V140.8c0-6.4-6.4-12.8-12.8-12.8h-22.4c-6.4 0-12.8 6.4-12.8 12.8v198.4c0 6.4 6.4 12.8 12.8 12.8zm96 0h22.4c6.4 0 12.8-6.4 12.8-12.8V204.8c0-6.4-6.4-12.8-12.8-12.8h-22.4c-6.4 0-12.8 6.4-12.8 12.8v134.4c0 6.4 6.4 12.8 12.8 12.8zM496 400H48V80c0-8.84-7.16-16-16-16H16C7.16 64 0 71.16 0 80v336c0 17.67 14.33 32 32 32h464c8.84 0 16-7.16 16-16v-16c0-8.84-7.16-16-16-16zm-387.2-48h22.4c6.4 0 12.8-6.4 12.8-12.8v-70.4c0-6.4-6.4-12.8-12.8-12.8h-22.4c-6.4 0-12.8 6.4-12.8 12.8v70.4c0 6.4 6.4 12.8 12.8 12.8z\" class=\"\"><\/path><\/svg><\/i> <img loading=\"lazy\" decoding=\"async\" width=\"16\" height=\"16\" alt=\"Loading\" src=\"https:\/\/temucotelevision.cl\/web\/wp-content\/plugins\/page-views-count\/ajax-loader-2x.gif\" border=0 \/><\/p>\n<div class=\"pvc_clear\"><\/div>\n<p>Ser\u00e1n las obras familiares&nbsp;El sue\u00f1o de M\u00f3&nbsp;-presentada junto a Nido Forticrece- y&nbsp;Pato Patito, las cuales estar\u00e1n disponibles en la p\u00e1gina<\/p>\n","protected":false},"author":1,"featured_media":15385,"comment_status":"open","ping_status":"open","sticky":false,"template":"","format":"standard","meta":{"colormag_page_container_layout":"default_layout","colormag_page_sidebar_layout":"default_layout","footnotes":""},"categories":[86],"tags":[1253,1716],"class_list":["post-15384","post","type-post","status-publish","format-standard","has-post-thumbnail","hentry","category-panoramas","tag-compania","tag-fundacion"],"a3_pvc":{"activated":true,"total_views":44,"today_views":0},"_links":{"self":[{"href":"https:\/\/temucotelevision.cl\/web\/wp-json\/wp\/v2\/posts\/15384","targetHints":{"allow":["GET"]}}],"collection":[{"href":"https:\/\/temucotelevision.cl\/web\/wp-json\/wp\/v2\/posts"}],"about":[{"href":"https:\/\/temucotelevision.cl\/web\/wp-json\/wp\/v2\/types\/post"}],"author":[{"embeddable":true,"href":"https:\/\/temucotelevision.cl\/web\/wp-json\/wp\/v2\/users\/1"}],"replies":[{"embeddable":true,"href":"https:\/\/temucotelevision.cl\/web\/wp-json\/wp\/v2\/comments?post=15384"}],"version-history":[{"count":1,"href":"https:\/\/temucotelevision.cl\/web\/wp-json\/wp\/v2\/posts\/15384\/revisions"}],"predecessor-version":[{"id":15386,"href":"https:\/\/temucotelevision.cl\/web\/wp-json\/wp\/v2\/posts\/15384\/revisions\/15386"}],"wp:featuredmedia":[{"embeddable":true,"href":"https:\/\/temucotelevision.cl\/web\/wp-json\/wp\/v2\/media\/15385"}],"wp:attachment":[{"href":"https:\/\/temucotelevision.cl\/web\/wp-json\/wp\/v2\/media?parent=15384"}],"wp:term":[{"taxonomy":"category","embeddable":true,"href":"https:\/\/temucotelevision.cl\/web\/wp-json\/wp\/v2\/categories?post=15384"},{"taxonomy":"post_tag","embeddable":true,"href":"https:\/\/temucotelevision.cl\/web\/wp-json\/wp\/v2\/tags?post=15384"}],"curies":[{"name":"wp","href":"https:\/\/api.w.org\/{rel}","templated":true}]}}