{"id":15379,"date":"2020-10-26T11:10:27","date_gmt":"2020-10-26T14:10:27","guid":{"rendered":"https:\/\/temucotelevision.cl\/web\/?p=15379"},"modified":"2020-10-26T11:10:29","modified_gmt":"2020-10-26T14:10:29","slug":"diputado-celis-triunfo-historico-gracias-a-la-ciudadania","status":"publish","type":"post","link":"https:\/\/temucotelevision.cl\/web\/2020\/10\/26\/diputado-celis-triunfo-historico-gracias-a-la-ciudadania\/","title":{"rendered":"Diputado Celis: Triunfo hist\u00f3rico gracias a la ciudadania"},"content":{"rendered":"<div class=\"pvc_clear\"><\/div><p id=\"pvc_stats_15379\" class=\"pvc_stats total_only  \" data-element-id=\"15379\" style=\"\"><i class=\"pvc-stats-icon large\" aria-hidden=\"true\"><svg aria-hidden=\"true\" focusable=\"false\" data-prefix=\"far\" data-icon=\"chart-bar\" role=\"img\" xmlns=\"http:\/\/www.w3.org\/2000\/svg\" viewBox=\"0 0 512 512\" class=\"svg-inline--fa fa-chart-bar fa-w-16 fa-2x\"><path fill=\"currentColor\" d=\"M396.8 352h22.4c6.4 0 12.8-6.4 12.8-12.8V108.8c0-6.4-6.4-12.8-12.8-12.8h-22.4c-6.4 0-12.8 6.4-12.8 12.8v230.4c0 6.4 6.4 12.8 12.8 12.8zm-192 0h22.4c6.4 0 12.8-6.4 12.8-12.8V140.8c0-6.4-6.4-12.8-12.8-12.8h-22.4c-6.4 0-12.8 6.4-12.8 12.8v198.4c0 6.4 6.4 12.8 12.8 12.8zm96 0h22.4c6.4 0 12.8-6.4 12.8-12.8V204.8c0-6.4-6.4-12.8-12.8-12.8h-22.4c-6.4 0-12.8 6.4-12.8 12.8v134.4c0 6.4 6.4 12.8 12.8 12.8zM496 400H48V80c0-8.84-7.16-16-16-16H16C7.16 64 0 71.16 0 80v336c0 17.67 14.33 32 32 32h464c8.84 0 16-7.16 16-16v-16c0-8.84-7.16-16-16-16zm-387.2-48h22.4c6.4 0 12.8-6.4 12.8-12.8v-70.4c0-6.4-6.4-12.8-12.8-12.8h-22.4c-6.4 0-12.8 6.4-12.8 12.8v70.4c0 6.4 6.4 12.8 12.8 12.8z\" class=\"\"><\/path><\/svg><\/i> <img loading=\"lazy\" decoding=\"async\" width=\"16\" height=\"16\" alt=\"Loading\" src=\"https:\/\/temucotelevision.cl\/web\/wp-content\/plugins\/page-views-count\/ajax-loader-2x.gif\" border=0 \/><\/p><div class=\"pvc_clear\"><\/div>\n<p>Como una verdadera fiesta de la democracia y la vida republicana calific\u00f3 el diputado Ricardo Celis el triunfo de la opci\u00f3n Apruebo a la Nueva Constituci\u00f3n y Convenci\u00f3n Constitucional. As\u00ed lo manifest\u00f3 tras haberse dado los computos finales que permiten establecer un resultado definitivo finalizada esta jornada de plebiscito.&nbsp;<\/p>\n\n\n\n<p>\u201cLa jornada ha dado como resultado que ha primado el dialogo y la resoluci\u00f3n democr\u00e1tica de las discrepancias y expectativas ciudadanas y quiero agradecer al pueblo de Chile que permiti\u00f3 este gran proceso democr\u00e1tico que nos conducir\u00e1 a una nueva constituci\u00f3n, la primera en toda nuestra historia en ser redactada por la gente\u201d declar\u00f3 el parlamentario.&nbsp;<\/p>\n\n\n\n<p>Con un total de 53,9 % de las mesas escrutadas a nivel nacional -a la hora de redacci\u00f3n-, los resultados dan un contundente 77,91% &nbsp;a favor del apruebo y un 22% rechazo, y un 78,9% a favor de la Convenci\u00f3n Constitucional dejando con un 21% a la Convenci\u00f3n Mixta. \u201cAhora viene un proceso de dialogo profundo para desembocar en abril con la elecci\u00f3n de los miembros de la asamblea constituyente. Este es un triunfo&nbsp; de todos los chilenos y chilenas e invito a honrarlo en los desaf\u00edos que dan comienzo a partir de ahora\u201d finaliz\u00f3 el legislador.<\/p>\n","protected":false},"excerpt":{"rendered":"<div class=\"pvc_clear\"><\/div>\n<p id=\"pvc_stats_15379\" class=\"pvc_stats total_only  \" data-element-id=\"15379\" style=\"\"><i class=\"pvc-stats-icon large\" aria-hidden=\"true\"><svg aria-hidden=\"true\" focusable=\"false\" data-prefix=\"far\" data-icon=\"chart-bar\" role=\"img\" xmlns=\"http:\/\/www.w3.org\/2000\/svg\" viewBox=\"0 0 512 512\" class=\"svg-inline--fa fa-chart-bar fa-w-16 fa-2x\"><path fill=\"currentColor\" d=\"M396.8 352h22.4c6.4 0 12.8-6.4 12.8-12.8V108.8c0-6.4-6.4-12.8-12.8-12.8h-22.4c-6.4 0-12.8 6.4-12.8 12.8v230.4c0 6.4 6.4 12.8 12.8 12.8zm-192 0h22.4c6.4 0 12.8-6.4 12.8-12.8V140.8c0-6.4-6.4-12.8-12.8-12.8h-22.4c-6.4 0-12.8 6.4-12.8 12.8v198.4c0 6.4 6.4 12.8 12.8 12.8zm96 0h22.4c6.4 0 12.8-6.4 12.8-12.8V204.8c0-6.4-6.4-12.8-12.8-12.8h-22.4c-6.4 0-12.8 6.4-12.8 12.8v134.4c0 6.4 6.4 12.8 12.8 12.8zM496 400H48V80c0-8.84-7.16-16-16-16H16C7.16 64 0 71.16 0 80v336c0 17.67 14.33 32 32 32h464c8.84 0 16-7.16 16-16v-16c0-8.84-7.16-16-16-16zm-387.2-48h22.4c6.4 0 12.8-6.4 12.8-12.8v-70.4c0-6.4-6.4-12.8-12.8-12.8h-22.4c-6.4 0-12.8 6.4-12.8 12.8v70.4c0 6.4 6.4 12.8 12.8 12.8z\" class=\"\"><\/path><\/svg><\/i> <img loading=\"lazy\" decoding=\"async\" width=\"16\" height=\"16\" alt=\"Loading\" src=\"https:\/\/temucotelevision.cl\/web\/wp-content\/plugins\/page-views-count\/ajax-loader-2x.gif\" border=0 \/><\/p>\n<div class=\"pvc_clear\"><\/div>\n<p>Como una verdadera fiesta de la democracia y la vida republicana calific\u00f3 el diputado Ricardo Celis el triunfo de la<\/p>\n","protected":false},"author":1,"featured_media":15380,"comment_status":"open","ping_status":"open","sticky":false,"template":"","format":"standard","meta":{"colormag_page_container_layout":"default_layout","colormag_page_sidebar_layout":"default_layout","footnotes":""},"categories":[84],"tags":[2547,2117],"class_list":["post-15379","post","type-post","status-publish","format-standard","has-post-thumbnail","hentry","category-politica","tag-celis","tag-plebiscito"],"a3_pvc":{"activated":true,"total_views":29,"today_views":1},"_links":{"self":[{"href":"https:\/\/temucotelevision.cl\/web\/wp-json\/wp\/v2\/posts\/15379","targetHints":{"allow":["GET"]}}],"collection":[{"href":"https:\/\/temucotelevision.cl\/web\/wp-json\/wp\/v2\/posts"}],"about":[{"href":"https:\/\/temucotelevision.cl\/web\/wp-json\/wp\/v2\/types\/post"}],"author":[{"embeddable":true,"href":"https:\/\/temucotelevision.cl\/web\/wp-json\/wp\/v2\/users\/1"}],"replies":[{"embeddable":true,"href":"https:\/\/temucotelevision.cl\/web\/wp-json\/wp\/v2\/comments?post=15379"}],"version-history":[{"count":1,"href":"https:\/\/temucotelevision.cl\/web\/wp-json\/wp\/v2\/posts\/15379\/revisions"}],"predecessor-version":[{"id":15381,"href":"https:\/\/temucotelevision.cl\/web\/wp-json\/wp\/v2\/posts\/15379\/revisions\/15381"}],"wp:featuredmedia":[{"embeddable":true,"href":"https:\/\/temucotelevision.cl\/web\/wp-json\/wp\/v2\/media\/15380"}],"wp:attachment":[{"href":"https:\/\/temucotelevision.cl\/web\/wp-json\/wp\/v2\/media?parent=15379"}],"wp:term":[{"taxonomy":"category","embeddable":true,"href":"https:\/\/temucotelevision.cl\/web\/wp-json\/wp\/v2\/categories?post=15379"},{"taxonomy":"post_tag","embeddable":true,"href":"https:\/\/temucotelevision.cl\/web\/wp-json\/wp\/v2\/tags?post=15379"}],"curies":[{"name":"wp","href":"https:\/\/api.w.org\/{rel}","templated":true}]}}