{"id":15373,"date":"2020-10-25T12:40:01","date_gmt":"2020-10-25T15:40:01","guid":{"rendered":"https:\/\/temucotelevision.cl\/web\/?p=15373"},"modified":"2020-10-25T12:40:03","modified_gmt":"2020-10-25T15:40:03","slug":"carabineros-detiene-a-votante-de-57-anos-por-negarse-a-ser-vocal-de-mesa-en-temuco","status":"publish","type":"post","link":"https:\/\/temucotelevision.cl\/web\/2020\/10\/25\/carabineros-detiene-a-votante-de-57-anos-por-negarse-a-ser-vocal-de-mesa-en-temuco\/","title":{"rendered":"Carabineros detiene a votante de 57 a\u00f1os por negarse a ser vocal de mesa en Temuco"},"content":{"rendered":"<div class=\"pvc_clear\"><\/div><p id=\"pvc_stats_15373\" class=\"pvc_stats total_only  \" data-element-id=\"15373\" style=\"\"><i class=\"pvc-stats-icon large\" aria-hidden=\"true\"><svg aria-hidden=\"true\" focusable=\"false\" data-prefix=\"far\" data-icon=\"chart-bar\" role=\"img\" xmlns=\"http:\/\/www.w3.org\/2000\/svg\" viewBox=\"0 0 512 512\" class=\"svg-inline--fa fa-chart-bar fa-w-16 fa-2x\"><path fill=\"currentColor\" d=\"M396.8 352h22.4c6.4 0 12.8-6.4 12.8-12.8V108.8c0-6.4-6.4-12.8-12.8-12.8h-22.4c-6.4 0-12.8 6.4-12.8 12.8v230.4c0 6.4 6.4 12.8 12.8 12.8zm-192 0h22.4c6.4 0 12.8-6.4 12.8-12.8V140.8c0-6.4-6.4-12.8-12.8-12.8h-22.4c-6.4 0-12.8 6.4-12.8 12.8v198.4c0 6.4 6.4 12.8 12.8 12.8zm96 0h22.4c6.4 0 12.8-6.4 12.8-12.8V204.8c0-6.4-6.4-12.8-12.8-12.8h-22.4c-6.4 0-12.8 6.4-12.8 12.8v134.4c0 6.4 6.4 12.8 12.8 12.8zM496 400H48V80c0-8.84-7.16-16-16-16H16C7.16 64 0 71.16 0 80v336c0 17.67 14.33 32 32 32h464c8.84 0 16-7.16 16-16v-16c0-8.84-7.16-16-16-16zm-387.2-48h22.4c6.4 0 12.8-6.4 12.8-12.8v-70.4c0-6.4-6.4-12.8-12.8-12.8h-22.4c-6.4 0-12.8 6.4-12.8 12.8v70.4c0 6.4 6.4 12.8 12.8 12.8z\" class=\"\"><\/path><\/svg><\/i> <img loading=\"lazy\" decoding=\"async\" width=\"16\" height=\"16\" alt=\"Loading\" src=\"https:\/\/temucotelevision.cl\/web\/wp-content\/plugins\/page-views-count\/ajax-loader-2x.gif\" border=0 \/><\/p><div class=\"pvc_clear\"><\/div>\n<p><em>Situaci\u00f3n ocurri\u00f3 en el Liceo Bicentenario en la capital de La Araucan\u00eda.<\/em><\/p>\n\n\n\n<p>Una jornada tranquila se ha vivido en La Araucan\u00eda con motivo del Plebiscito Nacional, gracias al trabajo preventivo que est\u00e1 realizando Carabineros en los 200 locales de votaci\u00f3n. Sin embargo, esta ma\u00f1ana en Temuco, un votante se neg\u00f3 a ser vocal de mesa, motivo por el cual fue detenido.<\/p>\n\n\n\n<p>La situaci\u00f3n, ocurri\u00f3 en el Liceo Bicentenario cuando el hombre de 57 a\u00f1os fue votar y al no estar constituida la mesa, fue designado como vocal, a lo cual se neg\u00f3.<\/p>\n\n\n\n<p>\u201cEl Presidente de la mesa lo design\u00f3 para integrarla como vocal y esta persona se neg\u00f3 y en virtud a lo dispuesto en la Ley de Votaciones Populares y Escrutinios fue detenida y trasladada hasta un cuartel de Carabineros con la finalidad de adoptar el procedimiento de rigor\u201d, coment\u00f3 el Teniente Coronel Richard Guti\u00e9rrez, Subprefecto de los Servicios de la Prefectura Caut\u00edn, agregando que \u201cllamamos a los ciudadanos a que colaboren, esperamos que este acto se siga desarrollando de la manera lo m\u00e1s normal posible\u201d.<\/p>\n\n\n\n<p>El detenido, fue trasladado hasta la 8\u00aa Comisar\u00eda \u201cTemuco\u201d y los hechos fueron informados al fiscal de turno.<\/p>\n","protected":false},"excerpt":{"rendered":"<div class=\"pvc_clear\"><\/div>\n<p id=\"pvc_stats_15373\" class=\"pvc_stats total_only  \" data-element-id=\"15373\" style=\"\"><i class=\"pvc-stats-icon large\" aria-hidden=\"true\"><svg aria-hidden=\"true\" focusable=\"false\" data-prefix=\"far\" data-icon=\"chart-bar\" role=\"img\" xmlns=\"http:\/\/www.w3.org\/2000\/svg\" viewBox=\"0 0 512 512\" class=\"svg-inline--fa fa-chart-bar fa-w-16 fa-2x\"><path fill=\"currentColor\" d=\"M396.8 352h22.4c6.4 0 12.8-6.4 12.8-12.8V108.8c0-6.4-6.4-12.8-12.8-12.8h-22.4c-6.4 0-12.8 6.4-12.8 12.8v230.4c0 6.4 6.4 12.8 12.8 12.8zm-192 0h22.4c6.4 0 12.8-6.4 12.8-12.8V140.8c0-6.4-6.4-12.8-12.8-12.8h-22.4c-6.4 0-12.8 6.4-12.8 12.8v198.4c0 6.4 6.4 12.8 12.8 12.8zm96 0h22.4c6.4 0 12.8-6.4 12.8-12.8V204.8c0-6.4-6.4-12.8-12.8-12.8h-22.4c-6.4 0-12.8 6.4-12.8 12.8v134.4c0 6.4 6.4 12.8 12.8 12.8zM496 400H48V80c0-8.84-7.16-16-16-16H16C7.16 64 0 71.16 0 80v336c0 17.67 14.33 32 32 32h464c8.84 0 16-7.16 16-16v-16c0-8.84-7.16-16-16-16zm-387.2-48h22.4c6.4 0 12.8-6.4 12.8-12.8v-70.4c0-6.4-6.4-12.8-12.8-12.8h-22.4c-6.4 0-12.8 6.4-12.8 12.8v70.4c0 6.4 6.4 12.8 12.8 12.8z\" class=\"\"><\/path><\/svg><\/i> <img loading=\"lazy\" decoding=\"async\" width=\"16\" height=\"16\" alt=\"Loading\" src=\"https:\/\/temucotelevision.cl\/web\/wp-content\/plugins\/page-views-count\/ajax-loader-2x.gif\" border=0 \/><\/p>\n<div class=\"pvc_clear\"><\/div>\n<p>Situaci\u00f3n ocurri\u00f3 en el Liceo Bicentenario en la capital de La Araucan\u00eda. Una jornada tranquila se ha vivido en La<\/p>\n","protected":false},"author":1,"featured_media":15372,"comment_status":"open","ping_status":"open","sticky":false,"template":"","format":"standard","meta":{"colormag_page_container_layout":"default_layout","colormag_page_sidebar_layout":"default_layout","footnotes":""},"categories":[15],"tags":[79,302,3134],"class_list":["post-15373","post","type-post","status-publish","format-standard","has-post-thumbnail","hentry","category-la-araucania","tag-detenido","tag-liceo","tag-vocal"],"a3_pvc":{"activated":true,"total_views":37,"today_views":0},"_links":{"self":[{"href":"https:\/\/temucotelevision.cl\/web\/wp-json\/wp\/v2\/posts\/15373","targetHints":{"allow":["GET"]}}],"collection":[{"href":"https:\/\/temucotelevision.cl\/web\/wp-json\/wp\/v2\/posts"}],"about":[{"href":"https:\/\/temucotelevision.cl\/web\/wp-json\/wp\/v2\/types\/post"}],"author":[{"embeddable":true,"href":"https:\/\/temucotelevision.cl\/web\/wp-json\/wp\/v2\/users\/1"}],"replies":[{"embeddable":true,"href":"https:\/\/temucotelevision.cl\/web\/wp-json\/wp\/v2\/comments?post=15373"}],"version-history":[{"count":1,"href":"https:\/\/temucotelevision.cl\/web\/wp-json\/wp\/v2\/posts\/15373\/revisions"}],"predecessor-version":[{"id":15374,"href":"https:\/\/temucotelevision.cl\/web\/wp-json\/wp\/v2\/posts\/15373\/revisions\/15374"}],"wp:featuredmedia":[{"embeddable":true,"href":"https:\/\/temucotelevision.cl\/web\/wp-json\/wp\/v2\/media\/15372"}],"wp:attachment":[{"href":"https:\/\/temucotelevision.cl\/web\/wp-json\/wp\/v2\/media?parent=15373"}],"wp:term":[{"taxonomy":"category","embeddable":true,"href":"https:\/\/temucotelevision.cl\/web\/wp-json\/wp\/v2\/categories?post=15373"},{"taxonomy":"post_tag","embeddable":true,"href":"https:\/\/temucotelevision.cl\/web\/wp-json\/wp\/v2\/tags?post=15373"}],"curies":[{"name":"wp","href":"https:\/\/api.w.org\/{rel}","templated":true}]}}