{"id":15367,"date":"2020-10-24T11:10:29","date_gmt":"2020-10-24T14:10:29","guid":{"rendered":"https:\/\/temucotelevision.cl\/web\/?p=15367"},"modified":"2020-10-24T11:10:31","modified_gmt":"2020-10-24T14:10:31","slug":"diputado-celis-valora-aumento-de-88-en-presupuesto-de-salud-2021","status":"publish","type":"post","link":"https:\/\/temucotelevision.cl\/web\/2020\/10\/24\/diputado-celis-valora-aumento-de-88-en-presupuesto-de-salud-2021\/","title":{"rendered":"Diputado Celis valora aumento de 8,8% en presupuesto de Salud 2021"},"content":{"rendered":"<div class=\"pvc_clear\"><\/div><p id=\"pvc_stats_15367\" class=\"pvc_stats total_only  \" data-element-id=\"15367\" style=\"\"><i class=\"pvc-stats-icon large\" aria-hidden=\"true\"><svg aria-hidden=\"true\" focusable=\"false\" data-prefix=\"far\" data-icon=\"chart-bar\" role=\"img\" xmlns=\"http:\/\/www.w3.org\/2000\/svg\" viewBox=\"0 0 512 512\" class=\"svg-inline--fa fa-chart-bar fa-w-16 fa-2x\"><path fill=\"currentColor\" d=\"M396.8 352h22.4c6.4 0 12.8-6.4 12.8-12.8V108.8c0-6.4-6.4-12.8-12.8-12.8h-22.4c-6.4 0-12.8 6.4-12.8 12.8v230.4c0 6.4 6.4 12.8 12.8 12.8zm-192 0h22.4c6.4 0 12.8-6.4 12.8-12.8V140.8c0-6.4-6.4-12.8-12.8-12.8h-22.4c-6.4 0-12.8 6.4-12.8 12.8v198.4c0 6.4 6.4 12.8 12.8 12.8zm96 0h22.4c6.4 0 12.8-6.4 12.8-12.8V204.8c0-6.4-6.4-12.8-12.8-12.8h-22.4c-6.4 0-12.8 6.4-12.8 12.8v134.4c0 6.4 6.4 12.8 12.8 12.8zM496 400H48V80c0-8.84-7.16-16-16-16H16C7.16 64 0 71.16 0 80v336c0 17.67 14.33 32 32 32h464c8.84 0 16-7.16 16-16v-16c0-8.84-7.16-16-16-16zm-387.2-48h22.4c6.4 0 12.8-6.4 12.8-12.8v-70.4c0-6.4-6.4-12.8-12.8-12.8h-22.4c-6.4 0-12.8 6.4-12.8 12.8v70.4c0 6.4 6.4 12.8 12.8 12.8z\" class=\"\"><\/path><\/svg><\/i> <img loading=\"lazy\" decoding=\"async\" width=\"16\" height=\"16\" alt=\"Loading\" src=\"https:\/\/temucotelevision.cl\/web\/wp-content\/plugins\/page-views-count\/ajax-loader-2x.gif\" border=0 \/><\/p><div class=\"pvc_clear\"><\/div>\n<p>\u2022 Incremento del 8,8% da una cifra total de 10 billones 79 mil 906 millones de pesos<\/p>\n\n\n\n<p>\u2022 Subcomisi\u00f3n deja cuatro temas pendientes para su debate en la Comisi\u00f3n Mixta de Presupuestos: incremento per c\u00e1pita para atenci\u00f3n de salud; posible financiamiento del Hospital Cl\u00ednico de la Universidad de Chile; recursos solicitados por el Hogar de Cristo; y programa de atenci\u00f3n a v\u00edctimas de da\u00f1o ocular tras manifestaciones de octubre 2019.<\/p>\n\n\n\n<p>Con un importante aumento en el presupuesto de Salud para el pr\u00f3ximo a\u00f1o finaliz\u00f3 esta semana el trabajo de la Tercera Subcomisi\u00f3n Mixta \u00a0de Presupuesto, la cual estuvo integrada por el diputado por La Araucan\u00eda Ricardo Celis.\u00a0<\/p>\n\n\n\n<p>\u201cLos miembros de la subcomisi\u00f3n, compuesta por diputados y senadores, aprobamos esta semana un aumento de un 8,8% para los recursos destinados a Salud, una muy buena noticia que en definitiva significa que esta cartera contar\u00e1 con una cifra total de 10 billones 79 mil 906 millones de pesos\u201d declar\u00f3 el legislador.\u00a0<\/p>\n\n\n\n<p>Entre los beneficios de este aumento de presupuesto, se encuentra la recientemente promulgada Ley Nacional del C\u00e1ncer, que significa un gran avance en la prevenci\u00f3n y tratamiento de esta patolog\u00eda. \u201cEl presupuesto de Salud 2021 permite ahora contar con recursos para la nueva Ley Nacional del C\u00e1ncer, equivalentes a 23 mil 473 millones de pesos, con los cuales se repondr\u00e1 equipamiento asociado al plan nacional del c\u00e1ncer y otros 8 mil 130 millones, para el estudio, construcci\u00f3n y habilitaci\u00f3n de 4 centros oncol\u00f3gicos en el pa\u00eds\u201d expres\u00f3 el parlamentario.<\/p>\n\n\n\n<p>Adicional a esto tambi\u00e9n se estableci\u00f3 la creaci\u00f3n de una segunda fase del Fondo para la Salud Covid-19, \u00edtem que contar\u00e1 con recursos por 400 mil millones de pesos y ser\u00e1 destinado al fortalecimiento de las tareas que permitan disminuir la exposici\u00f3n al contagio y enfrentar las necesidades de la emergencia sanitaria, con un \u00e9nfasis en las acciones de la red de salud de atenci\u00f3n primaria.<\/p>\n\n\n\n<p>Finalmente a requerimiento de algunos diputados y senadores, la subcomisi\u00f3n dej\u00f3 &nbsp;algunos temas pendientes para el debate en la Comisi\u00f3n mixta de Presupuesto y ellos se refieren a los fondos relacionados con el incremento per c\u00e1pita para la atenci\u00f3n en el sistema; la creaci\u00f3n de una glosa para el financiamiento del Hospital Cl\u00ednico Jos\u00e9 Joaqu\u00edn Aguirre, de la Universidad de Chile; los recursos solicitados por el Hogar de Cristo para continuar con su trabajo de ayuda a personas en situaci\u00f3n de calle, especialmente en los tiempos de pandemia; y el programa de atenci\u00f3n y reparaci\u00f3n para v\u00edctimas de da\u00f1o ocular sufridas tras las manifestaciones de octubre del 2019.<\/p>\n","protected":false},"excerpt":{"rendered":"<div class=\"pvc_clear\"><\/div>\n<p id=\"pvc_stats_15367\" class=\"pvc_stats total_only  \" data-element-id=\"15367\" style=\"\"><i class=\"pvc-stats-icon large\" aria-hidden=\"true\"><svg aria-hidden=\"true\" focusable=\"false\" data-prefix=\"far\" data-icon=\"chart-bar\" role=\"img\" xmlns=\"http:\/\/www.w3.org\/2000\/svg\" viewBox=\"0 0 512 512\" class=\"svg-inline--fa fa-chart-bar fa-w-16 fa-2x\"><path fill=\"currentColor\" d=\"M396.8 352h22.4c6.4 0 12.8-6.4 12.8-12.8V108.8c0-6.4-6.4-12.8-12.8-12.8h-22.4c-6.4 0-12.8 6.4-12.8 12.8v230.4c0 6.4 6.4 12.8 12.8 12.8zm-192 0h22.4c6.4 0 12.8-6.4 12.8-12.8V140.8c0-6.4-6.4-12.8-12.8-12.8h-22.4c-6.4 0-12.8 6.4-12.8 12.8v198.4c0 6.4 6.4 12.8 12.8 12.8zm96 0h22.4c6.4 0 12.8-6.4 12.8-12.8V204.8c0-6.4-6.4-12.8-12.8-12.8h-22.4c-6.4 0-12.8 6.4-12.8 12.8v134.4c0 6.4 6.4 12.8 12.8 12.8zM496 400H48V80c0-8.84-7.16-16-16-16H16C7.16 64 0 71.16 0 80v336c0 17.67 14.33 32 32 32h464c8.84 0 16-7.16 16-16v-16c0-8.84-7.16-16-16-16zm-387.2-48h22.4c6.4 0 12.8-6.4 12.8-12.8v-70.4c0-6.4-6.4-12.8-12.8-12.8h-22.4c-6.4 0-12.8 6.4-12.8 12.8v70.4c0 6.4 6.4 12.8 12.8 12.8z\" class=\"\"><\/path><\/svg><\/i> <img loading=\"lazy\" decoding=\"async\" width=\"16\" height=\"16\" alt=\"Loading\" src=\"https:\/\/temucotelevision.cl\/web\/wp-content\/plugins\/page-views-count\/ajax-loader-2x.gif\" border=0 \/><\/p>\n<div class=\"pvc_clear\"><\/div>\n<p>\u2022 Incremento del 8,8% da una cifra total de 10 billones 79 mil 906 millones de pesos \u2022 Subcomisi\u00f3n deja<\/p>\n","protected":false},"author":1,"featured_media":15368,"comment_status":"open","ping_status":"open","sticky":false,"template":"","format":"standard","meta":{"colormag_page_container_layout":"default_layout","colormag_page_sidebar_layout":"default_layout","footnotes":""},"categories":[84],"tags":[2547,1916],"class_list":["post-15367","post","type-post","status-publish","format-standard","has-post-thumbnail","hentry","category-politica","tag-celis","tag-presupuesto"],"a3_pvc":{"activated":true,"total_views":13,"today_views":0},"_links":{"self":[{"href":"https:\/\/temucotelevision.cl\/web\/wp-json\/wp\/v2\/posts\/15367","targetHints":{"allow":["GET"]}}],"collection":[{"href":"https:\/\/temucotelevision.cl\/web\/wp-json\/wp\/v2\/posts"}],"about":[{"href":"https:\/\/temucotelevision.cl\/web\/wp-json\/wp\/v2\/types\/post"}],"author":[{"embeddable":true,"href":"https:\/\/temucotelevision.cl\/web\/wp-json\/wp\/v2\/users\/1"}],"replies":[{"embeddable":true,"href":"https:\/\/temucotelevision.cl\/web\/wp-json\/wp\/v2\/comments?post=15367"}],"version-history":[{"count":1,"href":"https:\/\/temucotelevision.cl\/web\/wp-json\/wp\/v2\/posts\/15367\/revisions"}],"predecessor-version":[{"id":15369,"href":"https:\/\/temucotelevision.cl\/web\/wp-json\/wp\/v2\/posts\/15367\/revisions\/15369"}],"wp:featuredmedia":[{"embeddable":true,"href":"https:\/\/temucotelevision.cl\/web\/wp-json\/wp\/v2\/media\/15368"}],"wp:attachment":[{"href":"https:\/\/temucotelevision.cl\/web\/wp-json\/wp\/v2\/media?parent=15367"}],"wp:term":[{"taxonomy":"category","embeddable":true,"href":"https:\/\/temucotelevision.cl\/web\/wp-json\/wp\/v2\/categories?post=15367"},{"taxonomy":"post_tag","embeddable":true,"href":"https:\/\/temucotelevision.cl\/web\/wp-json\/wp\/v2\/tags?post=15367"}],"curies":[{"name":"wp","href":"https:\/\/api.w.org\/{rel}","templated":true}]}}