{"id":15364,"date":"2020-10-24T11:01:48","date_gmt":"2020-10-24T14:01:48","guid":{"rendered":"https:\/\/temucotelevision.cl\/web\/?p=15364"},"modified":"2020-10-24T11:04:02","modified_gmt":"2020-10-24T14:04:02","slug":"ercilla-detencion-de-implicado-en-ataque-a-camion-abre-la-puerta-para-desarticular-grupos-violentos-en-el-sur","status":"publish","type":"post","link":"https:\/\/temucotelevision.cl\/web\/2020\/10\/24\/ercilla-detencion-de-implicado-en-ataque-a-camion-abre-la-puerta-para-desarticular-grupos-violentos-en-el-sur\/","title":{"rendered":"Ercilla: Detenci\u00f3n de implicado en ataque a cami\u00f3n abre la puerta para desarticular grupos violentos en el Sur"},"content":{"rendered":"<div class=\"pvc_clear\"><\/div><p id=\"pvc_stats_15364\" class=\"pvc_stats total_only  \" data-element-id=\"15364\" style=\"\"><i class=\"pvc-stats-icon large\" aria-hidden=\"true\"><svg aria-hidden=\"true\" focusable=\"false\" data-prefix=\"far\" data-icon=\"chart-bar\" role=\"img\" xmlns=\"http:\/\/www.w3.org\/2000\/svg\" viewBox=\"0 0 512 512\" class=\"svg-inline--fa fa-chart-bar fa-w-16 fa-2x\"><path fill=\"currentColor\" d=\"M396.8 352h22.4c6.4 0 12.8-6.4 12.8-12.8V108.8c0-6.4-6.4-12.8-12.8-12.8h-22.4c-6.4 0-12.8 6.4-12.8 12.8v230.4c0 6.4 6.4 12.8 12.8 12.8zm-192 0h22.4c6.4 0 12.8-6.4 12.8-12.8V140.8c0-6.4-6.4-12.8-12.8-12.8h-22.4c-6.4 0-12.8 6.4-12.8 12.8v198.4c0 6.4 6.4 12.8 12.8 12.8zm96 0h22.4c6.4 0 12.8-6.4 12.8-12.8V204.8c0-6.4-6.4-12.8-12.8-12.8h-22.4c-6.4 0-12.8 6.4-12.8 12.8v134.4c0 6.4 6.4 12.8 12.8 12.8zM496 400H48V80c0-8.84-7.16-16-16-16H16C7.16 64 0 71.16 0 80v336c0 17.67 14.33 32 32 32h464c8.84 0 16-7.16 16-16v-16c0-8.84-7.16-16-16-16zm-387.2-48h22.4c6.4 0 12.8-6.4 12.8-12.8v-70.4c0-6.4-6.4-12.8-12.8-12.8h-22.4c-6.4 0-12.8 6.4-12.8 12.8v70.4c0 6.4 6.4 12.8 12.8 12.8z\" class=\"\"><\/path><\/svg><\/i> <img loading=\"lazy\" decoding=\"async\" width=\"16\" height=\"16\" alt=\"Loading\" src=\"https:\/\/temucotelevision.cl\/web\/wp-content\/plugins\/page-views-count\/ajax-loader-2x.gif\" border=0 \/><\/p><div class=\"pvc_clear\"><\/div>\n<p>La Confederaci\u00f3n Nacional de Due\u00f1os de Camiones de Chile ha tomado nota de la detenci\u00f3n y formalizaci\u00f3n judicial de una persona, en el marco de las pesquisas por el ataque y quema de un cami\u00f3n en Ercilla, el 28 de septiembre.<\/p>\n\n\n\n<p>Se trata de un individuo de 24 a\u00f1os, contra quien el Tribunal de Garant\u00eda de Collipulli dictamin\u00f3 este jueves prisi\u00f3n preventiva y fij\u00f3 dos meses para la investigaci\u00f3n de rigor. Al respecto, nuestro gremio puntualiza lo siguiente:<\/p>\n\n\n\n<p><strong>1.-<\/strong>&nbsp;Expresa satisfacci\u00f3n ante el resultado de las gestiones policiales que permitieron dar con el presunto autor del delito. Lo mismo, en relaci\u00f3n a lo que decidi\u00f3 el tribunal de garant\u00eda, lo que implica que hay m\u00e9rito en la acusaci\u00f3n de que el sujeto detenido est\u00e1 involucrado en el atentado al cami\u00f3n.<\/p>\n\n\n\n<p><strong>2.-<\/strong>\u00a0Espera que la investigaci\u00f3n y los peritajes policiales ordenados por la Fiscal\u00eda de Alta Complejidad, conduzcan a la desarticulaci\u00f3n del grupo violentista que ejecut\u00f3 el atentado. Asimismo, que la informaci\u00f3n que resulte de este caso permita aclarar anteriores ataques contra camioneros en el Sur.<\/p>\n\n\n\n<p><strong>3.-<\/strong>&nbsp;La CNDC tambi\u00e9n espera que la captura del implicado sea un primer paso efectivo, un cambio que se traduzca en mayor seguridad para los transportistas de carga que diariamente se ven expuestos a la amenaza de ataques.<\/p>\n","protected":false},"excerpt":{"rendered":"<div class=\"pvc_clear\"><\/div>\n<p id=\"pvc_stats_15364\" class=\"pvc_stats total_only  \" data-element-id=\"15364\" style=\"\"><i class=\"pvc-stats-icon large\" aria-hidden=\"true\"><svg aria-hidden=\"true\" focusable=\"false\" data-prefix=\"far\" data-icon=\"chart-bar\" role=\"img\" xmlns=\"http:\/\/www.w3.org\/2000\/svg\" viewBox=\"0 0 512 512\" class=\"svg-inline--fa fa-chart-bar fa-w-16 fa-2x\"><path fill=\"currentColor\" d=\"M396.8 352h22.4c6.4 0 12.8-6.4 12.8-12.8V108.8c0-6.4-6.4-12.8-12.8-12.8h-22.4c-6.4 0-12.8 6.4-12.8 12.8v230.4c0 6.4 6.4 12.8 12.8 12.8zm-192 0h22.4c6.4 0 12.8-6.4 12.8-12.8V140.8c0-6.4-6.4-12.8-12.8-12.8h-22.4c-6.4 0-12.8 6.4-12.8 12.8v198.4c0 6.4 6.4 12.8 12.8 12.8zm96 0h22.4c6.4 0 12.8-6.4 12.8-12.8V204.8c0-6.4-6.4-12.8-12.8-12.8h-22.4c-6.4 0-12.8 6.4-12.8 12.8v134.4c0 6.4 6.4 12.8 12.8 12.8zM496 400H48V80c0-8.84-7.16-16-16-16H16C7.16 64 0 71.16 0 80v336c0 17.67 14.33 32 32 32h464c8.84 0 16-7.16 16-16v-16c0-8.84-7.16-16-16-16zm-387.2-48h22.4c6.4 0 12.8-6.4 12.8-12.8v-70.4c0-6.4-6.4-12.8-12.8-12.8h-22.4c-6.4 0-12.8 6.4-12.8 12.8v70.4c0 6.4 6.4 12.8 12.8 12.8z\" class=\"\"><\/path><\/svg><\/i> <img loading=\"lazy\" decoding=\"async\" width=\"16\" height=\"16\" alt=\"Loading\" src=\"https:\/\/temucotelevision.cl\/web\/wp-content\/plugins\/page-views-count\/ajax-loader-2x.gif\" border=0 \/><\/p>\n<div class=\"pvc_clear\"><\/div>\n<p>La Confederaci\u00f3n Nacional de Due\u00f1os de Camiones de Chile ha tomado nota de la detenci\u00f3n y formalizaci\u00f3n judicial de una<\/p>\n","protected":false},"author":1,"featured_media":15297,"comment_status":"open","ping_status":"open","sticky":false,"template":"","format":"standard","meta":{"colormag_page_container_layout":"default_layout","colormag_page_sidebar_layout":"default_layout","footnotes":""},"categories":[101],"tags":[349,649,3038,79],"class_list":["post-15364","post","type-post","status-publish","format-standard","has-post-thumbnail","hentry","category-actualidad","tag-ataque","tag-camion","tag-cndc","tag-detenido"],"a3_pvc":{"activated":true,"total_views":14,"today_views":0},"_links":{"self":[{"href":"https:\/\/temucotelevision.cl\/web\/wp-json\/wp\/v2\/posts\/15364","targetHints":{"allow":["GET"]}}],"collection":[{"href":"https:\/\/temucotelevision.cl\/web\/wp-json\/wp\/v2\/posts"}],"about":[{"href":"https:\/\/temucotelevision.cl\/web\/wp-json\/wp\/v2\/types\/post"}],"author":[{"embeddable":true,"href":"https:\/\/temucotelevision.cl\/web\/wp-json\/wp\/v2\/users\/1"}],"replies":[{"embeddable":true,"href":"https:\/\/temucotelevision.cl\/web\/wp-json\/wp\/v2\/comments?post=15364"}],"version-history":[{"count":2,"href":"https:\/\/temucotelevision.cl\/web\/wp-json\/wp\/v2\/posts\/15364\/revisions"}],"predecessor-version":[{"id":15366,"href":"https:\/\/temucotelevision.cl\/web\/wp-json\/wp\/v2\/posts\/15364\/revisions\/15366"}],"wp:featuredmedia":[{"embeddable":true,"href":"https:\/\/temucotelevision.cl\/web\/wp-json\/wp\/v2\/media\/15297"}],"wp:attachment":[{"href":"https:\/\/temucotelevision.cl\/web\/wp-json\/wp\/v2\/media?parent=15364"}],"wp:term":[{"taxonomy":"category","embeddable":true,"href":"https:\/\/temucotelevision.cl\/web\/wp-json\/wp\/v2\/categories?post=15364"},{"taxonomy":"post_tag","embeddable":true,"href":"https:\/\/temucotelevision.cl\/web\/wp-json\/wp\/v2\/tags?post=15364"}],"curies":[{"name":"wp","href":"https:\/\/api.w.org\/{rel}","templated":true}]}}