{"id":15361,"date":"2020-10-24T10:57:22","date_gmt":"2020-10-24T13:57:22","guid":{"rendered":"https:\/\/temucotelevision.cl\/web\/?p=15361"},"modified":"2020-10-24T10:57:24","modified_gmt":"2020-10-24T13:57:24","slug":"sernameg-impulsa-a-mujeres-a-participar-en-espacios-de-politica","status":"publish","type":"post","link":"https:\/\/temucotelevision.cl\/web\/2020\/10\/24\/sernameg-impulsa-a-mujeres-a-participar-en-espacios-de-politica\/","title":{"rendered":"SernamEG impulsa a Mujeres a participar en espacios de pol\u00edtica"},"content":{"rendered":"<div class=\"pvc_clear\"><\/div><p id=\"pvc_stats_15361\" class=\"pvc_stats total_only  \" data-element-id=\"15361\" style=\"\"><i class=\"pvc-stats-icon large\" aria-hidden=\"true\"><svg aria-hidden=\"true\" focusable=\"false\" data-prefix=\"far\" data-icon=\"chart-bar\" role=\"img\" xmlns=\"http:\/\/www.w3.org\/2000\/svg\" viewBox=\"0 0 512 512\" class=\"svg-inline--fa fa-chart-bar fa-w-16 fa-2x\"><path fill=\"currentColor\" d=\"M396.8 352h22.4c6.4 0 12.8-6.4 12.8-12.8V108.8c0-6.4-6.4-12.8-12.8-12.8h-22.4c-6.4 0-12.8 6.4-12.8 12.8v230.4c0 6.4 6.4 12.8 12.8 12.8zm-192 0h22.4c6.4 0 12.8-6.4 12.8-12.8V140.8c0-6.4-6.4-12.8-12.8-12.8h-22.4c-6.4 0-12.8 6.4-12.8 12.8v198.4c0 6.4 6.4 12.8 12.8 12.8zm96 0h22.4c6.4 0 12.8-6.4 12.8-12.8V204.8c0-6.4-6.4-12.8-12.8-12.8h-22.4c-6.4 0-12.8 6.4-12.8 12.8v134.4c0 6.4 6.4 12.8 12.8 12.8zM496 400H48V80c0-8.84-7.16-16-16-16H16C7.16 64 0 71.16 0 80v336c0 17.67 14.33 32 32 32h464c8.84 0 16-7.16 16-16v-16c0-8.84-7.16-16-16-16zm-387.2-48h22.4c6.4 0 12.8-6.4 12.8-12.8v-70.4c0-6.4-6.4-12.8-12.8-12.8h-22.4c-6.4 0-12.8 6.4-12.8 12.8v70.4c0 6.4 6.4 12.8 12.8 12.8z\" class=\"\"><\/path><\/svg><\/i> <img loading=\"lazy\" decoding=\"async\" width=\"16\" height=\"16\" alt=\"Loading\" src=\"https:\/\/temucotelevision.cl\/web\/wp-content\/plugins\/page-views-count\/ajax-loader-2x.gif\" border=0 \/><\/p><div class=\"pvc_clear\"><\/div>\n<p>El Servicio Nacional de la Mujer y la Equidad de G\u00e9nero en conversatorio con mujeres dirigentas de diversos espacios promueve, a trav\u00e9s del programa Mujer y Participaci\u00f3n Pol\u00edtica, la equidad de g\u00e9nero y el liderazgo de las mujeres, fortaleciendo su nivel de empoderamiento, poder ciudadano y participaci\u00f3n en la toma de decisiones de la sociedad chilena. Su objetivo es contribuir en la transformaci\u00f3n de una sociedad m\u00e1s justa y equitativa.<\/p>\n\n\n\n<p>Estos encuentros de di\u00e1logo nacieron con el objetivo de&nbsp;captar mujeres con inter\u00e9s en desarrollar su liderazgo a trav\u00e9s de la entrega de informaci\u00f3n te\u00f3rica y pr\u00e1ctica, y con perspectiva de g\u00e9nero en diferentes tem\u00e1ticas. Esto, con el fin de motivarlas a potenciar sus habilidades y participar en espacios de decisi\u00f3n, promoviendo su autonom\u00eda social y pol\u00edtica.<\/p>\n\n\n\n<p>En estos espacios las mujeres comparten estrategias de influencia pol\u00edtica, redes de contactos y la posibilidad de crear comunidades de mujeres l\u00edderes en sus regiones. Su convocatoria es abierta y p\u00fablica.<\/p>\n\n\n\n<p>Respecto de estos conversatorios tambi\u00e9n se est\u00e1n realizando 3 talleres en l\u00ednea, y que abordan las siguientes tem\u00e1ticas:&nbsp;Liderazgo de las Mujeres en Situaciones de Crisis, Las Mujeres en los Procesos de Transformaci\u00f3n Social y Participaci\u00f3n Pol\u00edtica de las Mujeres en los Procesos Electorales\u201d.<\/p>\n\n\n\n<p>\u201cQueremos que las mujeres participen m\u00e1s en pol\u00edtica, en espacios de decisi\u00f3n, de esta forma nuestras voces sean representadas con nuestras perspectivas\u201d, expres\u00f3 la directora regional del SernamEG, Sara Suazo Suazo. Y en este contexto, la directora hizo un llamado a cumplir con el deber c\u00edvico que vivir\u00e1 el pa\u00eds este 25 de octubre con los protocolos sanitarios que corresponden \u201cinvito a las mujeres a votar este domingo, debemos participar y ser parte de estos derechos que tanto nos cost\u00f3 obtener\u201d.<\/p>\n","protected":false},"excerpt":{"rendered":"<div class=\"pvc_clear\"><\/div>\n<p id=\"pvc_stats_15361\" class=\"pvc_stats total_only  \" data-element-id=\"15361\" style=\"\"><i class=\"pvc-stats-icon large\" aria-hidden=\"true\"><svg aria-hidden=\"true\" focusable=\"false\" data-prefix=\"far\" data-icon=\"chart-bar\" role=\"img\" xmlns=\"http:\/\/www.w3.org\/2000\/svg\" viewBox=\"0 0 512 512\" class=\"svg-inline--fa fa-chart-bar fa-w-16 fa-2x\"><path fill=\"currentColor\" d=\"M396.8 352h22.4c6.4 0 12.8-6.4 12.8-12.8V108.8c0-6.4-6.4-12.8-12.8-12.8h-22.4c-6.4 0-12.8 6.4-12.8 12.8v230.4c0 6.4 6.4 12.8 12.8 12.8zm-192 0h22.4c6.4 0 12.8-6.4 12.8-12.8V140.8c0-6.4-6.4-12.8-12.8-12.8h-22.4c-6.4 0-12.8 6.4-12.8 12.8v198.4c0 6.4 6.4 12.8 12.8 12.8zm96 0h22.4c6.4 0 12.8-6.4 12.8-12.8V204.8c0-6.4-6.4-12.8-12.8-12.8h-22.4c-6.4 0-12.8 6.4-12.8 12.8v134.4c0 6.4 6.4 12.8 12.8 12.8zM496 400H48V80c0-8.84-7.16-16-16-16H16C7.16 64 0 71.16 0 80v336c0 17.67 14.33 32 32 32h464c8.84 0 16-7.16 16-16v-16c0-8.84-7.16-16-16-16zm-387.2-48h22.4c6.4 0 12.8-6.4 12.8-12.8v-70.4c0-6.4-6.4-12.8-12.8-12.8h-22.4c-6.4 0-12.8 6.4-12.8 12.8v70.4c0 6.4 6.4 12.8 12.8 12.8z\" class=\"\"><\/path><\/svg><\/i> <img loading=\"lazy\" decoding=\"async\" width=\"16\" height=\"16\" alt=\"Loading\" src=\"https:\/\/temucotelevision.cl\/web\/wp-content\/plugins\/page-views-count\/ajax-loader-2x.gif\" border=0 \/><\/p>\n<div class=\"pvc_clear\"><\/div>\n<p>El Servicio Nacional de la Mujer y la Equidad de G\u00e9nero en conversatorio con mujeres dirigentas de diversos espacios promueve,<\/p>\n","protected":false},"author":1,"featured_media":15362,"comment_status":"open","ping_status":"open","sticky":false,"template":"","format":"standard","meta":{"colormag_page_container_layout":"default_layout","colormag_page_sidebar_layout":"default_layout","footnotes":""},"categories":[14],"tags":[2502],"class_list":["post-15361","post","type-post","status-publish","format-standard","has-post-thumbnail","hentry","category-temuco","tag-politica"],"a3_pvc":{"activated":true,"total_views":26,"today_views":0},"_links":{"self":[{"href":"https:\/\/temucotelevision.cl\/web\/wp-json\/wp\/v2\/posts\/15361","targetHints":{"allow":["GET"]}}],"collection":[{"href":"https:\/\/temucotelevision.cl\/web\/wp-json\/wp\/v2\/posts"}],"about":[{"href":"https:\/\/temucotelevision.cl\/web\/wp-json\/wp\/v2\/types\/post"}],"author":[{"embeddable":true,"href":"https:\/\/temucotelevision.cl\/web\/wp-json\/wp\/v2\/users\/1"}],"replies":[{"embeddable":true,"href":"https:\/\/temucotelevision.cl\/web\/wp-json\/wp\/v2\/comments?post=15361"}],"version-history":[{"count":1,"href":"https:\/\/temucotelevision.cl\/web\/wp-json\/wp\/v2\/posts\/15361\/revisions"}],"predecessor-version":[{"id":15363,"href":"https:\/\/temucotelevision.cl\/web\/wp-json\/wp\/v2\/posts\/15361\/revisions\/15363"}],"wp:featuredmedia":[{"embeddable":true,"href":"https:\/\/temucotelevision.cl\/web\/wp-json\/wp\/v2\/media\/15362"}],"wp:attachment":[{"href":"https:\/\/temucotelevision.cl\/web\/wp-json\/wp\/v2\/media?parent=15361"}],"wp:term":[{"taxonomy":"category","embeddable":true,"href":"https:\/\/temucotelevision.cl\/web\/wp-json\/wp\/v2\/categories?post=15361"},{"taxonomy":"post_tag","embeddable":true,"href":"https:\/\/temucotelevision.cl\/web\/wp-json\/wp\/v2\/tags?post=15361"}],"curies":[{"name":"wp","href":"https:\/\/api.w.org\/{rel}","templated":true}]}}