{"id":15357,"date":"2020-10-24T10:43:52","date_gmt":"2020-10-24T13:43:52","guid":{"rendered":"https:\/\/temucotelevision.cl\/web\/?p=15357"},"modified":"2020-10-24T10:45:10","modified_gmt":"2020-10-24T13:45:10","slug":"informe-covid-19-176-son-los-nuevos-casos-en-la-araucania-y-82-en-temuco-revisa-aqui-los-casos-activos-por-comuna","status":"publish","type":"post","link":"https:\/\/temucotelevision.cl\/web\/2020\/10\/24\/informe-covid-19-176-son-los-nuevos-casos-en-la-araucania-y-82-en-temuco-revisa-aqui-los-casos-activos-por-comuna\/","title":{"rendered":"Informe Covid-19: 176 son los nuevos casos en La Araucan\u00eda y 82 en Temuco, revisa aqu\u00ed los casos activos por comuna"},"content":{"rendered":"<div class=\"pvc_clear\"><\/div><p id=\"pvc_stats_15357\" class=\"pvc_stats total_only  \" data-element-id=\"15357\" style=\"\"><i class=\"pvc-stats-icon large\" aria-hidden=\"true\"><svg aria-hidden=\"true\" focusable=\"false\" data-prefix=\"far\" data-icon=\"chart-bar\" role=\"img\" xmlns=\"http:\/\/www.w3.org\/2000\/svg\" viewBox=\"0 0 512 512\" class=\"svg-inline--fa fa-chart-bar fa-w-16 fa-2x\"><path fill=\"currentColor\" d=\"M396.8 352h22.4c6.4 0 12.8-6.4 12.8-12.8V108.8c0-6.4-6.4-12.8-12.8-12.8h-22.4c-6.4 0-12.8 6.4-12.8 12.8v230.4c0 6.4 6.4 12.8 12.8 12.8zm-192 0h22.4c6.4 0 12.8-6.4 12.8-12.8V140.8c0-6.4-6.4-12.8-12.8-12.8h-22.4c-6.4 0-12.8 6.4-12.8 12.8v198.4c0 6.4 6.4 12.8 12.8 12.8zm96 0h22.4c6.4 0 12.8-6.4 12.8-12.8V204.8c0-6.4-6.4-12.8-12.8-12.8h-22.4c-6.4 0-12.8 6.4-12.8 12.8v134.4c0 6.4 6.4 12.8 12.8 12.8zM496 400H48V80c0-8.84-7.16-16-16-16H16C7.16 64 0 71.16 0 80v336c0 17.67 14.33 32 32 32h464c8.84 0 16-7.16 16-16v-16c0-8.84-7.16-16-16-16zm-387.2-48h22.4c6.4 0 12.8-6.4 12.8-12.8v-70.4c0-6.4-6.4-12.8-12.8-12.8h-22.4c-6.4 0-12.8 6.4-12.8 12.8v70.4c0 6.4 6.4 12.8 12.8 12.8z\" class=\"\"><\/path><\/svg><\/i> <img loading=\"lazy\" decoding=\"async\" width=\"16\" height=\"16\" alt=\"Loading\" src=\"https:\/\/temucotelevision.cl\/web\/wp-content\/plugins\/page-views-count\/ajax-loader-2x.gif\" border=0 \/><\/p><div class=\"pvc_clear\"><\/div>\n<p><strong>11.185 son los casos confirmados de COVID- 19 en La Araucan\u00eda.<\/strong><\/p>\n\n\n\n<p>Durante el d\u00eda ayer fueron 176 los nuevos casos confirmados de COVID- 19 en la regi\u00f3n. Estos nuevos casos sumados a los confirmados anteriormente, nos entregan la siguiente distribuci\u00f3n comunal:<\/p>\n\n\n\n<table class=\"wp-block-table\"><tbody><tr><td><strong>Comuna de residencia *<\/strong><\/td><td><strong>N\u00b0 de casos<\/strong><\/td><td><strong>Casos nuevos<\/strong><\/td><td><strong>Casos activos<\/strong><\/td><\/tr><tr><td>Angol<\/td><td>878<\/td><td>7<\/td><td>35<\/td><\/tr><tr><td>Carahue<\/td><td>502<\/td><td>2<\/td><td>31<\/td><\/tr><tr><td>Chol-Chol<\/td><td>106<\/td><td>&#8211;<\/td><td>9<\/td><\/tr><tr><td>Collipulli<\/td><td>445<\/td><td>3<\/td><td>13<\/td><\/tr><tr><td>Cunco<\/td><td>203<\/td><td>&#8211;<\/td><td>13<\/td><\/tr><tr><td>Curacaut\u00edn<\/td><td>53<\/td><td>3<\/td><td>4<\/td><\/tr><tr><td>Curarrehue<\/td><td>11<\/td><td>&#8211;<\/td><td>&#8211;<\/td><\/tr><tr><td>Ercilla<\/td><td>285<\/td><td>&#8211;<\/td><td>5<\/td><\/tr><tr><td>Freire<\/td><td>236<\/td><td>8<\/td><td>39<\/td><\/tr><tr><td>Galvarino<\/td><td>322<\/td><td>9<\/td><td>62<\/td><\/tr><tr><td>Gorbea<\/td><td>91<\/td><td>2<\/td><td>5<\/td><\/tr><tr><td>Lautaro<\/td><td>377<\/td><td>&#8211;<\/td><td>27<\/td><\/tr><tr><td>Loncoche<\/td><td>277<\/td><td>&#8211;<\/td><td>3<\/td><\/tr><tr><td>Lonquimay<\/td><td>172<\/td><td>&#8211;<\/td><td>2<\/td><\/tr><tr><td>Los Sauces<\/td><td>82<\/td><td>&#8211;<\/td><td>&#8211;<\/td><\/tr><tr><td>Lumaco<\/td><td>82<\/td><td>3<\/td><td>5<\/td><\/tr><tr><td>Melipeuco<\/td><td>42<\/td><td>&#8211;<\/td><td>&#8211;<\/td><\/tr><tr><td>Nueva Imperial<\/td><td>331<\/td><td>1<\/td><td>29<\/td><\/tr><tr><td>Padre Las Casas<\/td><td>658<\/td><td>19<\/td><td>90<\/td><\/tr><tr><td>Perquenco<\/td><td>143<\/td><td>&#8211;<\/td><td>4<\/td><\/tr><tr><td>Pitrufqu\u00e9n<\/td><td>199<\/td><td>2<\/td><td>10<\/td><\/tr><tr><td>Puc\u00f3n<\/td><td>193<\/td><td>7<\/td><td>23<\/td><\/tr><tr><td>Pur\u00e9n<\/td><td>53<\/td><td>&#8211;<\/td><td>1<\/td><\/tr><tr><td>Renaico<\/td><td>184<\/td><td>2<\/td><td>7<\/td><\/tr><tr><td>Saavedra<\/td><td>216<\/td><td>1<\/td><td>19<\/td><\/tr><tr><td>Temuco<\/td><td>3.191<\/td><td>82<\/td><td>356<\/td><\/tr><tr><td>Teodoro Schmidt<\/td><td>231<\/td><td>&#8211;<\/td><td>5<\/td><\/tr><tr><td>Tolt\u00e9n<\/td><td>43<\/td><td>&#8211;<\/td><td>5<\/td><\/tr><tr><td>Traigu\u00e9n<\/td><td>102<\/td><td>&#8211;<\/td><td>11<\/td><\/tr><tr><td>Victoria<\/td><td>385<\/td><td>4<\/td><td>32<\/td><\/tr><tr><td>Vilc\u00fan<\/td><td>308<\/td><td>&#8211;<\/td><td>19<\/td><\/tr><tr><td>Villarrica<\/td><td>601<\/td><td>18<\/td><td>87<\/td><\/tr><tr><td><strong>Total General<\/strong><\/td><td><strong>11.002<\/strong><\/td><td><strong>&nbsp;&nbsp;&nbsp;&nbsp;&nbsp;&nbsp;&nbsp;&nbsp;&nbsp;&nbsp;&nbsp;&nbsp;&nbsp;&nbsp;173<\/strong><\/td><td><strong>951<\/strong><\/td><\/tr><tr><td>*Informaci\u00f3n susceptible de ser modificada, en relaci\u00f3n a los resultados de las investigaciones Epidemiol\u00f3gicas.<strong><\/strong><\/td><td>(Se extraen 182 casos del an\u00e1lisis, puesto que presentan residencia en otras regiones).&nbsp;&nbsp;<\/td><td>&nbsp;<\/td><td>** Se extraen 9 del total de activos que presentan domicilio en otra regi\u00f3n<\/td><\/tr><\/tbody><\/table>\n\n\n\n<table class=\"wp-block-table\"><tbody><tr><td><strong>Casos nuevos<\/strong><\/td><td><strong>Sintom\u00e1ticos&nbsp;<\/strong><\/td><td><strong>Asintom\u00e1ticos<\/strong><\/td><td><strong>Casos nuevos no notificados<\/strong><strong><\/strong><\/td><\/tr><tr><td><strong>176<\/strong><\/td><td><strong>116<\/strong><\/td><td><strong>60<\/strong><\/td><td><strong>0<\/strong><\/td><\/tr><\/tbody><\/table>\n\n\n\n<p><strong>Cambios de Residencia<\/strong><\/p>\n\n\n\n<table class=\"wp-block-table\"><tbody><tr><td><strong>Intercomunal<\/strong><\/td><td>7<\/td><td>2 casos de Temuco a Padre Las Casas.1 caso de Vilc\u00fan&nbsp;&nbsp;a Padre Las Casas.1 caso de Temuco a Lautaro.1 caso de Vilc\u00fan a Villarrica.1 caso de Temuco a Saavedra.1 caso de Temuco a Nueva Imperial.<\/td><td><em>Se mantienen en ambos detalles.<\/em><\/td><\/tr><tr><td><strong>Ajuste Minsal&nbsp;<\/strong><\/td><td>2<\/td><td>1 caso a Temuco.1 caso a Padre Las Casas.<\/td><td><em>Se suma en ambos detalles.<\/em><\/td><\/tr><\/tbody><\/table>\n\n\n\n<p><strong>Ex\u00e1menes PCR procesados en las \u00faltimas 24 hrs.<\/strong><\/p>\n\n\n\n<table class=\"wp-block-table\"><tbody><tr><td>N\u00b0 de Muestras procesadas (23.10.2020)<\/td><td>1.599<\/td><\/tr><\/tbody><\/table>\n\n\n\n<table class=\"wp-block-table\"><tbody><tr><td><strong>Activos<\/strong><\/td><td><strong>N\u00b0 de Casos&nbsp;<\/strong><\/td><td><strong>Porcentaje<\/strong><\/td><\/tr><tr><td>&nbsp;Si&nbsp;<\/td><td>&nbsp;951<\/td><td>&nbsp;8.7%<\/td><\/tr><tr><td>No<\/td><td>9.920<\/td><td>91.3%<\/td><\/tr><\/tbody><\/table>\n\n\n\n<p>*Se excluyen del an\u00e1lisis los pacientes fallecidos.<\/p>\n\n\n\n<table class=\"wp-block-table\"><tbody><tr><td><strong>Casos asignados en proceso de an\u00e1lisis<\/strong>(23.10.2020)<\/td><td><strong>1<\/strong><\/td><td><em>Estos casos en proceso de an\u00e1lisis se suman solo al total regional acumulado y no al detalle comunal.<\/em><strong><\/strong><\/td><\/tr><tr><td><strong>Casos asignados en proceso de an\u00e1lisis resueltos&nbsp;<\/strong>(23.10.2020)<\/td><td><strong>0<\/strong><\/td><td><em>Los casos resueltos se restan al total regional.<\/em><strong>&nbsp;<\/strong><\/td><\/tr><\/tbody><\/table>\n\n\n\n<p><strong>Casos confirmados por sexo<\/strong><\/p>\n\n\n\n<table class=\"wp-block-table\"><tbody><tr><td><strong>Sexo<\/strong><\/td><td><strong>N\u00b0 Casos<\/strong><\/td><td><strong>Porcentaje<\/strong><\/td><\/tr><tr><td>Hombre<\/td><td>5.495<\/td><td>49,9%<\/td><\/tr><tr><td>Mujer<\/td><td>5.507<\/td><td>50,1%<\/td><\/tr><\/tbody><\/table>\n\n\n\n<table class=\"wp-block-table\"><tbody><tr><td><strong>Fallecidos<\/strong><\/td><td>141<\/td><\/tr><\/tbody><\/table>\n\n\n\n<p>De la totalidad de casos, 126 se encuentran hospitalizados, de estos, 51 en Unidades de Paciente Cr\u00edtico (UTI 18 \u2013 UCI 33) y 29 conectados a ventilador mec\u00e1nico de los cuales 25 se encuentran en establecimientos de la red p\u00fablica y 04 en cl\u00ednicas privadas.<\/p>\n\n\n\n<p><a>\u2014\u2013<\/a>\u2014\u2014<br><strong>Unidad de Comunicaciones<\/strong><\/p>\n\n\n\n<p>Seremi de Salud<\/p>\n","protected":false},"excerpt":{"rendered":"<div class=\"pvc_clear\"><\/div>\n<p id=\"pvc_stats_15357\" class=\"pvc_stats total_only  \" data-element-id=\"15357\" style=\"\"><i class=\"pvc-stats-icon large\" aria-hidden=\"true\"><svg aria-hidden=\"true\" focusable=\"false\" data-prefix=\"far\" data-icon=\"chart-bar\" role=\"img\" xmlns=\"http:\/\/www.w3.org\/2000\/svg\" viewBox=\"0 0 512 512\" class=\"svg-inline--fa fa-chart-bar fa-w-16 fa-2x\"><path fill=\"currentColor\" d=\"M396.8 352h22.4c6.4 0 12.8-6.4 12.8-12.8V108.8c0-6.4-6.4-12.8-12.8-12.8h-22.4c-6.4 0-12.8 6.4-12.8 12.8v230.4c0 6.4 6.4 12.8 12.8 12.8zm-192 0h22.4c6.4 0 12.8-6.4 12.8-12.8V140.8c0-6.4-6.4-12.8-12.8-12.8h-22.4c-6.4 0-12.8 6.4-12.8 12.8v198.4c0 6.4 6.4 12.8 12.8 12.8zm96 0h22.4c6.4 0 12.8-6.4 12.8-12.8V204.8c0-6.4-6.4-12.8-12.8-12.8h-22.4c-6.4 0-12.8 6.4-12.8 12.8v134.4c0 6.4 6.4 12.8 12.8 12.8zM496 400H48V80c0-8.84-7.16-16-16-16H16C7.16 64 0 71.16 0 80v336c0 17.67 14.33 32 32 32h464c8.84 0 16-7.16 16-16v-16c0-8.84-7.16-16-16-16zm-387.2-48h22.4c6.4 0 12.8-6.4 12.8-12.8v-70.4c0-6.4-6.4-12.8-12.8-12.8h-22.4c-6.4 0-12.8 6.4-12.8 12.8v70.4c0 6.4 6.4 12.8 12.8 12.8z\" class=\"\"><\/path><\/svg><\/i> <img loading=\"lazy\" decoding=\"async\" width=\"16\" height=\"16\" alt=\"Loading\" src=\"https:\/\/temucotelevision.cl\/web\/wp-content\/plugins\/page-views-count\/ajax-loader-2x.gif\" border=0 \/><\/p>\n<div class=\"pvc_clear\"><\/div>\n<p>11.185 son los casos confirmados de COVID- 19 en La Araucan\u00eda. Durante el d\u00eda ayer fueron 176 los nuevos casos<\/p>\n","protected":false},"author":1,"featured_media":14227,"comment_status":"open","ping_status":"open","sticky":false,"template":"","format":"standard","meta":{"colormag_page_container_layout":"default_layout","colormag_page_sidebar_layout":"default_layout","footnotes":""},"categories":[15],"tags":[2314],"class_list":["post-15357","post","type-post","status-publish","format-standard","has-post-thumbnail","hentry","category-la-araucania","tag-casos"],"a3_pvc":{"activated":true,"total_views":18,"today_views":0},"_links":{"self":[{"href":"https:\/\/temucotelevision.cl\/web\/wp-json\/wp\/v2\/posts\/15357","targetHints":{"allow":["GET"]}}],"collection":[{"href":"https:\/\/temucotelevision.cl\/web\/wp-json\/wp\/v2\/posts"}],"about":[{"href":"https:\/\/temucotelevision.cl\/web\/wp-json\/wp\/v2\/types\/post"}],"author":[{"embeddable":true,"href":"https:\/\/temucotelevision.cl\/web\/wp-json\/wp\/v2\/users\/1"}],"replies":[{"embeddable":true,"href":"https:\/\/temucotelevision.cl\/web\/wp-json\/wp\/v2\/comments?post=15357"}],"version-history":[{"count":2,"href":"https:\/\/temucotelevision.cl\/web\/wp-json\/wp\/v2\/posts\/15357\/revisions"}],"predecessor-version":[{"id":15359,"href":"https:\/\/temucotelevision.cl\/web\/wp-json\/wp\/v2\/posts\/15357\/revisions\/15359"}],"wp:featuredmedia":[{"embeddable":true,"href":"https:\/\/temucotelevision.cl\/web\/wp-json\/wp\/v2\/media\/14227"}],"wp:attachment":[{"href":"https:\/\/temucotelevision.cl\/web\/wp-json\/wp\/v2\/media?parent=15357"}],"wp:term":[{"taxonomy":"category","embeddable":true,"href":"https:\/\/temucotelevision.cl\/web\/wp-json\/wp\/v2\/categories?post=15357"},{"taxonomy":"post_tag","embeddable":true,"href":"https:\/\/temucotelevision.cl\/web\/wp-json\/wp\/v2\/tags?post=15357"}],"curies":[{"name":"wp","href":"https:\/\/api.w.org\/{rel}","templated":true}]}}