{"id":15344,"date":"2020-10-23T23:05:41","date_gmt":"2020-10-24T02:05:41","guid":{"rendered":"https:\/\/temucotelevision.cl\/web\/?p=15344"},"modified":"2020-10-23T23:05:44","modified_gmt":"2020-10-24T02:05:44","slug":"corte-de-apelaciones-de-temuco-de-manera-virtual-juran-nuevos-abogados-y-abogadas","status":"publish","type":"post","link":"https:\/\/temucotelevision.cl\/web\/2020\/10\/23\/corte-de-apelaciones-de-temuco-de-manera-virtual-juran-nuevos-abogados-y-abogadas\/","title":{"rendered":"Corte de Apelaciones de Temuco: De manera virtual juran nuevos abogados y abogadas"},"content":{"rendered":"<div class=\"pvc_clear\"><\/div><p id=\"pvc_stats_15344\" class=\"pvc_stats total_only  \" data-element-id=\"15344\" style=\"\"><i class=\"pvc-stats-icon large\" aria-hidden=\"true\"><svg aria-hidden=\"true\" focusable=\"false\" data-prefix=\"far\" data-icon=\"chart-bar\" role=\"img\" xmlns=\"http:\/\/www.w3.org\/2000\/svg\" viewBox=\"0 0 512 512\" class=\"svg-inline--fa fa-chart-bar fa-w-16 fa-2x\"><path fill=\"currentColor\" d=\"M396.8 352h22.4c6.4 0 12.8-6.4 12.8-12.8V108.8c0-6.4-6.4-12.8-12.8-12.8h-22.4c-6.4 0-12.8 6.4-12.8 12.8v230.4c0 6.4 6.4 12.8 12.8 12.8zm-192 0h22.4c6.4 0 12.8-6.4 12.8-12.8V140.8c0-6.4-6.4-12.8-12.8-12.8h-22.4c-6.4 0-12.8 6.4-12.8 12.8v198.4c0 6.4 6.4 12.8 12.8 12.8zm96 0h22.4c6.4 0 12.8-6.4 12.8-12.8V204.8c0-6.4-6.4-12.8-12.8-12.8h-22.4c-6.4 0-12.8 6.4-12.8 12.8v134.4c0 6.4 6.4 12.8 12.8 12.8zM496 400H48V80c0-8.84-7.16-16-16-16H16C7.16 64 0 71.16 0 80v336c0 17.67 14.33 32 32 32h464c8.84 0 16-7.16 16-16v-16c0-8.84-7.16-16-16-16zm-387.2-48h22.4c6.4 0 12.8-6.4 12.8-12.8v-70.4c0-6.4-6.4-12.8-12.8-12.8h-22.4c-6.4 0-12.8 6.4-12.8 12.8v70.4c0 6.4 6.4 12.8 12.8 12.8z\" class=\"\"><\/path><\/svg><\/i> <img loading=\"lazy\" decoding=\"async\" width=\"16\" height=\"16\" alt=\"Loading\" src=\"https:\/\/temucotelevision.cl\/web\/wp-content\/plugins\/page-views-count\/ajax-loader-2x.gif\" border=0 \/><\/p><div class=\"pvc_clear\"><\/div>\n<p>Doce postulantes juraron en la Corte de Apelaciones de Temuco como abogados y abogadas, en lo que fue la und\u00e9cima ceremonia realizada a trav\u00e9s de videoconferencia desde la Corte Suprema, en donde se encontraban el presidente Guillermo Silva y el secretario (s) Marcelo Doering.&nbsp;<\/p>\n\n\n\n<p>Los postulantes llegaron a primera hora para participar en la instancia, recibiendo la bienvenida del presidente del tribunal de alzada, Carlos Guti\u00e9rrez Zavala y el secretario German Varas Cicarelli.<\/p>\n\n\n\n<p>Bajo estrictas medidas sanitarias, los licenciados debieron someterse a control de temperatura corporal al ingreso al edificio, portar mascarilla durante toda la ceremonia y se dispuso adem\u00e1s de alcohol gel para lavado de manos y se ubicaron las sillas con distancia social. Asimismo, no pudieron ingresar con acompa\u00f1antes para evitar el riesgo de contagios de coronavirus.<\/p>\n\n\n\n<p>A su debido turno, antecedidos por los postulantes ubicados en la Corte Suprema y diferentes locaciones del gran Santiago y las Cortes de Apelaciones de: Iquique, Antofagasta, La Serena, Valpara\u00edso, Rancagua, Talca y Chill\u00e1n, los juramentados de Temuco pronunciaron un estruendoso &#8220;s\u00ed, juro&#8221;, convirti\u00e9ndose en nuevos profesionales del Derecho:&nbsp;<strong>Gissel Arellano Belmar, Valeria Brun Maric\u00e1n, Juan Castro Saavedra, Frank Delgado \u00c1lvarez, Fernanda Guzm\u00e1n Norambuena, Rub\u00e9n Matta Sanzana, Nataly Medina Balboa, Egon Montesinos Reyes, Enzo Oviedo Arce, Javier Retamales Arancibia, \u00c1lex Rubilar Gibert y Marianela Sep\u00falveda Vera<\/strong>.&nbsp;<\/p>\n\n\n\n<p>Luego del cierre de la transmisi\u00f3n oficial, el presidente Guti\u00e9rrez&nbsp; en representaci\u00f3n de sus integrantes, felicit\u00f3 a los nuevos juristas sum\u00e1ndose a las felicitaciones expresadas por el presidente de la Corte Suprema por haber obtenido sus t\u00edtulos profesionales, que los certifican como nuevos profesionales del derecho.<\/p>\n","protected":false},"excerpt":{"rendered":"<div class=\"pvc_clear\"><\/div>\n<p id=\"pvc_stats_15344\" class=\"pvc_stats total_only  \" data-element-id=\"15344\" style=\"\"><i class=\"pvc-stats-icon large\" aria-hidden=\"true\"><svg aria-hidden=\"true\" focusable=\"false\" data-prefix=\"far\" data-icon=\"chart-bar\" role=\"img\" xmlns=\"http:\/\/www.w3.org\/2000\/svg\" viewBox=\"0 0 512 512\" class=\"svg-inline--fa fa-chart-bar fa-w-16 fa-2x\"><path fill=\"currentColor\" d=\"M396.8 352h22.4c6.4 0 12.8-6.4 12.8-12.8V108.8c0-6.4-6.4-12.8-12.8-12.8h-22.4c-6.4 0-12.8 6.4-12.8 12.8v230.4c0 6.4 6.4 12.8 12.8 12.8zm-192 0h22.4c6.4 0 12.8-6.4 12.8-12.8V140.8c0-6.4-6.4-12.8-12.8-12.8h-22.4c-6.4 0-12.8 6.4-12.8 12.8v198.4c0 6.4 6.4 12.8 12.8 12.8zm96 0h22.4c6.4 0 12.8-6.4 12.8-12.8V204.8c0-6.4-6.4-12.8-12.8-12.8h-22.4c-6.4 0-12.8 6.4-12.8 12.8v134.4c0 6.4 6.4 12.8 12.8 12.8zM496 400H48V80c0-8.84-7.16-16-16-16H16C7.16 64 0 71.16 0 80v336c0 17.67 14.33 32 32 32h464c8.84 0 16-7.16 16-16v-16c0-8.84-7.16-16-16-16zm-387.2-48h22.4c6.4 0 12.8-6.4 12.8-12.8v-70.4c0-6.4-6.4-12.8-12.8-12.8h-22.4c-6.4 0-12.8 6.4-12.8 12.8v70.4c0 6.4 6.4 12.8 12.8 12.8z\" class=\"\"><\/path><\/svg><\/i> <img loading=\"lazy\" decoding=\"async\" width=\"16\" height=\"16\" alt=\"Loading\" src=\"https:\/\/temucotelevision.cl\/web\/wp-content\/plugins\/page-views-count\/ajax-loader-2x.gif\" border=0 \/><\/p>\n<div class=\"pvc_clear\"><\/div>\n<p>Doce postulantes juraron en la Corte de Apelaciones de Temuco como abogados y abogadas, en lo que fue la und\u00e9cima<\/p>\n","protected":false},"author":1,"featured_media":15345,"comment_status":"open","ping_status":"open","sticky":false,"template":"","format":"standard","meta":{"colormag_page_container_layout":"default_layout","colormag_page_sidebar_layout":"default_layout","footnotes":""},"categories":[14],"tags":[3131],"class_list":["post-15344","post","type-post","status-publish","format-standard","has-post-thumbnail","hentry","category-temuco","tag-abogadas"],"a3_pvc":{"activated":true,"total_views":449,"today_views":0},"_links":{"self":[{"href":"https:\/\/temucotelevision.cl\/web\/wp-json\/wp\/v2\/posts\/15344","targetHints":{"allow":["GET"]}}],"collection":[{"href":"https:\/\/temucotelevision.cl\/web\/wp-json\/wp\/v2\/posts"}],"about":[{"href":"https:\/\/temucotelevision.cl\/web\/wp-json\/wp\/v2\/types\/post"}],"author":[{"embeddable":true,"href":"https:\/\/temucotelevision.cl\/web\/wp-json\/wp\/v2\/users\/1"}],"replies":[{"embeddable":true,"href":"https:\/\/temucotelevision.cl\/web\/wp-json\/wp\/v2\/comments?post=15344"}],"version-history":[{"count":1,"href":"https:\/\/temucotelevision.cl\/web\/wp-json\/wp\/v2\/posts\/15344\/revisions"}],"predecessor-version":[{"id":15346,"href":"https:\/\/temucotelevision.cl\/web\/wp-json\/wp\/v2\/posts\/15344\/revisions\/15346"}],"wp:featuredmedia":[{"embeddable":true,"href":"https:\/\/temucotelevision.cl\/web\/wp-json\/wp\/v2\/media\/15345"}],"wp:attachment":[{"href":"https:\/\/temucotelevision.cl\/web\/wp-json\/wp\/v2\/media?parent=15344"}],"wp:term":[{"taxonomy":"category","embeddable":true,"href":"https:\/\/temucotelevision.cl\/web\/wp-json\/wp\/v2\/categories?post=15344"},{"taxonomy":"post_tag","embeddable":true,"href":"https:\/\/temucotelevision.cl\/web\/wp-json\/wp\/v2\/tags?post=15344"}],"curies":[{"name":"wp","href":"https:\/\/api.w.org\/{rel}","templated":true}]}}