{"id":15342,"date":"2020-10-23T22:54:17","date_gmt":"2020-10-24T01:54:17","guid":{"rendered":"https:\/\/temucotelevision.cl\/web\/?p=15342"},"modified":"2020-10-23T22:54:18","modified_gmt":"2020-10-24T01:54:18","slug":"pdi-detiene-a-hombre-por-el-delito-de-violacion-en-tolten","status":"publish","type":"post","link":"https:\/\/temucotelevision.cl\/web\/2020\/10\/23\/pdi-detiene-a-hombre-por-el-delito-de-violacion-en-tolten\/","title":{"rendered":"PDI detiene a hombre por el delito de violaci\u00f3n en Tolt\u00e9n"},"content":{"rendered":"<div class=\"pvc_clear\"><\/div><p id=\"pvc_stats_15342\" class=\"pvc_stats total_only  \" data-element-id=\"15342\" style=\"\"><i class=\"pvc-stats-icon large\" aria-hidden=\"true\"><svg aria-hidden=\"true\" focusable=\"false\" data-prefix=\"far\" data-icon=\"chart-bar\" role=\"img\" xmlns=\"http:\/\/www.w3.org\/2000\/svg\" viewBox=\"0 0 512 512\" class=\"svg-inline--fa fa-chart-bar fa-w-16 fa-2x\"><path fill=\"currentColor\" d=\"M396.8 352h22.4c6.4 0 12.8-6.4 12.8-12.8V108.8c0-6.4-6.4-12.8-12.8-12.8h-22.4c-6.4 0-12.8 6.4-12.8 12.8v230.4c0 6.4 6.4 12.8 12.8 12.8zm-192 0h22.4c6.4 0 12.8-6.4 12.8-12.8V140.8c0-6.4-6.4-12.8-12.8-12.8h-22.4c-6.4 0-12.8 6.4-12.8 12.8v198.4c0 6.4 6.4 12.8 12.8 12.8zm96 0h22.4c6.4 0 12.8-6.4 12.8-12.8V204.8c0-6.4-6.4-12.8-12.8-12.8h-22.4c-6.4 0-12.8 6.4-12.8 12.8v134.4c0 6.4 6.4 12.8 12.8 12.8zM496 400H48V80c0-8.84-7.16-16-16-16H16C7.16 64 0 71.16 0 80v336c0 17.67 14.33 32 32 32h464c8.84 0 16-7.16 16-16v-16c0-8.84-7.16-16-16-16zm-387.2-48h22.4c6.4 0 12.8-6.4 12.8-12.8v-70.4c0-6.4-6.4-12.8-12.8-12.8h-22.4c-6.4 0-12.8 6.4-12.8 12.8v70.4c0 6.4 6.4 12.8 12.8 12.8z\" class=\"\"><\/path><\/svg><\/i> <img loading=\"lazy\" decoding=\"async\" width=\"16\" height=\"16\" alt=\"Loading\" src=\"https:\/\/temucotelevision.cl\/web\/wp-content\/plugins\/page-views-count\/ajax-loader-2x.gif\" border=0 \/><\/p><div class=\"pvc_clear\"><\/div>\n<p>Detectives de la Brigada Investigadora de Delitos Sexuales (Brisex) Temuco, detuvieron el d\u00eda de ayer -22 de octubre- en la comuna de Tolt\u00e9n, a un hombre mayor de edad, en virtud de una Orden de Investigar por el delito de violaci\u00f3n de menor de 14 a\u00f1os de edad, que daba cuenta de reiteradas agresiones sexuales cometidas en contra de una menor a partir de los 12 a\u00f1os de edad.<\/p>\n\n\n\n<p>El jefe de la Brisex Temuco, Comisario Rodrigo Opazo, se\u00f1al\u00f3 que a requerimiento del Ministerio P\u00fablico, detectives de esta unidad en el mes de noviembre de 2019 trabajaron la orden de investigar a objeto de esclarecer una denuncia materializada por el padre de una menor de actuales 15 a\u00f1os, quien habr\u00eda sido v\u00edctima de agresiones sexuales.<\/p>\n\n\n\n<p>El imputado, una persona cercana a la familia, aprovechaba que la v\u00edctima permanec\u00eda en ciertas horas del d\u00eda sola en su domicilio para cometer en reiteradas ocasiones el delito de violaci\u00f3n.<\/p>\n\n\n\n<p>El detenido fue puesto a disposici\u00f3n del Juzgado de Garant\u00eda de Tolt\u00e9n siendo decretada la medida de cautelar de prisi\u00f3n preventiva.<\/p>\n","protected":false},"excerpt":{"rendered":"<div class=\"pvc_clear\"><\/div>\n<p id=\"pvc_stats_15342\" class=\"pvc_stats total_only  \" data-element-id=\"15342\" style=\"\"><i class=\"pvc-stats-icon large\" aria-hidden=\"true\"><svg aria-hidden=\"true\" focusable=\"false\" data-prefix=\"far\" data-icon=\"chart-bar\" role=\"img\" xmlns=\"http:\/\/www.w3.org\/2000\/svg\" viewBox=\"0 0 512 512\" class=\"svg-inline--fa fa-chart-bar fa-w-16 fa-2x\"><path fill=\"currentColor\" d=\"M396.8 352h22.4c6.4 0 12.8-6.4 12.8-12.8V108.8c0-6.4-6.4-12.8-12.8-12.8h-22.4c-6.4 0-12.8 6.4-12.8 12.8v230.4c0 6.4 6.4 12.8 12.8 12.8zm-192 0h22.4c6.4 0 12.8-6.4 12.8-12.8V140.8c0-6.4-6.4-12.8-12.8-12.8h-22.4c-6.4 0-12.8 6.4-12.8 12.8v198.4c0 6.4 6.4 12.8 12.8 12.8zm96 0h22.4c6.4 0 12.8-6.4 12.8-12.8V204.8c0-6.4-6.4-12.8-12.8-12.8h-22.4c-6.4 0-12.8 6.4-12.8 12.8v134.4c0 6.4 6.4 12.8 12.8 12.8zM496 400H48V80c0-8.84-7.16-16-16-16H16C7.16 64 0 71.16 0 80v336c0 17.67 14.33 32 32 32h464c8.84 0 16-7.16 16-16v-16c0-8.84-7.16-16-16-16zm-387.2-48h22.4c6.4 0 12.8-6.4 12.8-12.8v-70.4c0-6.4-6.4-12.8-12.8-12.8h-22.4c-6.4 0-12.8 6.4-12.8 12.8v70.4c0 6.4 6.4 12.8 12.8 12.8z\" class=\"\"><\/path><\/svg><\/i> <img loading=\"lazy\" decoding=\"async\" width=\"16\" height=\"16\" alt=\"Loading\" src=\"https:\/\/temucotelevision.cl\/web\/wp-content\/plugins\/page-views-count\/ajax-loader-2x.gif\" border=0 \/><\/p>\n<div class=\"pvc_clear\"><\/div>\n<p>Detectives de la Brigada Investigadora de Delitos Sexuales (Brisex) Temuco, detuvieron el d\u00eda de ayer -22 de octubre- en la<\/p>\n","protected":false},"author":1,"featured_media":2625,"comment_status":"open","ping_status":"open","sticky":false,"template":"","format":"standard","meta":{"colormag_page_container_layout":"default_layout","colormag_page_sidebar_layout":"default_layout","footnotes":""},"categories":[16],"tags":[338],"class_list":["post-15342","post","type-post","status-publish","format-standard","has-post-thumbnail","hentry","category-policial","tag-sujeto"],"a3_pvc":{"activated":true,"total_views":28,"today_views":0},"_links":{"self":[{"href":"https:\/\/temucotelevision.cl\/web\/wp-json\/wp\/v2\/posts\/15342","targetHints":{"allow":["GET"]}}],"collection":[{"href":"https:\/\/temucotelevision.cl\/web\/wp-json\/wp\/v2\/posts"}],"about":[{"href":"https:\/\/temucotelevision.cl\/web\/wp-json\/wp\/v2\/types\/post"}],"author":[{"embeddable":true,"href":"https:\/\/temucotelevision.cl\/web\/wp-json\/wp\/v2\/users\/1"}],"replies":[{"embeddable":true,"href":"https:\/\/temucotelevision.cl\/web\/wp-json\/wp\/v2\/comments?post=15342"}],"version-history":[{"count":1,"href":"https:\/\/temucotelevision.cl\/web\/wp-json\/wp\/v2\/posts\/15342\/revisions"}],"predecessor-version":[{"id":15343,"href":"https:\/\/temucotelevision.cl\/web\/wp-json\/wp\/v2\/posts\/15342\/revisions\/15343"}],"wp:featuredmedia":[{"embeddable":true,"href":"https:\/\/temucotelevision.cl\/web\/wp-json\/wp\/v2\/media\/2625"}],"wp:attachment":[{"href":"https:\/\/temucotelevision.cl\/web\/wp-json\/wp\/v2\/media?parent=15342"}],"wp:term":[{"taxonomy":"category","embeddable":true,"href":"https:\/\/temucotelevision.cl\/web\/wp-json\/wp\/v2\/categories?post=15342"},{"taxonomy":"post_tag","embeddable":true,"href":"https:\/\/temucotelevision.cl\/web\/wp-json\/wp\/v2\/tags?post=15342"}],"curies":[{"name":"wp","href":"https:\/\/api.w.org\/{rel}","templated":true}]}}