{"id":15339,"date":"2020-10-23T18:16:44","date_gmt":"2020-10-23T21:16:44","guid":{"rendered":"https:\/\/temucotelevision.cl\/web\/?p=15339"},"modified":"2020-10-23T18:16:47","modified_gmt":"2020-10-23T21:16:47","slug":"desarrollo-social-y-senadis-hacen-llamado-a-personas-con-discapacidad-hacer-uso-del-voto-asistido-en-el-plebiscito-del-25-de-octubre%ef%bb%bf","status":"publish","type":"post","link":"https:\/\/temucotelevision.cl\/web\/2020\/10\/23\/desarrollo-social-y-senadis-hacen-llamado-a-personas-con-discapacidad-hacer-uso-del-voto-asistido-en-el-plebiscito-del-25-de-octubre%ef%bb%bf\/","title":{"rendered":"Desarrollo Social y Senadis hacen llamado a personas con discapacidad hacer uso del Voto Asistido en el plebiscito del 25 de octubre\ufeff"},"content":{"rendered":"<div class=\"pvc_clear\"><\/div><p id=\"pvc_stats_15339\" class=\"pvc_stats total_only  \" data-element-id=\"15339\" style=\"\"><i class=\"pvc-stats-icon large\" aria-hidden=\"true\"><svg aria-hidden=\"true\" focusable=\"false\" data-prefix=\"far\" data-icon=\"chart-bar\" role=\"img\" xmlns=\"http:\/\/www.w3.org\/2000\/svg\" viewBox=\"0 0 512 512\" class=\"svg-inline--fa fa-chart-bar fa-w-16 fa-2x\"><path fill=\"currentColor\" d=\"M396.8 352h22.4c6.4 0 12.8-6.4 12.8-12.8V108.8c0-6.4-6.4-12.8-12.8-12.8h-22.4c-6.4 0-12.8 6.4-12.8 12.8v230.4c0 6.4 6.4 12.8 12.8 12.8zm-192 0h22.4c6.4 0 12.8-6.4 12.8-12.8V140.8c0-6.4-6.4-12.8-12.8-12.8h-22.4c-6.4 0-12.8 6.4-12.8 12.8v198.4c0 6.4 6.4 12.8 12.8 12.8zm96 0h22.4c6.4 0 12.8-6.4 12.8-12.8V204.8c0-6.4-6.4-12.8-12.8-12.8h-22.4c-6.4 0-12.8 6.4-12.8 12.8v134.4c0 6.4 6.4 12.8 12.8 12.8zM496 400H48V80c0-8.84-7.16-16-16-16H16C7.16 64 0 71.16 0 80v336c0 17.67 14.33 32 32 32h464c8.84 0 16-7.16 16-16v-16c0-8.84-7.16-16-16-16zm-387.2-48h22.4c6.4 0 12.8-6.4 12.8-12.8v-70.4c0-6.4-6.4-12.8-12.8-12.8h-22.4c-6.4 0-12.8 6.4-12.8 12.8v70.4c0 6.4 6.4 12.8 12.8 12.8z\" class=\"\"><\/path><\/svg><\/i> <img loading=\"lazy\" decoding=\"async\" width=\"16\" height=\"16\" alt=\"Loading\" src=\"https:\/\/temucotelevision.cl\/web\/wp-content\/plugins\/page-views-count\/ajax-loader-2x.gif\" border=0 \/><\/p><div class=\"pvc_clear\"><\/div>\n<p><em>Las autoridades convocaron a las personas con discapacidad a participar de la votaci\u00f3n, garantizando que se han tomado todas las medidas sanitarias y de acceso para facilitar su participaci\u00f3n.&nbsp;<\/em><\/p>\n\n\n\n<p>El seremi de Desarrollo Social y Familia, Rodrigo Carrasco, junto al director regional Mario Oyarz\u00fan, dieron a conocer una serie de medidas para que la votaci\u00f3n de las personas con discapacidad sea segura, informada e inclusiva durante el plebiscito que se llevar\u00e1 a cabo en el pa\u00eds este domingo 25 de octubre.<\/p>\n\n\n\n<p>El Seremi de Desarrollo Social, Rodrigo Carrasco, se\u00f1al\u00f3 que \u201chemos dispuesto todas las facilidades para que las personas en situaci\u00f3n de discapacidad tengan las facilidades para emitir su voto de forma tranquila y asistida cuando lo requieran. Habr\u00e1 facilitadores en todos los locales de votaci\u00f3n que apoyar\u00e1n a las personas que lo requieran ya sea gui\u00e1ndolas y explic\u00e1ndoles\u201d.&nbsp;<\/p>\n\n\n\n<p>Las personas con cualquier tipo de discapacidad pueden hacer uso de su derecho al Voto Asistido, para lo cual est\u00e1n autorizadas a ir acompa\u00f1adas de una persona mayor de 18 a\u00f1os de su confianza, o bien pueden solicitar asistencia al presidente de la mesa quien debe esperar fuera de la c\u00e1mara secreta.&nbsp;<\/p>\n\n\n\n<p>As\u00ed, por ejemplo, en caso de que la persona no pueda ingresar a la c\u00e1mara secreta por usar camilla, silla de ruedas u otra forma de movilizaci\u00f3n, estar\u00e1n autorizados para sufragar fuera de ella. En este caso, la mesa deber\u00e1 adoptar las medidas necesitar\u00edas para mantener el secreto del voto.&nbsp;<\/p>\n\n\n\n<p>Las personas con discapacidad visual<strong>&nbsp;<\/strong>podr\u00e1n solicitar al presidente de la mesa la plantilla de votaci\u00f3n con ranuras o la plantilla con ranuras y sistema braille. El delegado de la Junta Electoral tiene el deber de instruir a los electores con discapacidad visual o personas ciegas, sobre el uso de las plantillas que estar\u00e1n disponibles en cada recinto donde funcionen las mesas receptoras de sufragio.<\/p>\n\n\n\n<p>Por su parte, las personas discapacidad intelectual<strong>&nbsp;<\/strong>pueden estar acompa\u00f1adas por una persona mayor de 18 a\u00f1os que sea de su confianza. Para esto debe solicitar autorizaci\u00f3n al presidente de la mesa para que el acompa\u00f1ante lo asista al interior de la c\u00e1mara secreta. En caso de no tener con qui\u00e9n ir y necesite apoyo, la persona con discapacidad puede pedir asistencia al presidente de la mesa. \u00c9l se quedar\u00e1 fuera de la c\u00e1mara para doblar y cerrar tu voto con el sello adhesivo que entregan cuando pasan el voto. Deber\u00e1 quedar constancia en el acta de este hecho.<\/p>\n\n\n\n<p>A su vez, las personas con discapacidad auditiva pueden pedir hacer uso del Voto Asistido mediante lenguaje de se\u00f1as o bien por escrito.<\/p>\n\n\n\n<p>En este sentido, la ministra de Desarrollo Social y Familia, Karla Rubilar, subray\u00f3 que \u201clas personas con discapacidad tendr\u00e1n un trato preferente al momento de votar entre las 8.00 y las 20:00 horas. Para ello, podr\u00e1n recibir asistencia de los facilitadores del Servel quienes utilizar\u00e1n una pechera negra con logo de la instituci\u00f3n y estar\u00e1n disponible para hacerlos pasar de forma preferente. Ellos podr\u00e1n acompa\u00f1arlos a la mesa de votaci\u00f3n y supervisar que se cumplan las medidas sanitarias\u201d.<\/p>\n\n\n\n<p>Por su parte el director regional de SENADIS, Mario Oyarz\u00fan, hizo un llamado a las personas con discapacidad a ejercer su derecho a voto. \u201cSeg\u00fan el Segundo Estudio Nacional de la Discapacidad, en Chile hay 2 millones 606 mil personas con discapacidad mayores de 18 a\u00f1os. Es importante que ejerzan su derecho cuidadano y empleen el Voto Asistido, si lo requieren\u201d.&nbsp;<\/p>\n\n\n\n<p>Por otro lado, aquellas personas que sean cuidadoras o cuidadores de personas con discapacidad y hayan sido designadas vocales de mesas podr\u00e1n excusarse ante el delegado del local el d\u00eda del plebiscito o ante el Juez de Polic\u00eda Local si llegaren a ser citados.&nbsp;<\/p>\n","protected":false},"excerpt":{"rendered":"<div class=\"pvc_clear\"><\/div>\n<p id=\"pvc_stats_15339\" class=\"pvc_stats total_only  \" data-element-id=\"15339\" style=\"\"><i class=\"pvc-stats-icon large\" aria-hidden=\"true\"><svg aria-hidden=\"true\" focusable=\"false\" data-prefix=\"far\" data-icon=\"chart-bar\" role=\"img\" xmlns=\"http:\/\/www.w3.org\/2000\/svg\" viewBox=\"0 0 512 512\" class=\"svg-inline--fa fa-chart-bar fa-w-16 fa-2x\"><path fill=\"currentColor\" d=\"M396.8 352h22.4c6.4 0 12.8-6.4 12.8-12.8V108.8c0-6.4-6.4-12.8-12.8-12.8h-22.4c-6.4 0-12.8 6.4-12.8 12.8v230.4c0 6.4 6.4 12.8 12.8 12.8zm-192 0h22.4c6.4 0 12.8-6.4 12.8-12.8V140.8c0-6.4-6.4-12.8-12.8-12.8h-22.4c-6.4 0-12.8 6.4-12.8 12.8v198.4c0 6.4 6.4 12.8 12.8 12.8zm96 0h22.4c6.4 0 12.8-6.4 12.8-12.8V204.8c0-6.4-6.4-12.8-12.8-12.8h-22.4c-6.4 0-12.8 6.4-12.8 12.8v134.4c0 6.4 6.4 12.8 12.8 12.8zM496 400H48V80c0-8.84-7.16-16-16-16H16C7.16 64 0 71.16 0 80v336c0 17.67 14.33 32 32 32h464c8.84 0 16-7.16 16-16v-16c0-8.84-7.16-16-16-16zm-387.2-48h22.4c6.4 0 12.8-6.4 12.8-12.8v-70.4c0-6.4-6.4-12.8-12.8-12.8h-22.4c-6.4 0-12.8 6.4-12.8 12.8v70.4c0 6.4 6.4 12.8 12.8 12.8z\" class=\"\"><\/path><\/svg><\/i> <img loading=\"lazy\" decoding=\"async\" width=\"16\" height=\"16\" alt=\"Loading\" src=\"https:\/\/temucotelevision.cl\/web\/wp-content\/plugins\/page-views-count\/ajax-loader-2x.gif\" border=0 \/><\/p>\n<div class=\"pvc_clear\"><\/div>\n<p>Las autoridades convocaron a las personas con discapacidad a participar de la votaci\u00f3n, garantizando que se han tomado todas las<\/p>\n","protected":false},"author":1,"featured_media":15340,"comment_status":"open","ping_status":"open","sticky":false,"template":"","format":"standard","meta":{"colormag_page_container_layout":"default_layout","colormag_page_sidebar_layout":"default_layout","footnotes":""},"categories":[15],"tags":[1131,766,2117,2756],"class_list":["post-15339","post","type-post","status-publish","format-standard","has-post-thumbnail","hentry","category-la-araucania","tag-discapacidad","tag-personas","tag-plebiscito","tag-voto"],"a3_pvc":{"activated":true,"total_views":31,"today_views":0},"_links":{"self":[{"href":"https:\/\/temucotelevision.cl\/web\/wp-json\/wp\/v2\/posts\/15339","targetHints":{"allow":["GET"]}}],"collection":[{"href":"https:\/\/temucotelevision.cl\/web\/wp-json\/wp\/v2\/posts"}],"about":[{"href":"https:\/\/temucotelevision.cl\/web\/wp-json\/wp\/v2\/types\/post"}],"author":[{"embeddable":true,"href":"https:\/\/temucotelevision.cl\/web\/wp-json\/wp\/v2\/users\/1"}],"replies":[{"embeddable":true,"href":"https:\/\/temucotelevision.cl\/web\/wp-json\/wp\/v2\/comments?post=15339"}],"version-history":[{"count":1,"href":"https:\/\/temucotelevision.cl\/web\/wp-json\/wp\/v2\/posts\/15339\/revisions"}],"predecessor-version":[{"id":15341,"href":"https:\/\/temucotelevision.cl\/web\/wp-json\/wp\/v2\/posts\/15339\/revisions\/15341"}],"wp:featuredmedia":[{"embeddable":true,"href":"https:\/\/temucotelevision.cl\/web\/wp-json\/wp\/v2\/media\/15340"}],"wp:attachment":[{"href":"https:\/\/temucotelevision.cl\/web\/wp-json\/wp\/v2\/media?parent=15339"}],"wp:term":[{"taxonomy":"category","embeddable":true,"href":"https:\/\/temucotelevision.cl\/web\/wp-json\/wp\/v2\/categories?post=15339"},{"taxonomy":"post_tag","embeddable":true,"href":"https:\/\/temucotelevision.cl\/web\/wp-json\/wp\/v2\/tags?post=15339"}],"curies":[{"name":"wp","href":"https:\/\/api.w.org\/{rel}","templated":true}]}}