{"id":13162,"date":"2020-08-07T23:32:03","date_gmt":"2020-08-08T02:32:03","guid":{"rendered":"https:\/\/temucotelevision.cl\/web\/?p=13162"},"modified":"2020-08-07T23:32:05","modified_gmt":"2020-08-08T02:32:05","slug":"intendente-manoli-se-reune-con-ex-autoridades-y-sella-acuerdo-de-trabajo-para-alcanzar-la-paz-en-la-araucania%ef%bb%bf","status":"publish","type":"post","link":"https:\/\/temucotelevision.cl\/web\/2020\/08\/07\/intendente-manoli-se-reune-con-ex-autoridades-y-sella-acuerdo-de-trabajo-para-alcanzar-la-paz-en-la-araucania%ef%bb%bf\/","title":{"rendered":"Intendente Manoli se re\u00fane con ex autoridades y sella acuerdo de trabajo para alcanzar la paz en La Araucan\u00eda\ufeff"},"content":{"rendered":"<div class=\"pvc_clear\"><\/div><p id=\"pvc_stats_13162\" class=\"pvc_stats total_only  \" data-element-id=\"13162\" style=\"\"><i class=\"pvc-stats-icon large\" aria-hidden=\"true\"><svg aria-hidden=\"true\" focusable=\"false\" data-prefix=\"far\" data-icon=\"chart-bar\" role=\"img\" xmlns=\"http:\/\/www.w3.org\/2000\/svg\" viewBox=\"0 0 512 512\" class=\"svg-inline--fa fa-chart-bar fa-w-16 fa-2x\"><path fill=\"currentColor\" d=\"M396.8 352h22.4c6.4 0 12.8-6.4 12.8-12.8V108.8c0-6.4-6.4-12.8-12.8-12.8h-22.4c-6.4 0-12.8 6.4-12.8 12.8v230.4c0 6.4 6.4 12.8 12.8 12.8zm-192 0h22.4c6.4 0 12.8-6.4 12.8-12.8V140.8c0-6.4-6.4-12.8-12.8-12.8h-22.4c-6.4 0-12.8 6.4-12.8 12.8v198.4c0 6.4 6.4 12.8 12.8 12.8zm96 0h22.4c6.4 0 12.8-6.4 12.8-12.8V204.8c0-6.4-6.4-12.8-12.8-12.8h-22.4c-6.4 0-12.8 6.4-12.8 12.8v134.4c0 6.4 6.4 12.8 12.8 12.8zM496 400H48V80c0-8.84-7.16-16-16-16H16C7.16 64 0 71.16 0 80v336c0 17.67 14.33 32 32 32h464c8.84 0 16-7.16 16-16v-16c0-8.84-7.16-16-16-16zm-387.2-48h22.4c6.4 0 12.8-6.4 12.8-12.8v-70.4c0-6.4-6.4-12.8-12.8-12.8h-22.4c-6.4 0-12.8 6.4-12.8 12.8v70.4c0 6.4 6.4 12.8 12.8 12.8z\" class=\"\"><\/path><\/svg><\/i> <img loading=\"lazy\" decoding=\"async\" width=\"16\" height=\"16\" alt=\"Loading\" src=\"https:\/\/temucotelevision.cl\/web\/wp-content\/plugins\/page-views-count\/ajax-loader-2x.gif\" border=0 \/><\/p><div class=\"pvc_clear\"><\/div>\n<p><em>Los ex jefes regionales condenaron la violencia y hacen llamado al Estado a restablecer el estado de derecho.<\/em><\/p>\n\n\n\n<p>Con el objetivo de intercambiar experiencias y lograr una ruta de trabajo que permita alcanzar la paz en La Araucan\u00eda, el intendente V\u00edctor Manoli convoc\u00f3 a sus antecesores regionales a una reuni\u00f3n en el contexto de los \u00faltimos hechos de violencia que se han vivido en la zona.\u00a0<\/p>\n\n\n\n<p>Durante la jornada, el jefe regional de La Araucan\u00eda, V\u00edctor Manoli agradeci\u00f3 la participaci\u00f3n de las ex autoridades indicando que \u201csin colores pol\u00edticos y con una mirada regional se ha condenado la violencia venga de donde venga. Quiero resaltar el compromiso de cada uno para seguir participando y alcanzar acuerdos que vaya en la v\u00eda de mejorar la vida de los habitantes de la regi\u00f3n de La Araucan\u00eda\u201d.<\/p>\n\n\n\n<p>&nbsp;A la reuni\u00f3n llegaron las ex autoridades oficialistas del primer y segundo Gobierno del Presidente Pi\u00f1era como Andr\u00e9s Molina, Jorge Att\u00f3n y Luis Mayol. Adem\u00e1s, estuvo presente Ricardo C\u00e9lis, Eduardo Klein y v\u00eda video conferencia, Andr\u00e9s Jouannet y Miguel Hern\u00e1ndez, ex jefes regionales de los gobiernos de la Concertaci\u00f3n y Nueva Mayor\u00eda.&nbsp;<\/p>\n\n\n\n<p>Tras el encuentro, el ex intendente durante el a\u00f1o 2018, Luis Mayol se\u00f1al\u00f3 que \u201cel objetivo com\u00fan es lograr que esta regi\u00f3n recupere su crecimiento, su armon\u00eda, se destierre la violencia y se restablezca el estado de derecho para que todos podamos vivir en paz y poder desarrollarnos\u201d.&nbsp;<\/p>\n\n\n\n<p>De igual forma, el actual Diputado y ex intendente entre el a\u00f1o 2003 y 2006, Ricardo Celis rechaz\u00f3 la violencia en La Araucan\u00eda, se\u00f1alando que \u201chemos solicitado que los poderes del estado usen todos los mecanismos que tienen a su disposici\u00f3n para restablecer el estado de derecho, porque la violencia no es de un solo lado, hay una violencia que es bastante transversal que alcanza la gente mapuche y no mapuche\u201d.<\/p>\n\n\n\n<p>Finalmente, destacar que tras 2 horas de reuni\u00f3n, los ex jefes regionales redactaron una declaraci\u00f3n p\u00fablica como conclusi\u00f3n de esta primera jornada de di\u00e1logo pol\u00edtico, solicitando a todos los poderes de estado trabajar por aprobar los proyectos de ley referentes al reconocimiento constitucional de los pueblos originarios y liderar un proceso de di\u00e1logo que permita restablecer la paz en La Araucan\u00eda, entre otras.<\/p>\n","protected":false},"excerpt":{"rendered":"<div class=\"pvc_clear\"><\/div>\n<p id=\"pvc_stats_13162\" class=\"pvc_stats total_only  \" data-element-id=\"13162\" style=\"\"><i class=\"pvc-stats-icon large\" aria-hidden=\"true\"><svg aria-hidden=\"true\" focusable=\"false\" data-prefix=\"far\" data-icon=\"chart-bar\" role=\"img\" xmlns=\"http:\/\/www.w3.org\/2000\/svg\" viewBox=\"0 0 512 512\" class=\"svg-inline--fa fa-chart-bar fa-w-16 fa-2x\"><path fill=\"currentColor\" d=\"M396.8 352h22.4c6.4 0 12.8-6.4 12.8-12.8V108.8c0-6.4-6.4-12.8-12.8-12.8h-22.4c-6.4 0-12.8 6.4-12.8 12.8v230.4c0 6.4 6.4 12.8 12.8 12.8zm-192 0h22.4c6.4 0 12.8-6.4 12.8-12.8V140.8c0-6.4-6.4-12.8-12.8-12.8h-22.4c-6.4 0-12.8 6.4-12.8 12.8v198.4c0 6.4 6.4 12.8 12.8 12.8zm96 0h22.4c6.4 0 12.8-6.4 12.8-12.8V204.8c0-6.4-6.4-12.8-12.8-12.8h-22.4c-6.4 0-12.8 6.4-12.8 12.8v134.4c0 6.4 6.4 12.8 12.8 12.8zM496 400H48V80c0-8.84-7.16-16-16-16H16C7.16 64 0 71.16 0 80v336c0 17.67 14.33 32 32 32h464c8.84 0 16-7.16 16-16v-16c0-8.84-7.16-16-16-16zm-387.2-48h22.4c6.4 0 12.8-6.4 12.8-12.8v-70.4c0-6.4-6.4-12.8-12.8-12.8h-22.4c-6.4 0-12.8 6.4-12.8 12.8v70.4c0 6.4 6.4 12.8 12.8 12.8z\" class=\"\"><\/path><\/svg><\/i> <img loading=\"lazy\" decoding=\"async\" width=\"16\" height=\"16\" alt=\"Loading\" src=\"https:\/\/temucotelevision.cl\/web\/wp-content\/plugins\/page-views-count\/ajax-loader-2x.gif\" border=0 \/><\/p>\n<div class=\"pvc_clear\"><\/div>\n<p>Los ex jefes regionales condenaron la violencia y hacen llamado al Estado a restablecer el estado de derecho. Con el<\/p>\n","protected":false},"author":1,"featured_media":13163,"comment_status":"open","ping_status":"open","sticky":false,"template":"","format":"standard","meta":{"colormag_page_container_layout":"default_layout","colormag_page_sidebar_layout":"default_layout","footnotes":""},"categories":[14],"tags":[595],"class_list":["post-13162","post","type-post","status-publish","format-standard","has-post-thumbnail","hentry","category-temuco","tag-intendente"],"a3_pvc":{"activated":true,"total_views":37,"today_views":0},"_links":{"self":[{"href":"https:\/\/temucotelevision.cl\/web\/wp-json\/wp\/v2\/posts\/13162","targetHints":{"allow":["GET"]}}],"collection":[{"href":"https:\/\/temucotelevision.cl\/web\/wp-json\/wp\/v2\/posts"}],"about":[{"href":"https:\/\/temucotelevision.cl\/web\/wp-json\/wp\/v2\/types\/post"}],"author":[{"embeddable":true,"href":"https:\/\/temucotelevision.cl\/web\/wp-json\/wp\/v2\/users\/1"}],"replies":[{"embeddable":true,"href":"https:\/\/temucotelevision.cl\/web\/wp-json\/wp\/v2\/comments?post=13162"}],"version-history":[{"count":1,"href":"https:\/\/temucotelevision.cl\/web\/wp-json\/wp\/v2\/posts\/13162\/revisions"}],"predecessor-version":[{"id":13164,"href":"https:\/\/temucotelevision.cl\/web\/wp-json\/wp\/v2\/posts\/13162\/revisions\/13164"}],"wp:featuredmedia":[{"embeddable":true,"href":"https:\/\/temucotelevision.cl\/web\/wp-json\/wp\/v2\/media\/13163"}],"wp:attachment":[{"href":"https:\/\/temucotelevision.cl\/web\/wp-json\/wp\/v2\/media?parent=13162"}],"wp:term":[{"taxonomy":"category","embeddable":true,"href":"https:\/\/temucotelevision.cl\/web\/wp-json\/wp\/v2\/categories?post=13162"},{"taxonomy":"post_tag","embeddable":true,"href":"https:\/\/temucotelevision.cl\/web\/wp-json\/wp\/v2\/tags?post=13162"}],"curies":[{"name":"wp","href":"https:\/\/api.w.org\/{rel}","templated":true}]}}