{"id":13159,"date":"2020-08-07T23:11:14","date_gmt":"2020-08-08T02:11:14","guid":{"rendered":"https:\/\/temucotelevision.cl\/web\/?p=13159"},"modified":"2020-08-07T23:14:39","modified_gmt":"2020-08-08T02:14:39","slug":"inician-estudio-de-prefactibilidad-para-el-mejoramiento-del-borde-costero-de-queule","status":"publish","type":"post","link":"https:\/\/temucotelevision.cl\/web\/2020\/08\/07\/inician-estudio-de-prefactibilidad-para-el-mejoramiento-del-borde-costero-de-queule\/","title":{"rendered":"Inician estudio de prefactibilidad para el mejoramiento del borde costero de Queule"},"content":{"rendered":"<div class=\"pvc_clear\"><\/div><p id=\"pvc_stats_13159\" class=\"pvc_stats total_only  \" data-element-id=\"13159\" style=\"\"><i class=\"pvc-stats-icon large\" aria-hidden=\"true\"><svg aria-hidden=\"true\" focusable=\"false\" data-prefix=\"far\" data-icon=\"chart-bar\" role=\"img\" xmlns=\"http:\/\/www.w3.org\/2000\/svg\" viewBox=\"0 0 512 512\" class=\"svg-inline--fa fa-chart-bar fa-w-16 fa-2x\"><path fill=\"currentColor\" d=\"M396.8 352h22.4c6.4 0 12.8-6.4 12.8-12.8V108.8c0-6.4-6.4-12.8-12.8-12.8h-22.4c-6.4 0-12.8 6.4-12.8 12.8v230.4c0 6.4 6.4 12.8 12.8 12.8zm-192 0h22.4c6.4 0 12.8-6.4 12.8-12.8V140.8c0-6.4-6.4-12.8-12.8-12.8h-22.4c-6.4 0-12.8 6.4-12.8 12.8v198.4c0 6.4 6.4 12.8 12.8 12.8zm96 0h22.4c6.4 0 12.8-6.4 12.8-12.8V204.8c0-6.4-6.4-12.8-12.8-12.8h-22.4c-6.4 0-12.8 6.4-12.8 12.8v134.4c0 6.4 6.4 12.8 12.8 12.8zM496 400H48V80c0-8.84-7.16-16-16-16H16C7.16 64 0 71.16 0 80v336c0 17.67 14.33 32 32 32h464c8.84 0 16-7.16 16-16v-16c0-8.84-7.16-16-16-16zm-387.2-48h22.4c6.4 0 12.8-6.4 12.8-12.8v-70.4c0-6.4-6.4-12.8-12.8-12.8h-22.4c-6.4 0-12.8 6.4-12.8 12.8v70.4c0 6.4 6.4 12.8 12.8 12.8z\" class=\"\"><\/path><\/svg><\/i> <img loading=\"lazy\" decoding=\"async\" width=\"16\" height=\"16\" alt=\"Loading\" src=\"https:\/\/temucotelevision.cl\/web\/wp-content\/plugins\/page-views-count\/ajax-loader-2x.gif\" border=0 \/><\/p><div class=\"pvc_clear\"><\/div>\n<p>Transformar la Caleta Queule en la comuna de Tolt\u00e9n y adaptarla para el desarrollo de la producci\u00f3n pesquera y habilitar zonas c\u00edvicas para los habitantes y turistas es la iniciativa que se comenz\u00f3 a ejecutar a trav\u00e9s de la realizaci\u00f3n del dise\u00f1o de esta obra. Actualmente la Caleta Queule, produce el 95 por ciento de pesca de la regi\u00f3n de La Araucan\u00eda y se proyecta como un centro tur\u00edstico a base de sus paisajes y oferta gastron\u00f3mica.&nbsp;<\/p>\n\n\n\n<p>El objetivo de este estudio es proponer una zonificaci\u00f3n en el borde costero de la caleta Queule que permita un uso sostenible y equilibrado de las actividades desarrolladas en el sector, considerando su proyecci\u00f3n en el tiempo. El trabajo cuenta con la participaci\u00f3n de la comunidad y est\u00e1 a cargo de BBS Consultores por mandato de la Direcci\u00f3n de Obras Portuarias del Ministerio de Obras P\u00fablicas.&nbsp;<\/p>\n\n\n\n<p>Mejorar las condiciones de infraestructura del borde costero, para lograr un uso m\u00e1s eficiente y ordenado para actividades de pesca, turismo, comercio y recreaci\u00f3n es el objetivo de este estudio que se inici\u00f3. Para ello, el equipo consultor en conjunto con la Direcci\u00f3n de Obras Portuarias del MOP planific\u00f3 una serie de actividades, para relevar la participaci\u00f3n de organizaciones, l\u00edderes vecinales, dirigentes sociales, agrupaciones y comunidad en general, que permitan levantar requerimientos y necesidades a abordar durante esta etapa del proyecto.&nbsp;<\/p>\n\n\n\n<p>Considerando las actuales condiciones sanitarias producto de la emergencia por COVID-19, se han tenido que adaptar las actividades de participaci\u00f3n ciudadana para lograr la meta al final del estudio que es contar con una propuesta de zonificaci\u00f3n del borde costero que est\u00e9 consensuado por la comunidad.&nbsp;<\/p>\n\n\n\n<p>El alcalde de la comuna Guillermo Mart\u00ednez Soto, expres\u00f3 que \u201ceste es el inicio de la transformaci\u00f3n del borde costero de la Caleta Queule, hoy se inicia un ansiado proyecto que va transformar y mejorar la calidad de vida de nuestros vecinos y mejora las condiciones de los habitantes y lo principal que son los vecinos quienes van a opinar sobre las obras que deben ser ejecutadas\u201d.&nbsp;<\/p>\n\n\n\n<p>El estudio de prefactibilidad del mejoramiento del borde costero de Queule tiene un plazo de ejecuci\u00f3n de 325 d\u00edas y estar\u00e1 a cargo de BBS Consultores. Por \u00faltimo, el alcalde de Tolt\u00e9n manifest\u00f3 que \u201cinvitamos a los vecinos y vecinas que se participen en las reuniones para que en conjunto dise\u00f1emos este proyecto que va mejor la infraestructura p\u00fablica que va traer beneficio para el trabajo diario de los pescadores y la comunidad en general\u201d.<\/p>\n","protected":false},"excerpt":{"rendered":"<div class=\"pvc_clear\"><\/div>\n<p id=\"pvc_stats_13159\" class=\"pvc_stats total_only  \" data-element-id=\"13159\" style=\"\"><i class=\"pvc-stats-icon large\" aria-hidden=\"true\"><svg aria-hidden=\"true\" focusable=\"false\" data-prefix=\"far\" data-icon=\"chart-bar\" role=\"img\" xmlns=\"http:\/\/www.w3.org\/2000\/svg\" viewBox=\"0 0 512 512\" class=\"svg-inline--fa fa-chart-bar fa-w-16 fa-2x\"><path fill=\"currentColor\" d=\"M396.8 352h22.4c6.4 0 12.8-6.4 12.8-12.8V108.8c0-6.4-6.4-12.8-12.8-12.8h-22.4c-6.4 0-12.8 6.4-12.8 12.8v230.4c0 6.4 6.4 12.8 12.8 12.8zm-192 0h22.4c6.4 0 12.8-6.4 12.8-12.8V140.8c0-6.4-6.4-12.8-12.8-12.8h-22.4c-6.4 0-12.8 6.4-12.8 12.8v198.4c0 6.4 6.4 12.8 12.8 12.8zm96 0h22.4c6.4 0 12.8-6.4 12.8-12.8V204.8c0-6.4-6.4-12.8-12.8-12.8h-22.4c-6.4 0-12.8 6.4-12.8 12.8v134.4c0 6.4 6.4 12.8 12.8 12.8zM496 400H48V80c0-8.84-7.16-16-16-16H16C7.16 64 0 71.16 0 80v336c0 17.67 14.33 32 32 32h464c8.84 0 16-7.16 16-16v-16c0-8.84-7.16-16-16-16zm-387.2-48h22.4c6.4 0 12.8-6.4 12.8-12.8v-70.4c0-6.4-6.4-12.8-12.8-12.8h-22.4c-6.4 0-12.8 6.4-12.8 12.8v70.4c0 6.4 6.4 12.8 12.8 12.8z\" class=\"\"><\/path><\/svg><\/i> <img loading=\"lazy\" decoding=\"async\" width=\"16\" height=\"16\" alt=\"Loading\" src=\"https:\/\/temucotelevision.cl\/web\/wp-content\/plugins\/page-views-count\/ajax-loader-2x.gif\" border=0 \/><\/p>\n<div class=\"pvc_clear\"><\/div>\n<p>Transformar la Caleta Queule en la comuna de Tolt\u00e9n y adaptarla para el desarrollo de la producci\u00f3n pesquera y habilitar<\/p>\n","protected":false},"author":1,"featured_media":13160,"comment_status":"open","ping_status":"open","sticky":false,"template":"","format":"standard","meta":{"colormag_page_container_layout":"default_layout","colormag_page_sidebar_layout":"default_layout","footnotes":""},"categories":[15],"tags":[954],"class_list":["post-13159","post","type-post","status-publish","format-standard","has-post-thumbnail","hentry","category-la-araucania","tag-estudio"],"a3_pvc":{"activated":true,"total_views":39,"today_views":0},"_links":{"self":[{"href":"https:\/\/temucotelevision.cl\/web\/wp-json\/wp\/v2\/posts\/13159","targetHints":{"allow":["GET"]}}],"collection":[{"href":"https:\/\/temucotelevision.cl\/web\/wp-json\/wp\/v2\/posts"}],"about":[{"href":"https:\/\/temucotelevision.cl\/web\/wp-json\/wp\/v2\/types\/post"}],"author":[{"embeddable":true,"href":"https:\/\/temucotelevision.cl\/web\/wp-json\/wp\/v2\/users\/1"}],"replies":[{"embeddable":true,"href":"https:\/\/temucotelevision.cl\/web\/wp-json\/wp\/v2\/comments?post=13159"}],"version-history":[{"count":1,"href":"https:\/\/temucotelevision.cl\/web\/wp-json\/wp\/v2\/posts\/13159\/revisions"}],"predecessor-version":[{"id":13161,"href":"https:\/\/temucotelevision.cl\/web\/wp-json\/wp\/v2\/posts\/13159\/revisions\/13161"}],"wp:featuredmedia":[{"embeddable":true,"href":"https:\/\/temucotelevision.cl\/web\/wp-json\/wp\/v2\/media\/13160"}],"wp:attachment":[{"href":"https:\/\/temucotelevision.cl\/web\/wp-json\/wp\/v2\/media?parent=13159"}],"wp:term":[{"taxonomy":"category","embeddable":true,"href":"https:\/\/temucotelevision.cl\/web\/wp-json\/wp\/v2\/categories?post=13159"},{"taxonomy":"post_tag","embeddable":true,"href":"https:\/\/temucotelevision.cl\/web\/wp-json\/wp\/v2\/tags?post=13159"}],"curies":[{"name":"wp","href":"https:\/\/api.w.org\/{rel}","templated":true}]}}