{"id":13156,"date":"2020-08-07T22:59:24","date_gmt":"2020-08-08T01:59:24","guid":{"rendered":"https:\/\/temucotelevision.cl\/web\/?p=13156"},"modified":"2020-08-07T23:02:56","modified_gmt":"2020-08-08T02:02:56","slug":"fonasa-recuerda-beneficios-para-los-adultos-mayores%ef%bb%bf","status":"publish","type":"post","link":"https:\/\/temucotelevision.cl\/web\/2020\/08\/07\/fonasa-recuerda-beneficios-para-los-adultos-mayores%ef%bb%bf\/","title":{"rendered":"Fonasa recuerda beneficios para los Adultos Mayores\ufeff"},"content":{"rendered":"<div class=\"pvc_clear\"><\/div><p id=\"pvc_stats_13156\" class=\"pvc_stats total_only  \" data-element-id=\"13156\" style=\"\"><i class=\"pvc-stats-icon large\" aria-hidden=\"true\"><svg aria-hidden=\"true\" focusable=\"false\" data-prefix=\"far\" data-icon=\"chart-bar\" role=\"img\" xmlns=\"http:\/\/www.w3.org\/2000\/svg\" viewBox=\"0 0 512 512\" class=\"svg-inline--fa fa-chart-bar fa-w-16 fa-2x\"><path fill=\"currentColor\" d=\"M396.8 352h22.4c6.4 0 12.8-6.4 12.8-12.8V108.8c0-6.4-6.4-12.8-12.8-12.8h-22.4c-6.4 0-12.8 6.4-12.8 12.8v230.4c0 6.4 6.4 12.8 12.8 12.8zm-192 0h22.4c6.4 0 12.8-6.4 12.8-12.8V140.8c0-6.4-6.4-12.8-12.8-12.8h-22.4c-6.4 0-12.8 6.4-12.8 12.8v198.4c0 6.4 6.4 12.8 12.8 12.8zm96 0h22.4c6.4 0 12.8-6.4 12.8-12.8V204.8c0-6.4-6.4-12.8-12.8-12.8h-22.4c-6.4 0-12.8 6.4-12.8 12.8v134.4c0 6.4 6.4 12.8 12.8 12.8zM496 400H48V80c0-8.84-7.16-16-16-16H16C7.16 64 0 71.16 0 80v336c0 17.67 14.33 32 32 32h464c8.84 0 16-7.16 16-16v-16c0-8.84-7.16-16-16-16zm-387.2-48h22.4c6.4 0 12.8-6.4 12.8-12.8v-70.4c0-6.4-6.4-12.8-12.8-12.8h-22.4c-6.4 0-12.8 6.4-12.8 12.8v70.4c0 6.4 6.4 12.8 12.8 12.8z\" class=\"\"><\/path><\/svg><\/i> <img loading=\"lazy\" decoding=\"async\" width=\"16\" height=\"16\" alt=\"Loading\" src=\"https:\/\/temucotelevision.cl\/web\/wp-content\/plugins\/page-views-count\/ajax-loader-2x.gif\" border=0 \/><\/p><div class=\"pvc_clear\"><\/div>\n<p>A los adultos mayores que pueden incorporarse a Fonasa como trabajadores, pensionados o incluso como personas carentes de recursos para salud, se les recuerda que&nbsp;&nbsp;desde los 60 a\u00f1os de edad, pueden acceder a atenci\u00f3n gratuita en consultorios, centros de especialidades u hospitales p\u00fablicos sin importar su tramo de ingreso.&nbsp;<\/p>\n\n\n\n<p>M\u00e1s del 90% de los adultos mayores se encuentran en&nbsp;los grupos B, C y D, es decir tienen Gratuidad en la Red P\u00fablica y tambi\u00e9n pueden optar a atenderse con prestadores privados en convenio con el FONASA, modalidad conocida como de Libre Elecci\u00f3n (MLE).&nbsp;<\/p>\n\n\n\n<p>Si el asegurado escoge atenderse con un prestador privado en convenio o pensionado de hospital, deber\u00e1 efectuar el copago correspondiente.<\/p>\n\n\n\n<p>En el caso de los beneficiarios del grupo A (Carente de recursos) s\u00f3lo deber\u00e1n atenderse a trav\u00e9s de la Modalidad Atenci\u00f3n Institucional (MAI, es decir la Red P\u00fablica, con prestadores p\u00fablicos).&nbsp;<\/p>\n\n\n\n<p><strong>Atenci\u00f3n p\u00fablica&nbsp;<\/strong><\/p>\n\n\n\n<p>Fonasa garantiza a sus asegurados de 60 a\u00f1os y m\u00e1s gratuidad en todas las prestaciones otorgadas por la Red P\u00fablica de Salud: consultas m\u00e9dicas, ex\u00e1menes, tratamientos, intervenciones quir\u00fargicas, controles, etc. Adem\u00e1s, en el plan AUGE&nbsp;est\u00e1n incorporados problemas de salud que son dirigidos especialmente a los adultos mayores como son: Cataratas, Parkinson, artrosis de cadera y\/o rodilla leve o moderada, urgencia odontol\u00f3gica ambulatoria, salud integral. En personas de 65 a\u00f1os y m\u00e1s: hipoacusia, neumon\u00edas, vicios de refracci\u00f3n, \u00f3rtesis, endopr\u00f3tesis total de caderas.<\/p>\n\n\n\n<p>Se recuerda que<strong>&nbsp;todos los asegurados de 60 a\u00f1os tienen acceso al programa \u201c<\/strong><strong>Salud Oral Integral del Adulto\u201d<\/strong>, para lo cual deben solicitar atenci\u00f3n&nbsp;mientras la persona tenga 60 a\u00f1os. El alta se otorga cuando se han completado los procedimientos de promoci\u00f3n, prevenci\u00f3n, recuperaci\u00f3n y rehabilitaci\u00f3n que requiera el individuo.<\/p>\n\n\n\n<p><strong>Atenci\u00f3n privado en convenio<\/strong><\/p>\n\n\n\n<p>A trav\u00e9s de esta modalidad se accede a redes de profesionales de la Salud, establecimientos de salud privados y de pensionados de hospitales que est\u00e1n en convenio con Fonasa. Tambi\u00e9n puede acceder a&nbsp;atenci\u00f3n Integral de enfermer\u00eda en domicilio especialmente requerida en caso de pacientes postrados y terminales, evaluaci\u00f3n, curaci\u00f3n simple, toma de muestras para ex\u00e1menes, y otros.<\/p>\n\n\n\n<p>En esta misma modalidad puede elegir atenderse a trav\u00e9s del&nbsp;<strong>PAD&nbsp;<\/strong>(Programa Asociado a Diagn\u00f3stico)<strong>&nbsp;<\/strong>que es la resoluci\u00f3n&nbsp;&nbsp;integral de una enfermedad con&nbsp;<strong>un valor conocido previamente<\/strong>, es decir el copago correspondiente a la atenci\u00f3n cubre todo, entre estos est\u00e1n: Hernia abdominal complicada, hiperplasia de la pr\u00f3stata, cataratas, prolapso anterior o posterior, aneurismas, cirug\u00eda refractiva de c\u00f3rnea con l\u00e1ser excimer, osteos\u00edntesis&nbsp;&nbsp;muslo, fracturas de extremidades, contractura Dupuytren, etc.<\/p>\n\n\n\n<p>Adem\u00e1s los adultos mayores pueden tener acceso a la bonificaci\u00f3n de lentes y aud\u00edfonos desde los 55 a\u00f1os.<\/p>\n\n\n\n<p><strong>Incorporarse a Fonasa<\/strong><\/p>\n\n\n\n<p>Para incorporarse los pensionados deben presentar en cualquier sucursal o en el sitio www.fonasa.cl su c\u00e9dula de identidad, su \u00faltima colilla de pago de pensi\u00f3n y si fuera el caso, una carta de desafiliaci\u00f3n entregada por la isapre respectiva. El tr\u00e1mite puede ser realizado por un tercero con un poder simple. Si adem\u00e1s se necesita inscribir cargas, se debe presentar la autorizaci\u00f3n que emite la entidad pagadora de la pensi\u00f3n (AFP, INP\/IPS o compa\u00f1\u00eda de seguro).<\/p>\n\n\n\n<p>Fonasa protege de manera especial a los adultos mayores m\u00e1s vulnerables. Por eso los pensionados de m\u00e1s de 65 a\u00f1os que pertenecen a los cuatro primeros quintiles de la poblaci\u00f3n, est\u00e1n exentos del pago de cotizaciones para salud y de todas formas cuentan con los mismos derechos y cobertura de los dem\u00e1s cotizantes y adultos mayores. Por otra parte, los mayores de 65 que no tienen fuente de ingresos y viven a expensas de un hijo, nieto o bisnieto pueden ser carga de ese titular. Tambi\u00e9n una mujer viuda puede ser carga de un hijo si depende econ\u00f3micamente de \u00e9ste, sin requisito de edad.<\/p>\n\n\n\n<p>Consulte&nbsp;<\/p>\n\n\n\n<p>El tr\u00e1mite se puede hacer sin salir de casa, en&nbsp;<a href=\"http:\/\/www.fonasa.cl\/\">www.fonasa.cl<\/a>, y tambi\u00e9n puedes&nbsp;<strong>comunicarte&nbsp;con nuestras asesoras digitales<\/strong>&nbsp;a trav\u00e9s de un mensaje directo en&nbsp;nuestras redes sociales en Twitter&nbsp;<a href=\"https:\/\/twitter.com\/ayudafonasa\">@AyudaFonasa<\/a>, Instagram&nbsp;<a href=\"https:\/\/www.instagram.com\/fonasachile\/\">@fonasachile<\/a>&nbsp;o Facebook&nbsp;<a href=\"https:\/\/www.facebook.com\/FonasaChile\/\">Fonasa Chile<\/a>&nbsp;para recibir atenci\u00f3n personalizada.<\/p>\n","protected":false},"excerpt":{"rendered":"<div class=\"pvc_clear\"><\/div>\n<p id=\"pvc_stats_13156\" class=\"pvc_stats total_only  \" data-element-id=\"13156\" style=\"\"><i class=\"pvc-stats-icon large\" aria-hidden=\"true\"><svg aria-hidden=\"true\" focusable=\"false\" data-prefix=\"far\" data-icon=\"chart-bar\" role=\"img\" xmlns=\"http:\/\/www.w3.org\/2000\/svg\" viewBox=\"0 0 512 512\" class=\"svg-inline--fa fa-chart-bar fa-w-16 fa-2x\"><path fill=\"currentColor\" d=\"M396.8 352h22.4c6.4 0 12.8-6.4 12.8-12.8V108.8c0-6.4-6.4-12.8-12.8-12.8h-22.4c-6.4 0-12.8 6.4-12.8 12.8v230.4c0 6.4 6.4 12.8 12.8 12.8zm-192 0h22.4c6.4 0 12.8-6.4 12.8-12.8V140.8c0-6.4-6.4-12.8-12.8-12.8h-22.4c-6.4 0-12.8 6.4-12.8 12.8v198.4c0 6.4 6.4 12.8 12.8 12.8zm96 0h22.4c6.4 0 12.8-6.4 12.8-12.8V204.8c0-6.4-6.4-12.8-12.8-12.8h-22.4c-6.4 0-12.8 6.4-12.8 12.8v134.4c0 6.4 6.4 12.8 12.8 12.8zM496 400H48V80c0-8.84-7.16-16-16-16H16C7.16 64 0 71.16 0 80v336c0 17.67 14.33 32 32 32h464c8.84 0 16-7.16 16-16v-16c0-8.84-7.16-16-16-16zm-387.2-48h22.4c6.4 0 12.8-6.4 12.8-12.8v-70.4c0-6.4-6.4-12.8-12.8-12.8h-22.4c-6.4 0-12.8 6.4-12.8 12.8v70.4c0 6.4 6.4 12.8 12.8 12.8z\" class=\"\"><\/path><\/svg><\/i> <img loading=\"lazy\" decoding=\"async\" width=\"16\" height=\"16\" alt=\"Loading\" src=\"https:\/\/temucotelevision.cl\/web\/wp-content\/plugins\/page-views-count\/ajax-loader-2x.gif\" border=0 \/><\/p>\n<div class=\"pvc_clear\"><\/div>\n<p>A los adultos mayores que pueden incorporarse a Fonasa como trabajadores, pensionados o incluso como personas carentes de recursos para<\/p>\n","protected":false},"author":1,"featured_media":13157,"comment_status":"open","ping_status":"open","sticky":false,"template":"","format":"standard","meta":{"colormag_page_container_layout":"default_layout","colormag_page_sidebar_layout":"default_layout","footnotes":""},"categories":[15],"tags":[2141],"class_list":["post-13156","post","type-post","status-publish","format-standard","has-post-thumbnail","hentry","category-la-araucania","tag-fonasa"],"a3_pvc":{"activated":true,"total_views":39,"today_views":0},"_links":{"self":[{"href":"https:\/\/temucotelevision.cl\/web\/wp-json\/wp\/v2\/posts\/13156","targetHints":{"allow":["GET"]}}],"collection":[{"href":"https:\/\/temucotelevision.cl\/web\/wp-json\/wp\/v2\/posts"}],"about":[{"href":"https:\/\/temucotelevision.cl\/web\/wp-json\/wp\/v2\/types\/post"}],"author":[{"embeddable":true,"href":"https:\/\/temucotelevision.cl\/web\/wp-json\/wp\/v2\/users\/1"}],"replies":[{"embeddable":true,"href":"https:\/\/temucotelevision.cl\/web\/wp-json\/wp\/v2\/comments?post=13156"}],"version-history":[{"count":1,"href":"https:\/\/temucotelevision.cl\/web\/wp-json\/wp\/v2\/posts\/13156\/revisions"}],"predecessor-version":[{"id":13158,"href":"https:\/\/temucotelevision.cl\/web\/wp-json\/wp\/v2\/posts\/13156\/revisions\/13158"}],"wp:featuredmedia":[{"embeddable":true,"href":"https:\/\/temucotelevision.cl\/web\/wp-json\/wp\/v2\/media\/13157"}],"wp:attachment":[{"href":"https:\/\/temucotelevision.cl\/web\/wp-json\/wp\/v2\/media?parent=13156"}],"wp:term":[{"taxonomy":"category","embeddable":true,"href":"https:\/\/temucotelevision.cl\/web\/wp-json\/wp\/v2\/categories?post=13156"},{"taxonomy":"post_tag","embeddable":true,"href":"https:\/\/temucotelevision.cl\/web\/wp-json\/wp\/v2\/tags?post=13156"}],"curies":[{"name":"wp","href":"https:\/\/api.w.org\/{rel}","templated":true}]}}