{"id":13144,"date":"2020-08-07T21:36:34","date_gmt":"2020-08-08T00:36:34","guid":{"rendered":"https:\/\/temucotelevision.cl\/web\/?p=13144"},"modified":"2020-08-07T21:54:16","modified_gmt":"2020-08-08T00:54:16","slug":"camioneros-declaracion-por-protesta-en-peaje-las-maicas-ruta-5-sur","status":"publish","type":"post","link":"https:\/\/temucotelevision.cl\/web\/2020\/08\/07\/camioneros-declaracion-por-protesta-en-peaje-las-maicas-ruta-5-sur\/","title":{"rendered":"Camioneros: declaraci\u00f3n por protesta en peaje Las Maicas Ruta 5 Sur"},"content":{"rendered":"<div class=\"pvc_clear\"><\/div><p id=\"pvc_stats_13144\" class=\"pvc_stats total_only  \" data-element-id=\"13144\" style=\"\"><i class=\"pvc-stats-icon large\" aria-hidden=\"true\"><svg aria-hidden=\"true\" focusable=\"false\" data-prefix=\"far\" data-icon=\"chart-bar\" role=\"img\" xmlns=\"http:\/\/www.w3.org\/2000\/svg\" viewBox=\"0 0 512 512\" class=\"svg-inline--fa fa-chart-bar fa-w-16 fa-2x\"><path fill=\"currentColor\" d=\"M396.8 352h22.4c6.4 0 12.8-6.4 12.8-12.8V108.8c0-6.4-6.4-12.8-12.8-12.8h-22.4c-6.4 0-12.8 6.4-12.8 12.8v230.4c0 6.4 6.4 12.8 12.8 12.8zm-192 0h22.4c6.4 0 12.8-6.4 12.8-12.8V140.8c0-6.4-6.4-12.8-12.8-12.8h-22.4c-6.4 0-12.8 6.4-12.8 12.8v198.4c0 6.4 6.4 12.8 12.8 12.8zm96 0h22.4c6.4 0 12.8-6.4 12.8-12.8V204.8c0-6.4-6.4-12.8-12.8-12.8h-22.4c-6.4 0-12.8 6.4-12.8 12.8v134.4c0 6.4 6.4 12.8 12.8 12.8zM496 400H48V80c0-8.84-7.16-16-16-16H16C7.16 64 0 71.16 0 80v336c0 17.67 14.33 32 32 32h464c8.84 0 16-7.16 16-16v-16c0-8.84-7.16-16-16-16zm-387.2-48h22.4c6.4 0 12.8-6.4 12.8-12.8v-70.4c0-6.4-6.4-12.8-12.8-12.8h-22.4c-6.4 0-12.8 6.4-12.8 12.8v70.4c0 6.4 6.4 12.8 12.8 12.8z\" class=\"\"><\/path><\/svg><\/i> <img loading=\"lazy\" decoding=\"async\" width=\"16\" height=\"16\" alt=\"Loading\" src=\"https:\/\/temucotelevision.cl\/web\/wp-content\/plugins\/page-views-count\/ajax-loader-2x.gif\" border=0 \/><\/p><div class=\"pvc_clear\"><\/div>\n<p><strong>Gremio comprende malestar de conductores que se est\u00e1 expresando contra la violencia en las&nbsp; rutas<\/strong><\/p>\n\n\n\n<p>En relaci\u00f3n a los hechos de violencia armada con atentados incendiarios contra camioneros y conductores, que el d\u00eda de hoy han motivado una protesta pac\u00edfica en el peaje de Las Maicas, Ruta 5 Sur, esta Confederaci\u00f3n expresa lo siguiente:<\/p>\n\n\n\n<p>1.- Comparte y adhiere a la molestia de los camioneros, tanto due\u00f1os como choferes, por el clima de extrema y creciente inseguridad en las regiones del Sur, especialmente en la Araucan\u00eda y provincia de Arauco.<\/p>\n\n\n\n<p>2.- Repudia los continuos atentados de que el gremio es objeto. Esta semana se contabilizan 20 veh\u00edculos incendiados, y con disparos al personal de nuestras empresas.<\/p>\n\n\n\n<p>3.- Denuncia esta Confederaci\u00f3n que pese a la interminable sucesi\u00f3n de ataques, no hay resultados concretos. S\u00f3lo se advierte el persistente deterioro del Estado de Derecho, mientras las autoridades no pueden garantizar la vigencia de las leyes&nbsp; y menos la seguridad de nuestra gente.<\/p>\n\n\n\n<p>4.- Insistir en que si la autoridad no es capaz de poner fin al clima de violencia en las carreteras, por razones de seguridad van a cesar de existir las garant\u00edas de&nbsp; funcionamiento de la cadena log\u00edstica, que hasta ahora se mantiene.<\/p>\n","protected":false},"excerpt":{"rendered":"<div class=\"pvc_clear\"><\/div>\n<p id=\"pvc_stats_13144\" class=\"pvc_stats total_only  \" data-element-id=\"13144\" style=\"\"><i class=\"pvc-stats-icon large\" aria-hidden=\"true\"><svg aria-hidden=\"true\" focusable=\"false\" data-prefix=\"far\" data-icon=\"chart-bar\" role=\"img\" xmlns=\"http:\/\/www.w3.org\/2000\/svg\" viewBox=\"0 0 512 512\" class=\"svg-inline--fa fa-chart-bar fa-w-16 fa-2x\"><path fill=\"currentColor\" d=\"M396.8 352h22.4c6.4 0 12.8-6.4 12.8-12.8V108.8c0-6.4-6.4-12.8-12.8-12.8h-22.4c-6.4 0-12.8 6.4-12.8 12.8v230.4c0 6.4 6.4 12.8 12.8 12.8zm-192 0h22.4c6.4 0 12.8-6.4 12.8-12.8V140.8c0-6.4-6.4-12.8-12.8-12.8h-22.4c-6.4 0-12.8 6.4-12.8 12.8v198.4c0 6.4 6.4 12.8 12.8 12.8zm96 0h22.4c6.4 0 12.8-6.4 12.8-12.8V204.8c0-6.4-6.4-12.8-12.8-12.8h-22.4c-6.4 0-12.8 6.4-12.8 12.8v134.4c0 6.4 6.4 12.8 12.8 12.8zM496 400H48V80c0-8.84-7.16-16-16-16H16C7.16 64 0 71.16 0 80v336c0 17.67 14.33 32 32 32h464c8.84 0 16-7.16 16-16v-16c0-8.84-7.16-16-16-16zm-387.2-48h22.4c6.4 0 12.8-6.4 12.8-12.8v-70.4c0-6.4-6.4-12.8-12.8-12.8h-22.4c-6.4 0-12.8 6.4-12.8 12.8v70.4c0 6.4 6.4 12.8 12.8 12.8z\" class=\"\"><\/path><\/svg><\/i> <img loading=\"lazy\" decoding=\"async\" width=\"16\" height=\"16\" alt=\"Loading\" src=\"https:\/\/temucotelevision.cl\/web\/wp-content\/plugins\/page-views-count\/ajax-loader-2x.gif\" border=0 \/><\/p>\n<div class=\"pvc_clear\"><\/div>\n<p>Gremio comprende malestar de conductores que se est\u00e1 expresando contra la violencia en las&nbsp; rutas En relaci\u00f3n a los hechos<\/p>\n","protected":false},"author":1,"featured_media":13137,"comment_status":"open","ping_status":"open","sticky":false,"template":"","format":"standard","meta":{"colormag_page_container_layout":"default_layout","colormag_page_sidebar_layout":"default_layout","footnotes":""},"categories":[101],"tags":[2818],"class_list":["post-13144","post","type-post","status-publish","format-standard","has-post-thumbnail","hentry","category-actualidad","tag-gremio"],"a3_pvc":{"activated":true,"total_views":71,"today_views":1},"_links":{"self":[{"href":"https:\/\/temucotelevision.cl\/web\/wp-json\/wp\/v2\/posts\/13144","targetHints":{"allow":["GET"]}}],"collection":[{"href":"https:\/\/temucotelevision.cl\/web\/wp-json\/wp\/v2\/posts"}],"about":[{"href":"https:\/\/temucotelevision.cl\/web\/wp-json\/wp\/v2\/types\/post"}],"author":[{"embeddable":true,"href":"https:\/\/temucotelevision.cl\/web\/wp-json\/wp\/v2\/users\/1"}],"replies":[{"embeddable":true,"href":"https:\/\/temucotelevision.cl\/web\/wp-json\/wp\/v2\/comments?post=13144"}],"version-history":[{"count":3,"href":"https:\/\/temucotelevision.cl\/web\/wp-json\/wp\/v2\/posts\/13144\/revisions"}],"predecessor-version":[{"id":13148,"href":"https:\/\/temucotelevision.cl\/web\/wp-json\/wp\/v2\/posts\/13144\/revisions\/13148"}],"wp:featuredmedia":[{"embeddable":true,"href":"https:\/\/temucotelevision.cl\/web\/wp-json\/wp\/v2\/media\/13137"}],"wp:attachment":[{"href":"https:\/\/temucotelevision.cl\/web\/wp-json\/wp\/v2\/media?parent=13144"}],"wp:term":[{"taxonomy":"category","embeddable":true,"href":"https:\/\/temucotelevision.cl\/web\/wp-json\/wp\/v2\/categories?post=13144"},{"taxonomy":"post_tag","embeddable":true,"href":"https:\/\/temucotelevision.cl\/web\/wp-json\/wp\/v2\/tags?post=13144"}],"curies":[{"name":"wp","href":"https:\/\/api.w.org\/{rel}","templated":true}]}}