{"id":13130,"date":"2020-08-07T09:00:55","date_gmt":"2020-08-07T12:00:55","guid":{"rendered":"https:\/\/temucotelevision.cl\/web\/?p=13130"},"modified":"2020-08-07T00:05:54","modified_gmt":"2020-08-07T03:05:54","slug":"alcalde-de-loncoche-se-opone-a-que-alumnos-vuelvan-a-clases-sin-seguridad-sanitaria","status":"publish","type":"post","link":"https:\/\/temucotelevision.cl\/web\/2020\/08\/07\/alcalde-de-loncoche-se-opone-a-que-alumnos-vuelvan-a-clases-sin-seguridad-sanitaria\/","title":{"rendered":"Alcalde de Loncoche se opone a que alumnos vuelvan a clases sin seguridad sanitaria"},"content":{"rendered":"<div class=\"pvc_clear\"><\/div><p id=\"pvc_stats_13130\" class=\"pvc_stats total_only  \" data-element-id=\"13130\" style=\"\"><i class=\"pvc-stats-icon large\" aria-hidden=\"true\"><svg aria-hidden=\"true\" focusable=\"false\" data-prefix=\"far\" data-icon=\"chart-bar\" role=\"img\" xmlns=\"http:\/\/www.w3.org\/2000\/svg\" viewBox=\"0 0 512 512\" class=\"svg-inline--fa fa-chart-bar fa-w-16 fa-2x\"><path fill=\"currentColor\" d=\"M396.8 352h22.4c6.4 0 12.8-6.4 12.8-12.8V108.8c0-6.4-6.4-12.8-12.8-12.8h-22.4c-6.4 0-12.8 6.4-12.8 12.8v230.4c0 6.4 6.4 12.8 12.8 12.8zm-192 0h22.4c6.4 0 12.8-6.4 12.8-12.8V140.8c0-6.4-6.4-12.8-12.8-12.8h-22.4c-6.4 0-12.8 6.4-12.8 12.8v198.4c0 6.4 6.4 12.8 12.8 12.8zm96 0h22.4c6.4 0 12.8-6.4 12.8-12.8V204.8c0-6.4-6.4-12.8-12.8-12.8h-22.4c-6.4 0-12.8 6.4-12.8 12.8v134.4c0 6.4 6.4 12.8 12.8 12.8zM496 400H48V80c0-8.84-7.16-16-16-16H16C7.16 64 0 71.16 0 80v336c0 17.67 14.33 32 32 32h464c8.84 0 16-7.16 16-16v-16c0-8.84-7.16-16-16-16zm-387.2-48h22.4c6.4 0 12.8-6.4 12.8-12.8v-70.4c0-6.4-6.4-12.8-12.8-12.8h-22.4c-6.4 0-12.8 6.4-12.8 12.8v70.4c0 6.4 6.4 12.8 12.8 12.8z\" class=\"\"><\/path><\/svg><\/i> <img loading=\"lazy\" decoding=\"async\" width=\"16\" height=\"16\" alt=\"Loading\" src=\"https:\/\/temucotelevision.cl\/web\/wp-content\/plugins\/page-views-count\/ajax-loader-2x.gif\" border=0 \/><\/p><div class=\"pvc_clear\"><\/div>\n<p>Con el objetivo de mantener resguardado a&nbsp; los estudiantes de la comuna y debido a las inquietudes de los apoderados, es que el alcalde de Loncoche, Ricardo Pe\u00f1a, inform\u00f3 su oposici\u00f3n que los estudiantes vuelvan a clases presenciales en los establecimientos educacionales municipales de la comuna mientras no est\u00e9n dadas las condiciones sanitarias.&nbsp;<\/p>\n\n\n\n<p>De acuerdo a lo manifestado por el edil, \u201choy no est\u00e1n las condiciones de seguridad ante esta pandemia y no podemos exponer a nuestros alumnos para que vuelvan a clases. Debemos garantizar la salud de los estudiantes y tambi\u00e9n de sus familias contra este virus que a\u00fan est\u00e1 activo\u201d, asegur\u00f3 el alcalde.<\/p>\n\n\n\n<p>Ricardo Pe\u00f1a, asegur\u00f3 que durante este a\u00f1o se ha estado trabajando en apoyar a los alumnos con teletrabajo, por ejemplo con la entrega de notebook y tablet gratuitos, as\u00ed como tambi\u00e9n acceso a internet y a todos los contenidos de los estudiantes.<\/p>\n\n\n\n<p>\u201cPor lo mismo hemos tomado la decisi\u00f3n que los estudiantes no vuelvan a clases porque hoy lo importante es la salud y ello todav\u00eda no lo podemos garantizar. Nos importa que cada uno de los estudiantes y apoderados se sientan seguros y por lo mismo los vamos a proteger ante esta pandemia\u201d asegur\u00f3 el alcalde.<\/p>\n\n\n\n<p><\/p>\n","protected":false},"excerpt":{"rendered":"<div class=\"pvc_clear\"><\/div>\n<p id=\"pvc_stats_13130\" class=\"pvc_stats total_only  \" data-element-id=\"13130\" style=\"\"><i class=\"pvc-stats-icon large\" aria-hidden=\"true\"><svg aria-hidden=\"true\" focusable=\"false\" data-prefix=\"far\" data-icon=\"chart-bar\" role=\"img\" xmlns=\"http:\/\/www.w3.org\/2000\/svg\" viewBox=\"0 0 512 512\" class=\"svg-inline--fa fa-chart-bar fa-w-16 fa-2x\"><path fill=\"currentColor\" d=\"M396.8 352h22.4c6.4 0 12.8-6.4 12.8-12.8V108.8c0-6.4-6.4-12.8-12.8-12.8h-22.4c-6.4 0-12.8 6.4-12.8 12.8v230.4c0 6.4 6.4 12.8 12.8 12.8zm-192 0h22.4c6.4 0 12.8-6.4 12.8-12.8V140.8c0-6.4-6.4-12.8-12.8-12.8h-22.4c-6.4 0-12.8 6.4-12.8 12.8v198.4c0 6.4 6.4 12.8 12.8 12.8zm96 0h22.4c6.4 0 12.8-6.4 12.8-12.8V204.8c0-6.4-6.4-12.8-12.8-12.8h-22.4c-6.4 0-12.8 6.4-12.8 12.8v134.4c0 6.4 6.4 12.8 12.8 12.8zM496 400H48V80c0-8.84-7.16-16-16-16H16C7.16 64 0 71.16 0 80v336c0 17.67 14.33 32 32 32h464c8.84 0 16-7.16 16-16v-16c0-8.84-7.16-16-16-16zm-387.2-48h22.4c6.4 0 12.8-6.4 12.8-12.8v-70.4c0-6.4-6.4-12.8-12.8-12.8h-22.4c-6.4 0-12.8 6.4-12.8 12.8v70.4c0 6.4 6.4 12.8 12.8 12.8z\" class=\"\"><\/path><\/svg><\/i> <img loading=\"lazy\" decoding=\"async\" width=\"16\" height=\"16\" alt=\"Loading\" src=\"https:\/\/temucotelevision.cl\/web\/wp-content\/plugins\/page-views-count\/ajax-loader-2x.gif\" border=0 \/><\/p>\n<div class=\"pvc_clear\"><\/div>\n<p>Con el objetivo de mantener resguardado a&nbsp; los estudiantes de la comuna y debido a las inquietudes de los apoderados,<\/p>\n","protected":false},"author":1,"featured_media":13131,"comment_status":"open","ping_status":"open","sticky":false,"template":"","format":"standard","meta":{"colormag_page_container_layout":"default_layout","colormag_page_sidebar_layout":"default_layout","footnotes":""},"categories":[15],"tags":[202,659],"class_list":["post-13130","post","type-post","status-publish","format-standard","has-post-thumbnail","hentry","category-la-araucania","tag-alcalde","tag-clases"],"a3_pvc":{"activated":true,"total_views":47,"today_views":0},"_links":{"self":[{"href":"https:\/\/temucotelevision.cl\/web\/wp-json\/wp\/v2\/posts\/13130","targetHints":{"allow":["GET"]}}],"collection":[{"href":"https:\/\/temucotelevision.cl\/web\/wp-json\/wp\/v2\/posts"}],"about":[{"href":"https:\/\/temucotelevision.cl\/web\/wp-json\/wp\/v2\/types\/post"}],"author":[{"embeddable":true,"href":"https:\/\/temucotelevision.cl\/web\/wp-json\/wp\/v2\/users\/1"}],"replies":[{"embeddable":true,"href":"https:\/\/temucotelevision.cl\/web\/wp-json\/wp\/v2\/comments?post=13130"}],"version-history":[{"count":1,"href":"https:\/\/temucotelevision.cl\/web\/wp-json\/wp\/v2\/posts\/13130\/revisions"}],"predecessor-version":[{"id":13132,"href":"https:\/\/temucotelevision.cl\/web\/wp-json\/wp\/v2\/posts\/13130\/revisions\/13132"}],"wp:featuredmedia":[{"embeddable":true,"href":"https:\/\/temucotelevision.cl\/web\/wp-json\/wp\/v2\/media\/13131"}],"wp:attachment":[{"href":"https:\/\/temucotelevision.cl\/web\/wp-json\/wp\/v2\/media?parent=13130"}],"wp:term":[{"taxonomy":"category","embeddable":true,"href":"https:\/\/temucotelevision.cl\/web\/wp-json\/wp\/v2\/categories?post=13130"},{"taxonomy":"post_tag","embeddable":true,"href":"https:\/\/temucotelevision.cl\/web\/wp-json\/wp\/v2\/tags?post=13130"}],"curies":[{"name":"wp","href":"https:\/\/api.w.org\/{rel}","templated":true}]}}