{"id":13128,"date":"2020-08-06T21:43:41","date_gmt":"2020-08-07T00:43:41","guid":{"rendered":"https:\/\/temucotelevision.cl\/web\/?p=13128"},"modified":"2020-08-06T21:43:42","modified_gmt":"2020-08-07T00:43:42","slug":"core-sandoval-destaca-voto-politico-de-rachazo-a-subestacion-nueva-metrenco-en-plc","status":"publish","type":"post","link":"https:\/\/temucotelevision.cl\/web\/2020\/08\/06\/core-sandoval-destaca-voto-politico-de-rachazo-a-subestacion-nueva-metrenco-en-plc\/","title":{"rendered":"Core Sandoval destaca voto pol\u00edtico de rachazo a Subestaci\u00f3n Nueva Metrenco en PLC"},"content":{"rendered":"<div class=\"pvc_clear\"><\/div><p id=\"pvc_stats_13128\" class=\"pvc_stats total_only  \" data-element-id=\"13128\" style=\"\"><i class=\"pvc-stats-icon large\" aria-hidden=\"true\"><svg aria-hidden=\"true\" focusable=\"false\" data-prefix=\"far\" data-icon=\"chart-bar\" role=\"img\" xmlns=\"http:\/\/www.w3.org\/2000\/svg\" viewBox=\"0 0 512 512\" class=\"svg-inline--fa fa-chart-bar fa-w-16 fa-2x\"><path fill=\"currentColor\" d=\"M396.8 352h22.4c6.4 0 12.8-6.4 12.8-12.8V108.8c0-6.4-6.4-12.8-12.8-12.8h-22.4c-6.4 0-12.8 6.4-12.8 12.8v230.4c0 6.4 6.4 12.8 12.8 12.8zm-192 0h22.4c6.4 0 12.8-6.4 12.8-12.8V140.8c0-6.4-6.4-12.8-12.8-12.8h-22.4c-6.4 0-12.8 6.4-12.8 12.8v198.4c0 6.4 6.4 12.8 12.8 12.8zm96 0h22.4c6.4 0 12.8-6.4 12.8-12.8V204.8c0-6.4-6.4-12.8-12.8-12.8h-22.4c-6.4 0-12.8 6.4-12.8 12.8v134.4c0 6.4 6.4 12.8 12.8 12.8zM496 400H48V80c0-8.84-7.16-16-16-16H16C7.16 64 0 71.16 0 80v336c0 17.67 14.33 32 32 32h464c8.84 0 16-7.16 16-16v-16c0-8.84-7.16-16-16-16zm-387.2-48h22.4c6.4 0 12.8-6.4 12.8-12.8v-70.4c0-6.4-6.4-12.8-12.8-12.8h-22.4c-6.4 0-12.8 6.4-12.8 12.8v70.4c0 6.4 6.4 12.8 12.8 12.8z\" class=\"\"><\/path><\/svg><\/i> <img loading=\"lazy\" decoding=\"async\" width=\"16\" height=\"16\" alt=\"Loading\" src=\"https:\/\/temucotelevision.cl\/web\/wp-content\/plugins\/page-views-count\/ajax-loader-2x.gif\" border=0 \/><\/p><div class=\"pvc_clear\"><\/div>\n<p>El Consejero Regional de La Araucan\u00eda, el Periodista Daniel Sandoval (FRVS) destac\u00f3 el pronunciamiento en contra del Consejo Regional, de la declaraci\u00f3n de impacto ambiental presentado en el proyecto \u201cL\u00ednea Nueva Metrenco enlace Imperial\u201d y adem\u00e1s el voto pol\u00edtico de 12 rechazos y 8 abstenciones frente a la iniciativa ya recomendada por el SEIA y aprobada por la Comisi\u00f3n de Evaluaci\u00f3n Ambiental (COEVA) en abril de 2020, sobre el proyecto Subestaci\u00f3n Nueva Metrenco (220\/66 kv)<\/p>\n\n\n\n<p>As\u00ed lo dio a conocer el Consejero Regional Daniel Sandoval (FRVS) quien sostuvo que \u201ca pesar de que nuestro pronunciamiento como cuerpo colegiado, no es vinculante, s\u00ed es una se\u00f1al clara de que estos proyectos van en la direcci\u00f3n contraria a la cohesi\u00f3n social, el respeto de la cultura y territorio de las comunidades afectadas, sumado a la falta adem\u00e1s de instrumentos de planificaci\u00f3n y ordenamiento territorial que permitan defender la vocaci\u00f3n y el tipo de desarrollo que definen los habitantes de los territorios, sobre todo en el mundo rural\u201d.<\/p>\n\n\n\n<p>Agreg\u00f3 que \u201caqu\u00ed estamos frente a una empresa que de mala fe y a espalda de las comunidades y parceleros del sector, levant\u00f3 una iniciativa que atenta con el medio ambiente, la cultura y la salud de las comunidades,&nbsp;<strong><em>proyecto que ya est\u00e1 evaluado, calificado y aprobado tras resoluci\u00f3n de calificaci\u00f3n ambiental<\/em><\/strong>, el que cuenta con una inversi\u00f3n de 13,2000 millones de d\u00f3lares adjudicada por la empresa Besalco\u201d.<\/p>\n\n\n\n<p>El proyecto en cuesti\u00f3n trata de la construcci\u00f3n de una infraestructura de subestaci\u00f3n el\u00e9ctrica de capacidad de tensi\u00f3n 66 kV que ocupar\u00e1 una superficie de 8,64 hect\u00e1reas, m\u00e1s dos l\u00edneas de alta tensi\u00f3n las que a su vez pretende abastecer de energ\u00eda a 139 torres de alta tensi\u00f3n proyectados desde Metrenco hasta Imperial.<\/p>\n\n\n\n<p>El Core Daniel Sandoval sostuvo que \u201clas instituciones del Estado en este caso no han puesto atenci\u00f3n en el convenio 169, tampoco en las afectaciones de las viviendas, mallines, cementerios, sitios de significaci\u00f3n cultural y el desarrollo rural propio de un pueblo distinto al chileno, que mantiene el equilibrio del buen vivir desde el respeto a los elementos ambientales, territoriales, culturales y espirituales\u201d, recalc\u00f3.<\/p>\n\n\n\n<p>Por otra parte, denunci\u00f3 que \u201ceste tipo de proyectos son promovidos desde malas pr\u00e1cticas empresariales y adem\u00e1s desde un supuesto Plan Impulso de este Gobierno, que responde a una estrategia de levantar proyectos energ\u00e9ticos invasivos en los territorios, como ha ido sucediendo con todas las aprobaciones de las centrales hidroel\u00e9ctricas en La Araucan\u00eda\u201d, sentenci\u00f3<\/p>\n\n\n\n<p>Por \u00faltimo, el Periodista y Core Daniel Sandoval solidariz\u00f3 con las comunidades de Renaco, Bajo, Metrenco, Cudico, Rofue, Mawidache&nbsp;&nbsp;&nbsp;&nbsp;&nbsp;&nbsp;&nbsp;&nbsp;&nbsp; , Trapilwe, Cerro Loncoche, Loncoche Plom, Mono Paine y Rapa Makewe, al tiempo de expresar su respaldo al desaf\u00edo, desde el rol de consejero regional, de rechazar este tipo de proyectos que alteran el buen vivir en territorio mapuche.<\/p>\n","protected":false},"excerpt":{"rendered":"<div class=\"pvc_clear\"><\/div>\n<p id=\"pvc_stats_13128\" class=\"pvc_stats total_only  \" data-element-id=\"13128\" style=\"\"><i class=\"pvc-stats-icon large\" aria-hidden=\"true\"><svg aria-hidden=\"true\" focusable=\"false\" data-prefix=\"far\" data-icon=\"chart-bar\" role=\"img\" xmlns=\"http:\/\/www.w3.org\/2000\/svg\" viewBox=\"0 0 512 512\" class=\"svg-inline--fa fa-chart-bar fa-w-16 fa-2x\"><path fill=\"currentColor\" d=\"M396.8 352h22.4c6.4 0 12.8-6.4 12.8-12.8V108.8c0-6.4-6.4-12.8-12.8-12.8h-22.4c-6.4 0-12.8 6.4-12.8 12.8v230.4c0 6.4 6.4 12.8 12.8 12.8zm-192 0h22.4c6.4 0 12.8-6.4 12.8-12.8V140.8c0-6.4-6.4-12.8-12.8-12.8h-22.4c-6.4 0-12.8 6.4-12.8 12.8v198.4c0 6.4 6.4 12.8 12.8 12.8zm96 0h22.4c6.4 0 12.8-6.4 12.8-12.8V204.8c0-6.4-6.4-12.8-12.8-12.8h-22.4c-6.4 0-12.8 6.4-12.8 12.8v134.4c0 6.4 6.4 12.8 12.8 12.8zM496 400H48V80c0-8.84-7.16-16-16-16H16C7.16 64 0 71.16 0 80v336c0 17.67 14.33 32 32 32h464c8.84 0 16-7.16 16-16v-16c0-8.84-7.16-16-16-16zm-387.2-48h22.4c6.4 0 12.8-6.4 12.8-12.8v-70.4c0-6.4-6.4-12.8-12.8-12.8h-22.4c-6.4 0-12.8 6.4-12.8 12.8v70.4c0 6.4 6.4 12.8 12.8 12.8z\" class=\"\"><\/path><\/svg><\/i> <img loading=\"lazy\" decoding=\"async\" width=\"16\" height=\"16\" alt=\"Loading\" src=\"https:\/\/temucotelevision.cl\/web\/wp-content\/plugins\/page-views-count\/ajax-loader-2x.gif\" border=0 \/><\/p>\n<div class=\"pvc_clear\"><\/div>\n<p>El Consejero Regional de La Araucan\u00eda, el Periodista Daniel Sandoval (FRVS) destac\u00f3 el pronunciamiento en contra del Consejo Regional, de<\/p>\n","protected":false},"author":1,"featured_media":12377,"comment_status":"open","ping_status":"open","sticky":false,"template":"","format":"standard","meta":{"colormag_page_container_layout":"default_layout","colormag_page_sidebar_layout":"default_layout","footnotes":""},"categories":[84],"tags":[2859,746,2756],"class_list":["post-13128","post","type-post","status-publish","format-standard","has-post-thumbnail","hentry","category-politica","tag-metrenco","tag-sandoval","tag-voto"],"a3_pvc":{"activated":true,"total_views":56,"today_views":0},"_links":{"self":[{"href":"https:\/\/temucotelevision.cl\/web\/wp-json\/wp\/v2\/posts\/13128","targetHints":{"allow":["GET"]}}],"collection":[{"href":"https:\/\/temucotelevision.cl\/web\/wp-json\/wp\/v2\/posts"}],"about":[{"href":"https:\/\/temucotelevision.cl\/web\/wp-json\/wp\/v2\/types\/post"}],"author":[{"embeddable":true,"href":"https:\/\/temucotelevision.cl\/web\/wp-json\/wp\/v2\/users\/1"}],"replies":[{"embeddable":true,"href":"https:\/\/temucotelevision.cl\/web\/wp-json\/wp\/v2\/comments?post=13128"}],"version-history":[{"count":1,"href":"https:\/\/temucotelevision.cl\/web\/wp-json\/wp\/v2\/posts\/13128\/revisions"}],"predecessor-version":[{"id":13129,"href":"https:\/\/temucotelevision.cl\/web\/wp-json\/wp\/v2\/posts\/13128\/revisions\/13129"}],"wp:featuredmedia":[{"embeddable":true,"href":"https:\/\/temucotelevision.cl\/web\/wp-json\/wp\/v2\/media\/12377"}],"wp:attachment":[{"href":"https:\/\/temucotelevision.cl\/web\/wp-json\/wp\/v2\/media?parent=13128"}],"wp:term":[{"taxonomy":"category","embeddable":true,"href":"https:\/\/temucotelevision.cl\/web\/wp-json\/wp\/v2\/categories?post=13128"},{"taxonomy":"post_tag","embeddable":true,"href":"https:\/\/temucotelevision.cl\/web\/wp-json\/wp\/v2\/tags?post=13128"}],"curies":[{"name":"wp","href":"https:\/\/api.w.org\/{rel}","templated":true}]}}