{"id":13124,"date":"2020-08-06T19:04:43","date_gmt":"2020-08-06T22:04:43","guid":{"rendered":"https:\/\/temucotelevision.cl\/web\/?p=13124"},"modified":"2020-08-06T19:04:47","modified_gmt":"2020-08-06T22:04:47","slug":"banda-inche-estrena-podcast-reconstruyendo-nuestra-historia","status":"publish","type":"post","link":"https:\/\/temucotelevision.cl\/web\/2020\/08\/06\/banda-inche-estrena-podcast-reconstruyendo-nuestra-historia\/","title":{"rendered":"Banda INCHE estrena Podcast \u201cReconstruyendo Nuestra Historia&#8221;"},"content":{"rendered":"<div class=\"pvc_clear\"><\/div><p id=\"pvc_stats_13124\" class=\"pvc_stats total_only  \" data-element-id=\"13124\" style=\"\"><i class=\"pvc-stats-icon large\" aria-hidden=\"true\"><svg aria-hidden=\"true\" focusable=\"false\" data-prefix=\"far\" data-icon=\"chart-bar\" role=\"img\" xmlns=\"http:\/\/www.w3.org\/2000\/svg\" viewBox=\"0 0 512 512\" class=\"svg-inline--fa fa-chart-bar fa-w-16 fa-2x\"><path fill=\"currentColor\" d=\"M396.8 352h22.4c6.4 0 12.8-6.4 12.8-12.8V108.8c0-6.4-6.4-12.8-12.8-12.8h-22.4c-6.4 0-12.8 6.4-12.8 12.8v230.4c0 6.4 6.4 12.8 12.8 12.8zm-192 0h22.4c6.4 0 12.8-6.4 12.8-12.8V140.8c0-6.4-6.4-12.8-12.8-12.8h-22.4c-6.4 0-12.8 6.4-12.8 12.8v198.4c0 6.4 6.4 12.8 12.8 12.8zm96 0h22.4c6.4 0 12.8-6.4 12.8-12.8V204.8c0-6.4-6.4-12.8-12.8-12.8h-22.4c-6.4 0-12.8 6.4-12.8 12.8v134.4c0 6.4 6.4 12.8 12.8 12.8zM496 400H48V80c0-8.84-7.16-16-16-16H16C7.16 64 0 71.16 0 80v336c0 17.67 14.33 32 32 32h464c8.84 0 16-7.16 16-16v-16c0-8.84-7.16-16-16-16zm-387.2-48h22.4c6.4 0 12.8-6.4 12.8-12.8v-70.4c0-6.4-6.4-12.8-12.8-12.8h-22.4c-6.4 0-12.8 6.4-12.8 12.8v70.4c0 6.4 6.4 12.8 12.8 12.8z\" class=\"\"><\/path><\/svg><\/i> <img loading=\"lazy\" decoding=\"async\" width=\"16\" height=\"16\" alt=\"Loading\" src=\"https:\/\/temucotelevision.cl\/web\/wp-content\/plugins\/page-views-count\/ajax-loader-2x.gif\" border=0 \/><\/p><div class=\"pvc_clear\"><\/div>\n<p>INCHE (palabra del mapudung\u00fcn que significa YO SOY), es una banda de Temuco, regi\u00f3n de la Araucan\u00eda, formada en julio del a\u00f1o 2017. Su&nbsp;<strong>trabajo musical fusiona el rock con ritmos latinoamericanos y sonidos ancestrales<\/strong>, generando una propuesta que coloca&nbsp;<strong>en valor el legado cultural del pueblo mapuche<\/strong>.<\/p>\n\n\n\n<p>La agrupaci\u00f3n musical se encuentra en una b\u00fasqueda permanente por integrar elementos de la cultura mapuche en su musicalidad, pero tambi\u00e9n poder contribuir a conocer las voces de las y los mapuches que est\u00e1n insert@s en diferentes territorios. En este contexto estrenan&nbsp;<strong>un nuevo espacio cultural por medio del formato de&nbsp;<\/strong><strong>podcast<\/strong>, titulado \u201c<strong>RECONSTRUYENDO NUESTRA HISTORIA\u201d<\/strong>,donde la tem\u00e1tica central ser\u00e1 conversar (cada 15 d\u00edas&nbsp;se estrena un nuevo episodio) sobre el concepto de&nbsp;<strong>IDENTIDAD<\/strong>, a partir de la&nbsp;<strong>experiencia&nbsp;personal y profesional&nbsp;<\/strong>de diferentes invitad@s mapuches (Luis Nitrihual Valdebenito, Angelika Llankamil, Waikil, Viviana Huili\u00f1ir Cur\u00edo, Ana Llao, entre otr@s).<\/p>\n\n\n\n<p>La ilustraci\u00f3n que acompa\u00f1a este espacio fue creada por\u00a0<strong>Paula Tikay<\/strong>,quien ha retratado la cosmovisi\u00f3n de los pueblos originarios y las costumbres del mestizaje en diferentes murales a lo largo del pa\u00eds (<a rel=\"noreferrer noopener\" href=\"https:\/\/www.instagram.com\/paulatikay\" target=\"_blank\">https:\/\/www.instagram.com\/paulatikay<\/a>).<\/p>\n\n\n\n<p><strong>PARA ESCUCHAR EL CAP\u00cdTULO N\u00daMERO 1\u00a0<\/strong>(estrenado el 31 de julio) puedes ingresar aqu\u00ed:<\/p>\n\n\n\n<iframe loading=\"lazy\" width=\"560\" height=\"315\" src=\"https:\/\/www.youtube.com\/embed\/7JJ286Iu2hs\" frameborder=\"0\" allow=\"accelerometer; autoplay; encrypted-media; gyroscope; picture-in-picture\" allowfullscreen><\/iframe>\n","protected":false},"excerpt":{"rendered":"<div class=\"pvc_clear\"><\/div>\n<p id=\"pvc_stats_13124\" class=\"pvc_stats total_only  \" data-element-id=\"13124\" style=\"\"><i class=\"pvc-stats-icon large\" aria-hidden=\"true\"><svg aria-hidden=\"true\" focusable=\"false\" data-prefix=\"far\" data-icon=\"chart-bar\" role=\"img\" xmlns=\"http:\/\/www.w3.org\/2000\/svg\" viewBox=\"0 0 512 512\" class=\"svg-inline--fa fa-chart-bar fa-w-16 fa-2x\"><path fill=\"currentColor\" d=\"M396.8 352h22.4c6.4 0 12.8-6.4 12.8-12.8V108.8c0-6.4-6.4-12.8-12.8-12.8h-22.4c-6.4 0-12.8 6.4-12.8 12.8v230.4c0 6.4 6.4 12.8 12.8 12.8zm-192 0h22.4c6.4 0 12.8-6.4 12.8-12.8V140.8c0-6.4-6.4-12.8-12.8-12.8h-22.4c-6.4 0-12.8 6.4-12.8 12.8v198.4c0 6.4 6.4 12.8 12.8 12.8zm96 0h22.4c6.4 0 12.8-6.4 12.8-12.8V204.8c0-6.4-6.4-12.8-12.8-12.8h-22.4c-6.4 0-12.8 6.4-12.8 12.8v134.4c0 6.4 6.4 12.8 12.8 12.8zM496 400H48V80c0-8.84-7.16-16-16-16H16C7.16 64 0 71.16 0 80v336c0 17.67 14.33 32 32 32h464c8.84 0 16-7.16 16-16v-16c0-8.84-7.16-16-16-16zm-387.2-48h22.4c6.4 0 12.8-6.4 12.8-12.8v-70.4c0-6.4-6.4-12.8-12.8-12.8h-22.4c-6.4 0-12.8 6.4-12.8 12.8v70.4c0 6.4 6.4 12.8 12.8 12.8z\" class=\"\"><\/path><\/svg><\/i> <img loading=\"lazy\" decoding=\"async\" width=\"16\" height=\"16\" alt=\"Loading\" src=\"https:\/\/temucotelevision.cl\/web\/wp-content\/plugins\/page-views-count\/ajax-loader-2x.gif\" border=0 \/><\/p>\n<div class=\"pvc_clear\"><\/div>\n<p>INCHE (palabra del mapudung\u00fcn que significa YO SOY), es una banda de Temuco, regi\u00f3n de la Araucan\u00eda, formada en julio<\/p>\n","protected":false},"author":1,"featured_media":13125,"comment_status":"open","ping_status":"open","sticky":false,"template":"","format":"standard","meta":{"colormag_page_container_layout":"default_layout","colormag_page_sidebar_layout":"default_layout","footnotes":""},"categories":[369],"tags":[635,2858],"class_list":["post-13124","post","type-post","status-publish","format-standard","has-post-thumbnail","hentry","category-musica","tag-banda","tag-podcast"],"a3_pvc":{"activated":true,"total_views":61,"today_views":0},"_links":{"self":[{"href":"https:\/\/temucotelevision.cl\/web\/wp-json\/wp\/v2\/posts\/13124","targetHints":{"allow":["GET"]}}],"collection":[{"href":"https:\/\/temucotelevision.cl\/web\/wp-json\/wp\/v2\/posts"}],"about":[{"href":"https:\/\/temucotelevision.cl\/web\/wp-json\/wp\/v2\/types\/post"}],"author":[{"embeddable":true,"href":"https:\/\/temucotelevision.cl\/web\/wp-json\/wp\/v2\/users\/1"}],"replies":[{"embeddable":true,"href":"https:\/\/temucotelevision.cl\/web\/wp-json\/wp\/v2\/comments?post=13124"}],"version-history":[{"count":1,"href":"https:\/\/temucotelevision.cl\/web\/wp-json\/wp\/v2\/posts\/13124\/revisions"}],"predecessor-version":[{"id":13126,"href":"https:\/\/temucotelevision.cl\/web\/wp-json\/wp\/v2\/posts\/13124\/revisions\/13126"}],"wp:featuredmedia":[{"embeddable":true,"href":"https:\/\/temucotelevision.cl\/web\/wp-json\/wp\/v2\/media\/13125"}],"wp:attachment":[{"href":"https:\/\/temucotelevision.cl\/web\/wp-json\/wp\/v2\/media?parent=13124"}],"wp:term":[{"taxonomy":"category","embeddable":true,"href":"https:\/\/temucotelevision.cl\/web\/wp-json\/wp\/v2\/categories?post=13124"},{"taxonomy":"post_tag","embeddable":true,"href":"https:\/\/temucotelevision.cl\/web\/wp-json\/wp\/v2\/tags?post=13124"}],"curies":[{"name":"wp","href":"https:\/\/api.w.org\/{rel}","templated":true}]}}