{"id":13121,"date":"2020-08-06T18:53:35","date_gmt":"2020-08-06T21:53:35","guid":{"rendered":"https:\/\/temucotelevision.cl\/web\/?p=13121"},"modified":"2020-08-06T18:53:37","modified_gmt":"2020-08-06T21:53:37","slug":"camara-de-diputados-aprueba-comision-investigadora-por-hechos-de-violencia-ocurridos-en-la-araucania","status":"publish","type":"post","link":"https:\/\/temucotelevision.cl\/web\/2020\/08\/06\/camara-de-diputados-aprueba-comision-investigadora-por-hechos-de-violencia-ocurridos-en-la-araucania\/","title":{"rendered":"C\u00e1mara de Diputados aprueba comisi\u00f3n investigadora por hechos de violencia ocurridos en La Araucan\u00eda"},"content":{"rendered":"<div class=\"pvc_clear\"><\/div><p id=\"pvc_stats_13121\" class=\"pvc_stats total_only  \" data-element-id=\"13121\" style=\"\"><i class=\"pvc-stats-icon large\" aria-hidden=\"true\"><svg aria-hidden=\"true\" focusable=\"false\" data-prefix=\"far\" data-icon=\"chart-bar\" role=\"img\" xmlns=\"http:\/\/www.w3.org\/2000\/svg\" viewBox=\"0 0 512 512\" class=\"svg-inline--fa fa-chart-bar fa-w-16 fa-2x\"><path fill=\"currentColor\" d=\"M396.8 352h22.4c6.4 0 12.8-6.4 12.8-12.8V108.8c0-6.4-6.4-12.8-12.8-12.8h-22.4c-6.4 0-12.8 6.4-12.8 12.8v230.4c0 6.4 6.4 12.8 12.8 12.8zm-192 0h22.4c6.4 0 12.8-6.4 12.8-12.8V140.8c0-6.4-6.4-12.8-12.8-12.8h-22.4c-6.4 0-12.8 6.4-12.8 12.8v198.4c0 6.4 6.4 12.8 12.8 12.8zm96 0h22.4c6.4 0 12.8-6.4 12.8-12.8V204.8c0-6.4-6.4-12.8-12.8-12.8h-22.4c-6.4 0-12.8 6.4-12.8 12.8v134.4c0 6.4 6.4 12.8 12.8 12.8zM496 400H48V80c0-8.84-7.16-16-16-16H16C7.16 64 0 71.16 0 80v336c0 17.67 14.33 32 32 32h464c8.84 0 16-7.16 16-16v-16c0-8.84-7.16-16-16-16zm-387.2-48h22.4c6.4 0 12.8-6.4 12.8-12.8v-70.4c0-6.4-6.4-12.8-12.8-12.8h-22.4c-6.4 0-12.8 6.4-12.8 12.8v70.4c0 6.4 6.4 12.8 12.8 12.8z\" class=\"\"><\/path><\/svg><\/i> <img loading=\"lazy\" decoding=\"async\" width=\"16\" height=\"16\" alt=\"Loading\" src=\"https:\/\/temucotelevision.cl\/web\/wp-content\/plugins\/page-views-count\/ajax-loader-2x.gif\" border=0 \/><\/p><div class=\"pvc_clear\"><\/div>\n<p>Con una amplia mayor\u00eda la C\u00e1mara de Diputadas y Diputados aprob\u00f3 la creaci\u00f3n de una Comisi\u00f3n Especial Investigadora referente a los actos del Gobierno, y los protocolos establecidos por las fuerzas de orden p\u00fablico, en los violentos hechos ocurridos en la Araucan\u00eda el fin de semana, durante el desalojo de los municipios de Ercilla, Traigu\u00e9n, Victoria y Curacaut\u00edn.<\/p>\n\n\n\n<p>Para el diputado por La Araucan\u00eda Ricardo Celis, gestor de esta iniciativa, esto es una buena noticia pues los hechos acontecidos revisten especial gravedad: \u201ces una buena noticia para la regi\u00f3n de la Araucan\u00eda que se haya aprobado esta comisi\u00f3n debido a la gravedad de los hechos, donde mucha gente en una acci\u00f3n de autotutela mal entendida, y con el apoyo de carabineros, seg\u00fan muchas evidencias, procedieron a desalojar algunos municipios provocando da\u00f1os en infraestructura, e incluso incendios\u201d.<\/p>\n\n\n\n<p>Celis, quien adem\u00e1s fue ex intendente de la regi\u00f3n, sostuvo que es necesario investigar las responsabilidades de las autoridades involucradas y el contexto en que se dieron: \u201cAhora bien, hubo muchos hechos que precedieron a estas acciones el d\u00eda s\u00e1bado y domingo, por lo tanto, necesitamos saber las acciones de contexto. Este es uno de los temas m\u00e1s importantes entre el Estado y un pueblo originario, el pueblo mapuche en la Araucan\u00eda. Por lo que necesitamos investigar las responsabilidades de las autoridades regionales, provinciales y nacionales, y la acci\u00f3n de las polic\u00edas, para restablecer y mantener el Estado de derecho\u201d, asegur\u00f3 el diputado Celis.<\/p>\n\n\n\n<p>La Comisi\u00f3n Especial Investigadora, aprobada por 82 votos a favor, deber\u00e1 rendir su informe a la Corporaci\u00f3n en un plazo no superior a 90 d\u00edas, y para el desempe\u00f1o de su mandato podr\u00e1 constituirse en cualquier lugar del territorio nacional.<\/p>\n","protected":false},"excerpt":{"rendered":"<div class=\"pvc_clear\"><\/div>\n<p id=\"pvc_stats_13121\" class=\"pvc_stats total_only  \" data-element-id=\"13121\" style=\"\"><i class=\"pvc-stats-icon large\" aria-hidden=\"true\"><svg aria-hidden=\"true\" focusable=\"false\" data-prefix=\"far\" data-icon=\"chart-bar\" role=\"img\" xmlns=\"http:\/\/www.w3.org\/2000\/svg\" viewBox=\"0 0 512 512\" class=\"svg-inline--fa fa-chart-bar fa-w-16 fa-2x\"><path fill=\"currentColor\" d=\"M396.8 352h22.4c6.4 0 12.8-6.4 12.8-12.8V108.8c0-6.4-6.4-12.8-12.8-12.8h-22.4c-6.4 0-12.8 6.4-12.8 12.8v230.4c0 6.4 6.4 12.8 12.8 12.8zm-192 0h22.4c6.4 0 12.8-6.4 12.8-12.8V140.8c0-6.4-6.4-12.8-12.8-12.8h-22.4c-6.4 0-12.8 6.4-12.8 12.8v198.4c0 6.4 6.4 12.8 12.8 12.8zm96 0h22.4c6.4 0 12.8-6.4 12.8-12.8V204.8c0-6.4-6.4-12.8-12.8-12.8h-22.4c-6.4 0-12.8 6.4-12.8 12.8v134.4c0 6.4 6.4 12.8 12.8 12.8zM496 400H48V80c0-8.84-7.16-16-16-16H16C7.16 64 0 71.16 0 80v336c0 17.67 14.33 32 32 32h464c8.84 0 16-7.16 16-16v-16c0-8.84-7.16-16-16-16zm-387.2-48h22.4c6.4 0 12.8-6.4 12.8-12.8v-70.4c0-6.4-6.4-12.8-12.8-12.8h-22.4c-6.4 0-12.8 6.4-12.8 12.8v70.4c0 6.4 6.4 12.8 12.8 12.8z\" class=\"\"><\/path><\/svg><\/i> <img loading=\"lazy\" decoding=\"async\" width=\"16\" height=\"16\" alt=\"Loading\" src=\"https:\/\/temucotelevision.cl\/web\/wp-content\/plugins\/page-views-count\/ajax-loader-2x.gif\" border=0 \/><\/p>\n<div class=\"pvc_clear\"><\/div>\n<p>Con una amplia mayor\u00eda la C\u00e1mara de Diputadas y Diputados aprob\u00f3 la creaci\u00f3n de una Comisi\u00f3n Especial Investigadora referente a<\/p>\n","protected":false},"author":1,"featured_media":13122,"comment_status":"open","ping_status":"open","sticky":false,"template":"","format":"standard","meta":{"colormag_page_container_layout":"default_layout","colormag_page_sidebar_layout":"default_layout","footnotes":""},"categories":[84],"tags":[1235,1237],"class_list":["post-13121","post","type-post","status-publish","format-standard","has-post-thumbnail","hentry","category-politica","tag-atentados","tag-violencia"],"a3_pvc":{"activated":true,"total_views":14,"today_views":0},"_links":{"self":[{"href":"https:\/\/temucotelevision.cl\/web\/wp-json\/wp\/v2\/posts\/13121","targetHints":{"allow":["GET"]}}],"collection":[{"href":"https:\/\/temucotelevision.cl\/web\/wp-json\/wp\/v2\/posts"}],"about":[{"href":"https:\/\/temucotelevision.cl\/web\/wp-json\/wp\/v2\/types\/post"}],"author":[{"embeddable":true,"href":"https:\/\/temucotelevision.cl\/web\/wp-json\/wp\/v2\/users\/1"}],"replies":[{"embeddable":true,"href":"https:\/\/temucotelevision.cl\/web\/wp-json\/wp\/v2\/comments?post=13121"}],"version-history":[{"count":1,"href":"https:\/\/temucotelevision.cl\/web\/wp-json\/wp\/v2\/posts\/13121\/revisions"}],"predecessor-version":[{"id":13123,"href":"https:\/\/temucotelevision.cl\/web\/wp-json\/wp\/v2\/posts\/13121\/revisions\/13123"}],"wp:featuredmedia":[{"embeddable":true,"href":"https:\/\/temucotelevision.cl\/web\/wp-json\/wp\/v2\/media\/13122"}],"wp:attachment":[{"href":"https:\/\/temucotelevision.cl\/web\/wp-json\/wp\/v2\/media?parent=13121"}],"wp:term":[{"taxonomy":"category","embeddable":true,"href":"https:\/\/temucotelevision.cl\/web\/wp-json\/wp\/v2\/categories?post=13121"},{"taxonomy":"post_tag","embeddable":true,"href":"https:\/\/temucotelevision.cl\/web\/wp-json\/wp\/v2\/tags?post=13121"}],"curies":[{"name":"wp","href":"https:\/\/api.w.org\/{rel}","templated":true}]}}