{"id":13118,"date":"2020-08-06T20:30:22","date_gmt":"2020-08-06T23:30:22","guid":{"rendered":"https:\/\/temucotelevision.cl\/web\/?p=13118"},"modified":"2020-08-06T18:45:44","modified_gmt":"2020-08-06T21:45:44","slug":"municipalidad-de-vilcun-habilita-oficina-para-apoyar-retiro-del-10-de-la-afp%ef%bb%bf","status":"publish","type":"post","link":"https:\/\/temucotelevision.cl\/web\/2020\/08\/06\/municipalidad-de-vilcun-habilita-oficina-para-apoyar-retiro-del-10-de-la-afp%ef%bb%bf\/","title":{"rendered":"Municipalidad de Vilc\u00fan habilita oficina para apoyar retiro del 10% de la AFP\ufeff"},"content":{"rendered":"<div class=\"pvc_clear\"><\/div><p id=\"pvc_stats_13118\" class=\"pvc_stats total_only  \" data-element-id=\"13118\" style=\"\"><i class=\"pvc-stats-icon large\" aria-hidden=\"true\"><svg aria-hidden=\"true\" focusable=\"false\" data-prefix=\"far\" data-icon=\"chart-bar\" role=\"img\" xmlns=\"http:\/\/www.w3.org\/2000\/svg\" viewBox=\"0 0 512 512\" class=\"svg-inline--fa fa-chart-bar fa-w-16 fa-2x\"><path fill=\"currentColor\" d=\"M396.8 352h22.4c6.4 0 12.8-6.4 12.8-12.8V108.8c0-6.4-6.4-12.8-12.8-12.8h-22.4c-6.4 0-12.8 6.4-12.8 12.8v230.4c0 6.4 6.4 12.8 12.8 12.8zm-192 0h22.4c6.4 0 12.8-6.4 12.8-12.8V140.8c0-6.4-6.4-12.8-12.8-12.8h-22.4c-6.4 0-12.8 6.4-12.8 12.8v198.4c0 6.4 6.4 12.8 12.8 12.8zm96 0h22.4c6.4 0 12.8-6.4 12.8-12.8V204.8c0-6.4-6.4-12.8-12.8-12.8h-22.4c-6.4 0-12.8 6.4-12.8 12.8v134.4c0 6.4 6.4 12.8 12.8 12.8zM496 400H48V80c0-8.84-7.16-16-16-16H16C7.16 64 0 71.16 0 80v336c0 17.67 14.33 32 32 32h464c8.84 0 16-7.16 16-16v-16c0-8.84-7.16-16-16-16zm-387.2-48h22.4c6.4 0 12.8-6.4 12.8-12.8v-70.4c0-6.4-6.4-12.8-12.8-12.8h-22.4c-6.4 0-12.8 6.4-12.8 12.8v70.4c0 6.4 6.4 12.8 12.8 12.8z\" class=\"\"><\/path><\/svg><\/i> <img loading=\"lazy\" decoding=\"async\" width=\"16\" height=\"16\" alt=\"Loading\" src=\"https:\/\/temucotelevision.cl\/web\/wp-content\/plugins\/page-views-count\/ajax-loader-2x.gif\" border=0 \/><\/p><div class=\"pvc_clear\"><\/div>\n<p><em>Alcaldesa Susana Aguilera Vega, adem\u00e1s dispuso atenci\u00f3n para orientar respecto a la retenci\u00f3n del 10% de aquellos padres o madres que tengan deudas por concepto de pensi\u00f3n alimenticia.<\/em><\/p>\n\n\n\n<p>Tras la aprobaci\u00f3n del retiro del 10% de los fondos previsionales, la Alcaldesa de Vilc\u00fan, Susana Aguilera Vega, mostr\u00f3 su preocupaci\u00f3n por aquellas personas del sector urbano y rural de la comuna que no poseen conexi\u00f3n a internet o no manejan los sistemas digitales.<\/p>\n\n\n\n<p>Por esta raz\u00f3n, es que la Municipalidad de Vilc\u00fan, tras iniciativa de la primera autoridad comunal, habilit\u00f3 las oficinas de la Corporaci\u00f3n de Asistencia Judicial, ubicada en calle Arturo Prat, a un costado del Banco Estado, atendiendo con personal municipal de lunes a viernes, de 08:30 a 14:00 horas.<\/p>\n\n\n\n<p>Las oficinas dispuestas contar\u00e1n con computadores conectados a internet y profesionales que prestar\u00e1n apoyo y asesor\u00eda en el proceso de solicitud de retiro de fondos del 10 por ciento de la AFP, evitando de esta manera que, los habitantes de la comuna no tengan que trasladarse hasta Temuco a las oficinas de las administradoras de los fondos de pensiones, poniendo en riesgo su salud.<\/p>\n\n\n\n<p>Sobre esta iniciativa, la Alcaldesa Susana Aguilera Vega manifest\u00f3 que,&nbsp;<em>\u201ccon esta acci\u00f3n estamos pensando en la salud de las personas, por lo que significan las aglomeraciones en el transporte p\u00fablico, en evitarles un gasto adicional al trasladarse a las oficinas de las AFP en Temuco, y tambi\u00e9n en ser un apoyo para aquellas personas que no tienen conexi\u00f3n a internet en esta comuna, que no son pocos\u201d.<\/em><\/p>\n\n\n\n<p>Asimismo, la primera autoridad comunal dijo que&nbsp;<em>\u201cnosotros sabemos que muchas personas no hacen los tr\u00e1mites que los benefician porque no tienen el suficiente conocimiento para realizarlos, o simplemente porque no tienen las herramientas necesarias. La vida no puede ser tan injusta para algunas personas, y precisamente en ellos estamos pensando con este tipo de iniciativas. Para eso est\u00e1 este municipio, para apoyar a todos nuestros vecinos y vecinas\u201d.<\/em><\/p>\n\n\n\n<p>Cabe se\u00f1alar que, los funcionarios y funcionarias municipales tambi\u00e9n realizar\u00e1n orientaci\u00f3n respecto a la retenci\u00f3n del 10% de aquellos padres o madres que tengan deudas por concepto de pensi\u00f3n alimenticia.<\/p>\n","protected":false},"excerpt":{"rendered":"<div class=\"pvc_clear\"><\/div>\n<p id=\"pvc_stats_13118\" class=\"pvc_stats total_only  \" data-element-id=\"13118\" style=\"\"><i class=\"pvc-stats-icon large\" aria-hidden=\"true\"><svg aria-hidden=\"true\" focusable=\"false\" data-prefix=\"far\" data-icon=\"chart-bar\" role=\"img\" xmlns=\"http:\/\/www.w3.org\/2000\/svg\" viewBox=\"0 0 512 512\" class=\"svg-inline--fa fa-chart-bar fa-w-16 fa-2x\"><path fill=\"currentColor\" d=\"M396.8 352h22.4c6.4 0 12.8-6.4 12.8-12.8V108.8c0-6.4-6.4-12.8-12.8-12.8h-22.4c-6.4 0-12.8 6.4-12.8 12.8v230.4c0 6.4 6.4 12.8 12.8 12.8zm-192 0h22.4c6.4 0 12.8-6.4 12.8-12.8V140.8c0-6.4-6.4-12.8-12.8-12.8h-22.4c-6.4 0-12.8 6.4-12.8 12.8v198.4c0 6.4 6.4 12.8 12.8 12.8zm96 0h22.4c6.4 0 12.8-6.4 12.8-12.8V204.8c0-6.4-6.4-12.8-12.8-12.8h-22.4c-6.4 0-12.8 6.4-12.8 12.8v134.4c0 6.4 6.4 12.8 12.8 12.8zM496 400H48V80c0-8.84-7.16-16-16-16H16C7.16 64 0 71.16 0 80v336c0 17.67 14.33 32 32 32h464c8.84 0 16-7.16 16-16v-16c0-8.84-7.16-16-16-16zm-387.2-48h22.4c6.4 0 12.8-6.4 12.8-12.8v-70.4c0-6.4-6.4-12.8-12.8-12.8h-22.4c-6.4 0-12.8 6.4-12.8 12.8v70.4c0 6.4 6.4 12.8 12.8 12.8z\" class=\"\"><\/path><\/svg><\/i> <img loading=\"lazy\" decoding=\"async\" width=\"16\" height=\"16\" alt=\"Loading\" src=\"https:\/\/temucotelevision.cl\/web\/wp-content\/plugins\/page-views-count\/ajax-loader-2x.gif\" border=0 \/><\/p>\n<div class=\"pvc_clear\"><\/div>\n<p>Alcaldesa Susana Aguilera Vega, adem\u00e1s dispuso atenci\u00f3n para orientar respecto a la retenci\u00f3n del 10% de aquellos padres o madres<\/p>\n","protected":false},"author":1,"featured_media":13119,"comment_status":"open","ping_status":"open","sticky":false,"template":"","format":"standard","meta":{"colormag_page_container_layout":"default_layout","colormag_page_sidebar_layout":"default_layout","footnotes":""},"categories":[15],"tags":[1733,807],"class_list":["post-13118","post","type-post","status-publish","format-standard","has-post-thumbnail","hentry","category-la-araucania","tag-afp","tag-municipalidad"],"a3_pvc":{"activated":true,"total_views":25,"today_views":0},"_links":{"self":[{"href":"https:\/\/temucotelevision.cl\/web\/wp-json\/wp\/v2\/posts\/13118","targetHints":{"allow":["GET"]}}],"collection":[{"href":"https:\/\/temucotelevision.cl\/web\/wp-json\/wp\/v2\/posts"}],"about":[{"href":"https:\/\/temucotelevision.cl\/web\/wp-json\/wp\/v2\/types\/post"}],"author":[{"embeddable":true,"href":"https:\/\/temucotelevision.cl\/web\/wp-json\/wp\/v2\/users\/1"}],"replies":[{"embeddable":true,"href":"https:\/\/temucotelevision.cl\/web\/wp-json\/wp\/v2\/comments?post=13118"}],"version-history":[{"count":1,"href":"https:\/\/temucotelevision.cl\/web\/wp-json\/wp\/v2\/posts\/13118\/revisions"}],"predecessor-version":[{"id":13120,"href":"https:\/\/temucotelevision.cl\/web\/wp-json\/wp\/v2\/posts\/13118\/revisions\/13120"}],"wp:featuredmedia":[{"embeddable":true,"href":"https:\/\/temucotelevision.cl\/web\/wp-json\/wp\/v2\/media\/13119"}],"wp:attachment":[{"href":"https:\/\/temucotelevision.cl\/web\/wp-json\/wp\/v2\/media?parent=13118"}],"wp:term":[{"taxonomy":"category","embeddable":true,"href":"https:\/\/temucotelevision.cl\/web\/wp-json\/wp\/v2\/categories?post=13118"},{"taxonomy":"post_tag","embeddable":true,"href":"https:\/\/temucotelevision.cl\/web\/wp-json\/wp\/v2\/tags?post=13118"}],"curies":[{"name":"wp","href":"https:\/\/api.w.org\/{rel}","templated":true}]}}