{"id":13112,"date":"2020-08-06T18:25:10","date_gmt":"2020-08-06T21:25:10","guid":{"rendered":"https:\/\/temucotelevision.cl\/web\/?p=13112"},"modified":"2020-08-06T18:25:11","modified_gmt":"2020-08-06T21:25:11","slug":"diputado-rathgeb-valoro-aprobacion-de-proyecto-para-retener-retiro-de-10-a-deudores-de-pension-alimenticia%ef%bb%bf","status":"publish","type":"post","link":"https:\/\/temucotelevision.cl\/web\/2020\/08\/06\/diputado-rathgeb-valoro-aprobacion-de-proyecto-para-retener-retiro-de-10-a-deudores-de-pension-alimenticia%ef%bb%bf\/","title":{"rendered":"Diputado Rathgeb valor\u00f3 aprobaci\u00f3n de proyecto para retener retiro de 10% a deudores de pensi\u00f3n alimenticia\ufeff"},"content":{"rendered":"<div class=\"pvc_clear\"><\/div><p id=\"pvc_stats_13112\" class=\"pvc_stats total_only  \" data-element-id=\"13112\" style=\"\"><i class=\"pvc-stats-icon large\" aria-hidden=\"true\"><svg aria-hidden=\"true\" focusable=\"false\" data-prefix=\"far\" data-icon=\"chart-bar\" role=\"img\" xmlns=\"http:\/\/www.w3.org\/2000\/svg\" viewBox=\"0 0 512 512\" class=\"svg-inline--fa fa-chart-bar fa-w-16 fa-2x\"><path fill=\"currentColor\" d=\"M396.8 352h22.4c6.4 0 12.8-6.4 12.8-12.8V108.8c0-6.4-6.4-12.8-12.8-12.8h-22.4c-6.4 0-12.8 6.4-12.8 12.8v230.4c0 6.4 6.4 12.8 12.8 12.8zm-192 0h22.4c6.4 0 12.8-6.4 12.8-12.8V140.8c0-6.4-6.4-12.8-12.8-12.8h-22.4c-6.4 0-12.8 6.4-12.8 12.8v198.4c0 6.4 6.4 12.8 12.8 12.8zm96 0h22.4c6.4 0 12.8-6.4 12.8-12.8V204.8c0-6.4-6.4-12.8-12.8-12.8h-22.4c-6.4 0-12.8 6.4-12.8 12.8v134.4c0 6.4 6.4 12.8 12.8 12.8zM496 400H48V80c0-8.84-7.16-16-16-16H16C7.16 64 0 71.16 0 80v336c0 17.67 14.33 32 32 32h464c8.84 0 16-7.16 16-16v-16c0-8.84-7.16-16-16-16zm-387.2-48h22.4c6.4 0 12.8-6.4 12.8-12.8v-70.4c0-6.4-6.4-12.8-12.8-12.8h-22.4c-6.4 0-12.8 6.4-12.8 12.8v70.4c0 6.4 6.4 12.8 12.8 12.8z\" class=\"\"><\/path><\/svg><\/i> <img loading=\"lazy\" decoding=\"async\" width=\"16\" height=\"16\" alt=\"Loading\" src=\"https:\/\/temucotelevision.cl\/web\/wp-content\/plugins\/page-views-count\/ajax-loader-2x.gif\" border=0 \/><\/p><div class=\"pvc_clear\"><\/div>\n<p><strong>Parlamentario se\u00f1al\u00f3 que esta iniciativa del Gobierno del Presidente Sebasti\u00e1n Pi\u00f1era, es un acto de justicia para aquellas madres, que han debido correr de manera solitaria con los gastos de sus hijos.<\/strong><\/p>\n\n\n\n<p>Por unanimidad la C\u00e1mara de Diputados, aprob\u00f3 el proyecto que permite a los Tribunales de Familia retener parte o todo el monto que un afiliado deudor de pensi\u00f3n alimenticia haya solicitado retirar de sus fondos de pensiones, lo anterior bajo la normativa que permite a las personas sacar el 10% de los ahorros previsionales, por una sola vez.<\/p>\n\n\n\n<p>El parlamentario de Renovaci\u00f3n Nacional por La Araucan\u00eda, Jorge Rathgeb Schifferli, valor\u00f3 que se haya dado luz verde al articulado de manera un\u00e1nime por los congresistas, considerando que esto traer\u00e1 una cuota de justicia para aquellas madres, que han corrido de manera solitaria con los gastos y as\u00ed han enfrentado solas la crianza y educaci\u00f3n de sus hijos por incumplimiento de los padres.<\/p>\n\n\n\n<p>El articulado presenta algunas modificaciones respecto al primer proyecto presentado y en detalle establece que, apenas presentada la solicitud de parte del demandante, el juez deber\u00e1 resolver en el m\u00e1s breve plazo, y notificar a las AFP en un m\u00e1ximo 48 horas, ordenando resguardar los fondos, acto seguido, las administradoras ser\u00e1n las encargadas de comunicar a su afiliado que los dineros se encuentran retenidos.<\/p>\n\n\n\n<p>Lo anterior significa un tr\u00e1mite m\u00e1s expedito, porque esta disposici\u00f3n alivianar\u00e1 los tiempos que manejan los Tribunales de Familia para entregar notificaciones a los deudores de pensiones alimenticias, considerando que en muchos casos resulta complejo ubicarlos, agradeciendo el parlamentario al Gobierno del Presidente Pi\u00f1era por haber impulsado esta idea.&nbsp;<\/p>\n\n\n\n<p>\u201cValoramos que de manera transversal y por todas las bancadas se haya aprobado este proyecto, que es de iniciativa del Presidente de la Rep\u00fablica, porque se trata de un tema que va directamente ligado al cuidado y resguardo de ni\u00f1os, ni\u00f1as y adolescentes de nuestro pa\u00eds, lo que se traduce tambi\u00e9n en dar tranquilidad a las madres que muchas veces tienen llevan solas el gasto de una vivienda&#8221;, indic\u00f3 el diputado Rathgeb.<\/p>\n\n\n\n<p>El proyecto pasar\u00e1 ahora al Senado, donde el parlamentario por La Araucan\u00eda espera que se reafirme la luz verde y pueda a la brevedad quedar vigente como ley.<\/p>\n","protected":false},"excerpt":{"rendered":"<div class=\"pvc_clear\"><\/div>\n<p id=\"pvc_stats_13112\" class=\"pvc_stats total_only  \" data-element-id=\"13112\" style=\"\"><i class=\"pvc-stats-icon large\" aria-hidden=\"true\"><svg aria-hidden=\"true\" focusable=\"false\" data-prefix=\"far\" data-icon=\"chart-bar\" role=\"img\" xmlns=\"http:\/\/www.w3.org\/2000\/svg\" viewBox=\"0 0 512 512\" class=\"svg-inline--fa fa-chart-bar fa-w-16 fa-2x\"><path fill=\"currentColor\" d=\"M396.8 352h22.4c6.4 0 12.8-6.4 12.8-12.8V108.8c0-6.4-6.4-12.8-12.8-12.8h-22.4c-6.4 0-12.8 6.4-12.8 12.8v230.4c0 6.4 6.4 12.8 12.8 12.8zm-192 0h22.4c6.4 0 12.8-6.4 12.8-12.8V140.8c0-6.4-6.4-12.8-12.8-12.8h-22.4c-6.4 0-12.8 6.4-12.8 12.8v198.4c0 6.4 6.4 12.8 12.8 12.8zm96 0h22.4c6.4 0 12.8-6.4 12.8-12.8V204.8c0-6.4-6.4-12.8-12.8-12.8h-22.4c-6.4 0-12.8 6.4-12.8 12.8v134.4c0 6.4 6.4 12.8 12.8 12.8zM496 400H48V80c0-8.84-7.16-16-16-16H16C7.16 64 0 71.16 0 80v336c0 17.67 14.33 32 32 32h464c8.84 0 16-7.16 16-16v-16c0-8.84-7.16-16-16-16zm-387.2-48h22.4c6.4 0 12.8-6.4 12.8-12.8v-70.4c0-6.4-6.4-12.8-12.8-12.8h-22.4c-6.4 0-12.8 6.4-12.8 12.8v70.4c0 6.4 6.4 12.8 12.8 12.8z\" class=\"\"><\/path><\/svg><\/i> <img loading=\"lazy\" decoding=\"async\" width=\"16\" height=\"16\" alt=\"Loading\" src=\"https:\/\/temucotelevision.cl\/web\/wp-content\/plugins\/page-views-count\/ajax-loader-2x.gif\" border=0 \/><\/p>\n<div class=\"pvc_clear\"><\/div>\n<p>Parlamentario se\u00f1al\u00f3 que esta iniciativa del Gobierno del Presidente Sebasti\u00e1n Pi\u00f1era, es un acto de justicia para aquellas madres, que<\/p>\n","protected":false},"author":1,"featured_media":7849,"comment_status":"open","ping_status":"open","sticky":false,"template":"","format":"standard","meta":{"colormag_page_container_layout":"default_layout","colormag_page_sidebar_layout":"default_layout","footnotes":""},"categories":[84],"tags":[2802],"class_list":["post-13112","post","type-post","status-publish","format-standard","has-post-thumbnail","hentry","category-politica","tag-2802"],"a3_pvc":{"activated":true,"total_views":23,"today_views":0},"_links":{"self":[{"href":"https:\/\/temucotelevision.cl\/web\/wp-json\/wp\/v2\/posts\/13112","targetHints":{"allow":["GET"]}}],"collection":[{"href":"https:\/\/temucotelevision.cl\/web\/wp-json\/wp\/v2\/posts"}],"about":[{"href":"https:\/\/temucotelevision.cl\/web\/wp-json\/wp\/v2\/types\/post"}],"author":[{"embeddable":true,"href":"https:\/\/temucotelevision.cl\/web\/wp-json\/wp\/v2\/users\/1"}],"replies":[{"embeddable":true,"href":"https:\/\/temucotelevision.cl\/web\/wp-json\/wp\/v2\/comments?post=13112"}],"version-history":[{"count":1,"href":"https:\/\/temucotelevision.cl\/web\/wp-json\/wp\/v2\/posts\/13112\/revisions"}],"predecessor-version":[{"id":13113,"href":"https:\/\/temucotelevision.cl\/web\/wp-json\/wp\/v2\/posts\/13112\/revisions\/13113"}],"wp:featuredmedia":[{"embeddable":true,"href":"https:\/\/temucotelevision.cl\/web\/wp-json\/wp\/v2\/media\/7849"}],"wp:attachment":[{"href":"https:\/\/temucotelevision.cl\/web\/wp-json\/wp\/v2\/media?parent=13112"}],"wp:term":[{"taxonomy":"category","embeddable":true,"href":"https:\/\/temucotelevision.cl\/web\/wp-json\/wp\/v2\/categories?post=13112"},{"taxonomy":"post_tag","embeddable":true,"href":"https:\/\/temucotelevision.cl\/web\/wp-json\/wp\/v2\/tags?post=13112"}],"curies":[{"name":"wp","href":"https:\/\/api.w.org\/{rel}","templated":true}]}}